{"id":106171,"date":"2025-10-11T10:17:14","date_gmt":"2025-10-11T10:17:14","guid":{"rendered":"https:\/\/www.europesays.com\/pt\/106171\/"},"modified":"2025-10-11T10:17:14","modified_gmt":"2025-10-11T10:17:14","slug":"benfica-noronha-lopes-entrega-lista-de-candidatura-a-presidencia","status":"publish","type":"post","link":"https:\/\/www.europesays.com\/pt\/106171\/","title":{"rendered":"Benfica: Noronha Lopes entrega lista de candidatura \u00e0 presid\u00eancia"},"content":{"rendered":"<p style=\"margin-bottom:11px\">Jo\u00e3o Noronha Lopes, candidato \u00e0 presid\u00eancia do Benfica pela lista \u00abBenfica Acima de Tudo\u00bb, entregou esta sexta-feira a lista oficial dos \u00f3rg\u00e3os sociais. O candidato apresentou nomes de peso como Nuno Gomes (vice-presidente do Futebol) ou Ant\u00f3nio Bag\u00e3o F\u00e9lix (presidente do Conselho Fiscal).<\/p>\n<p>Recorde-se que Jo\u00e3o Noronha Lopes \u00e9 um dos seis candidatos \u00e0s elei\u00e7\u00f5es do Benfica, juntamente com o atual presidente Rui Costa, al\u00e9m de Jo\u00e3o Diogo Manteigas, Crist\u00f3v\u00e3o Carvalho, Martim Mayer e Lu\u00eds Filipe Vieira.<\/p>\n<p><strong>Confira a lista completa.<\/strong><\/p>\n<p> DIRE\u00c7\u00c3O <\/p>\n<p>Jo\u00e3o Noronha Lopes, presidente.<\/p>\n<p>Jos\u00e9 Theot\u00f3nio, vice-presidente para a \u00e1rea financeira.<\/p>\n<p>Nuno Gomes, vice-presidente para o futebol.<\/p>\n<p>Raquel Vaz Pinto, vice-presidente para o associativismo.<\/p>\n<p>Lu\u00eds Pedro Duarte, vice-presidente para a estrat\u00e9gia.<\/p>\n<p>Felipe Gomes, vice-presidente para as modalidades.<\/p>\n<p>Jo\u00e3o C\u00edlia, vice-presidente para o marketing.<\/p>\n<p>Manuel Mota, vice-presidente para o patrim\u00f3nio.<\/p>\n<p>Manuel Santos V\u00edtor, vice-presidente jur\u00eddico.<\/p>\n<p> MESA DA ASSEMBLEIA GERAL <\/p>\n<p>Gon\u00e7alo Almeida Ribeiro, presidente.<\/p>\n<p>Jo\u00e3o Marecos, vice-presidente.<\/p>\n<p>Cristina Santos Silva, secret\u00e1ria.<\/p>\n<p>Lu\u00eds Sousa Macedo, secret\u00e1rio.<\/p>\n<p>Jo\u00e3o Farela Neves, secret\u00e1rio.<\/p>\n<p> CONSELHO FISCAL <\/p>\n<p>Ant\u00f3nio Bag\u00e3o F\u00e9lix, presidente.<\/p>\n<p>Jos\u00e9 Nogueira de Brito, vice-presidente.<\/p>\n<p>Aul\u00e1cio Costa Almeida, vogal.<\/p>\n<p>M\u00e1rio Vaz, vogal.<\/p>\n<p>Sofia Martins, vogal.<\/p>\n<p> COMISS\u00c3O DE REMUNERA\u00c7\u00d5ES <\/p>\n<p>Jo\u00e3o Moreira Rato, presidente.<\/p>\n<p>Pedro Penalva, vice-presidente.<\/p>\n<p>Carlos Perdig\u00e3o, vogal.<\/p>\n<p>Susana Farinhas, vogal.<\/p>\n<p>Tiago Almeida, secret\u00e1rio.<\/p>\n","protected":false},"excerpt":{"rendered":"Jo\u00e3o Noronha Lopes, candidato \u00e0 presid\u00eancia do Benfica pela lista \u00abBenfica Acima de Tudo\u00bb, entregou esta sexta-feira a&hellip;\n","protected":false},"author":2,"featured_media":106172,"comment_status":"","ping_status":"","sticky":false,"template":"","format":"standard","meta":{"footnotes":""},"categories":[87],"tags":[51,135,2258,11568,36,46,32,33,47,134],"class_list":{"0":"post-106171","1":"post","2":"type-post","3":"status-publish","4":"format-standard","5":"has-post-thumbnail","7":"category-desporto","8":"tag-benfica","9":"tag-desporto","10":"tag-eleicoes","11":"tag-eleicoes-benfica","12":"tag-liga","13":"tag-maisfutebol","14":"tag-portugal","15":"tag-pt","16":"tag-pura-paixao","17":"tag-sports"},"share_on_mastodon":{"url":"","error":""},"_links":{"self":[{"href":"https:\/\/www.europesays.com\/pt\/wp-json\/wp\/v2\/posts\/106171","targetHints":{"allow":["GET"]}}],"collection":[{"href":"https:\/\/www.europesays.com\/pt\/wp-json\/wp\/v2\/posts"}],"about":[{"href":"https:\/\/www.europesays.com\/pt\/wp-json\/wp\/v2\/types\/post"}],"author":[{"embeddable":true,"href":"https:\/\/www.europesays.com\/pt\/wp-json\/wp\/v2\/users\/2"}],"replies":[{"embeddable":true,"href":"https:\/\/www.europesays.com\/pt\/wp-json\/wp\/v2\/comments?post=106171"}],"version-history":[{"count":0,"href":"https:\/\/www.europesays.com\/pt\/wp-json\/wp\/v2\/posts\/106171\/revisions"}],"wp:featuredmedia":[{"embeddable":true,"href":"https:\/\/www.europesays.com\/pt\/wp-json\/wp\/v2\/media\/106172"}],"wp:attachment":[{"href":"https:\/\/www.europesays.com\/pt\/wp-json\/wp\/v2\/media?parent=106171"}],"wp:term":[{"taxonomy":"category","embeddable":true,"href":"https:\/\/www.europesays.com\/pt\/wp-json\/wp\/v2\/categories?post=106171"},{"taxonomy":"post_tag","embeddable":true,"href":"https:\/\/www.europesays.com\/pt\/wp-json\/wp\/v2\/tags?post=106171"}],"curies":[{"name":"wp","href":"https:\/\/api.w.org\/{rel}","templated":true}]}}