{"id":106180,"date":"2025-10-11T10:23:44","date_gmt":"2025-10-11T10:23:44","guid":{"rendered":"https:\/\/www.europesays.com\/pt\/106180\/"},"modified":"2025-10-11T10:23:44","modified_gmt":"2025-10-11T10:23:44","slug":"uma-mulher-a-presidencia-pode-ser","status":"publish","type":"post","link":"https:\/\/www.europesays.com\/pt\/106180\/","title":{"rendered":"&#8220;Uma mulher \u00e0 presid\u00eancia! Pode ser?"},"content":{"rendered":"<p>Muitas vezes acusada por Carlos Moedas de se aliar \u00e0 &#8220;extrema-esquerda mais radical&#8221;, a cabe\u00e7a de lista da Viver Lisboa contou com todos os l\u00edderes dos partidos que a apoiam na arruada, que desceu do Largo do Chiado at\u00e9 \u00e0 entrada do Rossio. Com o secret\u00e1rio-geral do PS, Jos\u00e9 Lu\u00eds Carneiro, e o presidente do partido, Carlos C\u00e9sar, notoriamente na fila da frente, mas com os co-porta-vozes do Livre, Rui Tavares e Isabel Mendes Lopes, e a cong\u00e9nere do PAN, In\u00eas de Sousa Real, quase sempre mais pr\u00f3ximos de si do que a coordenadora do Bloco de Esquerda, Mariana Mort\u00e1gua.<\/p>\n<p><strong>A possibilidade de a presen\u00e7a do Bloco de Esquerda na coliga\u00e7\u00e3o poder prejudicar as hip\u00f3teses de vit\u00f3ria em Lisboa acabou por ser abordada implicitamente pela cabe\u00e7a de lista da Viver Lisboa.<\/strong> &#8220;Precisamos dos votos de todos&#8221;, disse a quem a foi ali apoiar, mas sobretudo a quem assistia atrav\u00e9s dos meios de comunica\u00e7\u00e3o social, dirigindo-se aos &#8220;que pensam que \u00e9 melhor ficar em casa porque n\u00e3o gostam deste ou daquele&#8221;.<\/p>\n<p>Muito aplaudida por cerca de dois mil apoiantes, Alexandra Leit\u00e3o terminaria o seu curto discurso, que foi o \u00fanico no encerramento, por iniciativa dos l\u00edderes partid\u00e1rios, em registo feminista. &#8220;Mulheres de Lisboa, uma mulher na presid\u00eancia! Pode ser?&#8221;, perguntou, <strong>recebendo sonoros sinais de que os presentes encaravam com bons olhos a substitui\u00e7\u00e3o de Moedas por algu\u00e9m que promete cuidar da cidade &#8220;como se cuida de uma casa ou como se cuida de uma fam\u00edlia&#8221;.<\/strong><\/p>\n<p>No in\u00edcio da arruada, ao som de m\u00fasica digna dos filmes de Emir Kusturica e de palavras de ordem como &#8220;Lisboa vai votar, e a Alexandra vai ganhar&#8221;, <strong>a candidata garantiu sentir &#8220;uma grande confian\u00e7a&#8221; quanto \u00e0s perspetivas de vit\u00f3ria. Algo que significaria o retomar do ciclo de governa\u00e7\u00e3o socialista da capital, por parte de Ant\u00f3nio Costa e de Fernando Medina, quebrado surpreendentemente em 2021,<\/strong> com a vit\u00f3ria do ex-comiss\u00e1rio europeu Carlos Moedas, cuja coliga\u00e7\u00e3o Novos Tempos juntou PSD, CDS, PPM, MPT e Alian\u00e7a.  <\/p>\n<p>Na a\u00e7\u00e3o de campanha participaram ainda o socialista Andr\u00e9 Caldas, cabe\u00e7a de lista da Viver Lisboa \u00e0 Assembleia Municipal de Lisboa; o l\u00edder parlamentar do PS, Eurico Brilhante Dias, o antigo ministro dos Neg\u00f3cios Estrangeiros, Jo\u00e3o Gomes Cravinho; a antiga presidente da Assembleia Municipal de Lisboa, Helena Roseta; e o fundador do Bloco de Esquerda, Francisco Lou\u00e7\u00e3. <\/p>\n","protected":false},"excerpt":{"rendered":"Muitas vezes acusada por Carlos Moedas de se aliar \u00e0 &#8220;extrema-esquerda mais radical&#8221;, a cabe\u00e7a de lista da&hellip;\n","protected":false},"author":2,"featured_media":106181,"comment_status":"","ping_status":"","sticky":false,"template":"","format":"standard","meta":{"footnotes":""},"categories":[10],"tags":[451,2431,25473,27,28,6827,3766,15,16,14,22952,25472,2433,25,26,21,22,1737,12,13,19,20,32,23,24,33,18820,17,18,29,30,31],"class_list":{"0":"post-106180","1":"post","2":"type-post","3":"status-publish","4":"format-standard","5":"has-post-thumbnail","7":"category-portugal","8":"tag-alexandra-leitao","9":"tag-autarquicas-2025","10":"tag-baixa-chiado","11":"tag-breaking-news","12":"tag-breakingnews","13":"tag-camara-de-lisboa","14":"tag-carlos-moedas","15":"tag-featured-news","16":"tag-featurednews","17":"tag-headlines","18":"tag-ines-de-sousa-real","19":"tag-isabel-mendes-lopes","20":"tag-jose-luis-carneiro","21":"tag-latest-news","22":"tag-latestnews","23":"tag-main-news","24":"tag-mainnews","25":"tag-mariana-mortagua","26":"tag-news","27":"tag-noticias","28":"tag-noticias-principais","29":"tag-noticiasprincipais","30":"tag-portugal","31":"tag-principais-noticias","32":"tag-principaisnoticias","33":"tag-pt","34":"tag-rui-tavares","35":"tag-top-stories","36":"tag-topstories","37":"tag-ultimas","38":"tag-ultimas-noticias","39":"tag-ultimasnoticias"},"share_on_mastodon":{"url":"","error":""},"_links":{"self":[{"href":"https:\/\/www.europesays.com\/pt\/wp-json\/wp\/v2\/posts\/106180","targetHints":{"allow":["GET"]}}],"collection":[{"href":"https:\/\/www.europesays.com\/pt\/wp-json\/wp\/v2\/posts"}],"about":[{"href":"https:\/\/www.europesays.com\/pt\/wp-json\/wp\/v2\/types\/post"}],"author":[{"embeddable":true,"href":"https:\/\/www.europesays.com\/pt\/wp-json\/wp\/v2\/users\/2"}],"replies":[{"embeddable":true,"href":"https:\/\/www.europesays.com\/pt\/wp-json\/wp\/v2\/comments?post=106180"}],"version-history":[{"count":0,"href":"https:\/\/www.europesays.com\/pt\/wp-json\/wp\/v2\/posts\/106180\/revisions"}],"wp:featuredmedia":[{"embeddable":true,"href":"https:\/\/www.europesays.com\/pt\/wp-json\/wp\/v2\/media\/106181"}],"wp:attachment":[{"href":"https:\/\/www.europesays.com\/pt\/wp-json\/wp\/v2\/media?parent=106180"}],"wp:term":[{"taxonomy":"category","embeddable":true,"href":"https:\/\/www.europesays.com\/pt\/wp-json\/wp\/v2\/categories?post=106180"},{"taxonomy":"post_tag","embeddable":true,"href":"https:\/\/www.europesays.com\/pt\/wp-json\/wp\/v2\/tags?post=106180"}],"curies":[{"name":"wp","href":"https:\/\/api.w.org\/{rel}","templated":true}]}}