{"id":106184,"date":"2025-10-11T10:28:07","date_gmt":"2025-10-11T10:28:07","guid":{"rendered":"https:\/\/www.europesays.com\/pt\/106184\/"},"modified":"2025-10-11T10:28:07","modified_gmt":"2025-10-11T10:28:07","slug":"em-campo-de-ourique-uma-loja-abandonada-transformou-se-na-casa-do-arquitecto-arquitectura","status":"publish","type":"post","link":"https:\/\/www.europesays.com\/pt\/106184\/","title":{"rendered":"Em Campo de Ourique, uma loja abandonada transformou-se na casa do arquitecto | Arquitectura"},"content":{"rendered":"<p>Um logradouro promissor num <a href=\"https:\/\/www.publico.pt\/2021\/07\/26\/p3\/fotogaleria\/de-um-res-do-chao-abandonado-fez-se-um-res-do-chao-habitado-e-assim-se-muda-o-porto-406447\" rel=\"nofollow noopener\" target=\"_blank\">r\u00e9s-do-ch\u00e3o<\/a> com pouca luz foi o pontap\u00e9 de arranque deste projecto. Jos\u00e9 Guimar\u00e3es, arquitecto do <a href=\"https:\/\/www.jose-studio.com\/home\" rel=\"nofollow noopener\" target=\"_blank\">Jos\u00e9 Studio<\/a>, viu neste espa\u00e7o, que estava abandonado depois de ser usado pela Junta de Freguesia de <a href=\"https:\/\/www.publico.pt\/campo-ourique\" rel=\"nofollow noopener\" target=\"_blank\">Campo de Ourique<\/a>, um espa\u00e7o para viver.<\/p>\n<p>\u201cO grande desafio foi, de facto, conseguir tornar este espa\u00e7o privado, sem o fechar totalmente ao bairro\u201d, conta o arquitecto. Para isso, Jos\u00e9 usou o logradouro como espa\u00e7o que d\u00e1 luz ao resto da casa, especialmente por ser orientado para o lado social do apartamento. \u201cTem uma <a href=\"https:\/\/www.publico.pt\/2021\/07\/30\/culturaipsilon\/noticia\/casa-arquitectura-duas-exposicoes-paulo-mendes-rocha-2023-1972215\" rel=\"nofollow noopener\" target=\"_blank\">inspira\u00e7\u00e3o paulista<\/a>, urbana e tropical \u2013 um tropical muito expressivo, com o verde das plantas a \u2018comer\u2019 aquele espa\u00e7o\u201d, descreve.<\/p>\n<p>O arquitecto diz que desde logo lhe \u201capeteceu abrir a casa, ter rela\u00e7\u00e3o com a rua\u201d. A sensa\u00e7\u00e3o \u00e9 de \u201cabrir a porta e parecer que se est\u00e1 numa aldeia\u201d, confessa. J\u00e1 \u00e9 h\u00e1bito ler um livro e tomar um caf\u00e9 na parte que d\u00e1 para a rua. Essa \u00e9 parte da \u201cmagia\u201d desta casa. \u201cN\u00e3o queria perder esse potencial de liga\u00e7\u00e3o com a rua, realmente \u00e9 um<a href=\"http:\/\/publico.pt\/2024\/11\/01\/local\/entrevista\/lisboa-66-bairros-municipais-so-cinco-dao-problemas-vivese-bem-2109990?ref=bairros&amp;cx=page__content\" rel=\"nofollow noopener\" target=\"_blank\"> bairro<\/a> muito simp\u00e1tico e queria aproveitar isso\u201d, acrescenta Jos\u00e9.<\/p>\n<p>Se o interior \u00e9 paulista, o exterior \u00e9 completamente distinto. \u00c9 marcado por uma grade vermelha que foi adicionada \u00e0 fachada existente. Atr\u00e1s dela h\u00e1 uma parede de tijolos de vidro, que \u00e9 o que permite privacidade sem deixar de ter luz natural. O resultado foi um &#8220;lugar cosy&#8221;\u00a0(aconchegante), como se v\u00ea nas fotografias de <a href=\"https:\/\/francisconogueira.com\/\" rel=\"nofollow noopener\" target=\"_blank\">Francisco Nogueira<\/a>.<\/p>\n<p>Paredes quase todas brancas, mas muita cor \u2013 no ch\u00e3o, nos livros, nos quadros, nos p\u00f3steres e, claro, nas plantas que d\u00e3o tanta vida \u00e0 casa. \u201c\u00c9 o equil\u00edbrio que procurava\u201d, diz Jos\u00e9. Agora, esta loja abandonada \u00e9 o pano de fundo do quotidiano do arquitecto.<\/p>\n<p>Texto editado por Renata Monteiro<\/p>\n","protected":false},"excerpt":{"rendered":"Um logradouro promissor num r\u00e9s-do-ch\u00e3o com pouca luz foi o pontap\u00e9 de arranque deste projecto. Jos\u00e9 Guimar\u00e3es, arquitecto&hellip;\n","protected":false},"author":2,"featured_media":106185,"comment_status":"","ping_status":"","sticky":false,"template":"","format":"standard","meta":{"footnotes":""},"categories":[144],"tags":[207,205,206,203,201,202,204,114,115,32,33],"class_list":{"0":"post-106184","1":"post","2":"type-post","3":"status-publish","4":"format-standard","5":"has-post-thumbnail","7":"category-arte-e-design","8":"tag-arte","9":"tag-arte-e-design","10":"tag-artedesign","11":"tag-arts","12":"tag-arts-and-design","13":"tag-artsanddesign","14":"tag-design","15":"tag-entertainment","16":"tag-entretenimento","17":"tag-portugal","18":"tag-pt"},"share_on_mastodon":{"url":"","error":""},"_links":{"self":[{"href":"https:\/\/www.europesays.com\/pt\/wp-json\/wp\/v2\/posts\/106184","targetHints":{"allow":["GET"]}}],"collection":[{"href":"https:\/\/www.europesays.com\/pt\/wp-json\/wp\/v2\/posts"}],"about":[{"href":"https:\/\/www.europesays.com\/pt\/wp-json\/wp\/v2\/types\/post"}],"author":[{"embeddable":true,"href":"https:\/\/www.europesays.com\/pt\/wp-json\/wp\/v2\/users\/2"}],"replies":[{"embeddable":true,"href":"https:\/\/www.europesays.com\/pt\/wp-json\/wp\/v2\/comments?post=106184"}],"version-history":[{"count":0,"href":"https:\/\/www.europesays.com\/pt\/wp-json\/wp\/v2\/posts\/106184\/revisions"}],"wp:featuredmedia":[{"embeddable":true,"href":"https:\/\/www.europesays.com\/pt\/wp-json\/wp\/v2\/media\/106185"}],"wp:attachment":[{"href":"https:\/\/www.europesays.com\/pt\/wp-json\/wp\/v2\/media?parent=106184"}],"wp:term":[{"taxonomy":"category","embeddable":true,"href":"https:\/\/www.europesays.com\/pt\/wp-json\/wp\/v2\/categories?post=106184"},{"taxonomy":"post_tag","embeddable":true,"href":"https:\/\/www.europesays.com\/pt\/wp-json\/wp\/v2\/tags?post=106184"}],"curies":[{"name":"wp","href":"https:\/\/api.w.org\/{rel}","templated":true}]}}