{"id":106193,"date":"2025-10-11T10:40:18","date_gmt":"2025-10-11T10:40:18","guid":{"rendered":"https:\/\/www.europesays.com\/pt\/106193\/"},"modified":"2025-10-11T10:40:18","modified_gmt":"2025-10-11T10:40:18","slug":"candidata-independente-atropelada-em-pombal","status":"publish","type":"post","link":"https:\/\/www.europesays.com\/pt\/106193\/","title":{"rendered":"Candidata Independente Atropelada em Pombal"},"content":{"rendered":"<p>Uma das candidatas que integra a lista do movimento Pombal Independentes \u00e0 Junta de Freguesia de Pombal, C\u00e1tia Sousa, foi atropelada esta sexta-feira (10 de outubro) de manh\u00e3 Largo de S\u00e3o Pedro, em Almagreira, concelho de Pombal, tendo sofrido ferimentos graves.<\/p>\n<p>A informa\u00e7\u00e3o foi divulgada atrav\u00e9s das redes sociais do movimento independente. <strong>&#8220;Infelizmente, por volta do meio dia a nossa amiga C\u00e1tia Sousa foi atropelada por um ve\u00edculo pesado em Almagreira enquanto est\u00e1vamos em campanha e ficou com ferimentos com alguma gravidade.  Felizmente o socorro foi imediato e est\u00e1 j\u00e1 a dar entrada no Hospital de Leiria.  Neste momento o mais importante \u00e9 que a C\u00e1tia recupere o mais rapidamente poss\u00edvel.  Como devem entender, as nossas atividades de campanha est\u00e3o suspensas. Estamos todos com a C\u00e1tia nesta hora dif\u00edcil e acreditamos que vai ficar bem! Pe\u00e7o que as vossas preces ajudem a nossa amiga neste momento&#8221;<\/strong>, pode ler-se.<\/p>\n","protected":false},"excerpt":{"rendered":"Uma das candidatas que integra a lista do movimento Pombal Independentes \u00e0 Junta de Freguesia de Pombal, C\u00e1tia&hellip;\n","protected":false},"author":2,"featured_media":106194,"comment_status":"","ping_status":"","sticky":false,"template":"","format":"standard","meta":{"footnotes":""},"categories":[10],"tags":[15187,2431,27,28,15,16,14,25,26,21,22,12,13,19,20,21712,32,23,24,33,17,18,29,30,31],"class_list":{"0":"post-106193","1":"post","2":"type-post","3":"status-publish","4":"format-standard","5":"has-post-thumbnail","7":"category-portugal","8":"tag-autarquicas","9":"tag-autarquicas-2025","10":"tag-breaking-news","11":"tag-breakingnews","12":"tag-featured-news","13":"tag-featurednews","14":"tag-headlines","15":"tag-latest-news","16":"tag-latestnews","17":"tag-main-news","18":"tag-mainnews","19":"tag-news","20":"tag-noticias","21":"tag-noticias-principais","22":"tag-noticiasprincipais","23":"tag-pombal","24":"tag-portugal","25":"tag-principais-noticias","26":"tag-principaisnoticias","27":"tag-pt","28":"tag-top-stories","29":"tag-topstories","30":"tag-ultimas","31":"tag-ultimas-noticias","32":"tag-ultimasnoticias"},"share_on_mastodon":{"url":"","error":""},"_links":{"self":[{"href":"https:\/\/www.europesays.com\/pt\/wp-json\/wp\/v2\/posts\/106193","targetHints":{"allow":["GET"]}}],"collection":[{"href":"https:\/\/www.europesays.com\/pt\/wp-json\/wp\/v2\/posts"}],"about":[{"href":"https:\/\/www.europesays.com\/pt\/wp-json\/wp\/v2\/types\/post"}],"author":[{"embeddable":true,"href":"https:\/\/www.europesays.com\/pt\/wp-json\/wp\/v2\/users\/2"}],"replies":[{"embeddable":true,"href":"https:\/\/www.europesays.com\/pt\/wp-json\/wp\/v2\/comments?post=106193"}],"version-history":[{"count":0,"href":"https:\/\/www.europesays.com\/pt\/wp-json\/wp\/v2\/posts\/106193\/revisions"}],"wp:featuredmedia":[{"embeddable":true,"href":"https:\/\/www.europesays.com\/pt\/wp-json\/wp\/v2\/media\/106194"}],"wp:attachment":[{"href":"https:\/\/www.europesays.com\/pt\/wp-json\/wp\/v2\/media?parent=106193"}],"wp:term":[{"taxonomy":"category","embeddable":true,"href":"https:\/\/www.europesays.com\/pt\/wp-json\/wp\/v2\/categories?post=106193"},{"taxonomy":"post_tag","embeddable":true,"href":"https:\/\/www.europesays.com\/pt\/wp-json\/wp\/v2\/tags?post=106193"}],"curies":[{"name":"wp","href":"https:\/\/api.w.org\/{rel}","templated":true}]}}