{"id":106195,"date":"2025-10-11T10:41:16","date_gmt":"2025-10-11T10:41:16","guid":{"rendered":"https:\/\/www.europesays.com\/pt\/106195\/"},"modified":"2025-10-11T10:41:16","modified_gmt":"2025-10-11T10:41:16","slug":"macron-volta-a-nomear-sebastien-lecornu-como-pm-observador","status":"publish","type":"post","link":"https:\/\/www.europesays.com\/pt\/106195\/","title":{"rendered":"Macron volta a nomear S\u00e9bastien Lecornu como PM \u2013 Observador"},"content":{"rendered":"<p>O Presidente franc\u00eas Emmanuel Macron nomeou como novo primeiro-ministro S\u00e9bastien Lecornu, que se tinha demitido na passada segunda-feira.<\/p>\n<p>No comunicado do Eliseu, a Presid\u00eancia diz que Lecornu foi \u201cincumbido de formar Governo\u201d e que o chefe de Estado \u201cd\u00e1 carta branca\u201d ao primeiro-ministro.<\/p>\n<p>Lecornu tinha sido nomeado por Macron como primeiro-ministro h\u00e1 cerca de um m\u00eas, mas apresentou a demiss\u00e3o na passada segunda-feira, menos de 24 horas depois da tomada de posse do seu novo Governo. \u00c0 altura, disse ter sido alvo de \u201cbloqueios\u201d e criticou todos os partidos pol\u00edticos: \u201cContinuam a adotar uma postura como se todos tivessem maioria absoluta na Assembleia Nacional\u201d, disse.<\/p>\n<p>Agora, o nomeado diz que \u00e9 \u201cpor dever\u201d que volta a aceitar o convite do Presidente. No X, o antigo ministro \u2014 que fez parte de todos os governos de Macron desde que este foi eleito, em 2017 \u2014 afirmou que aceita esta \u201cmiss\u00e3o\u201d por ser necess\u00e1rio garantir que Fran\u00e7a ter\u00e1 um Or\u00e7amento do Estado para o pr\u00f3ximo ano e para responder aos problemas quotidianos das pessoas. A d\u00edvida p\u00fablica francesa \u00e9 neste momento de 114,1% do PIB, a terceira mais alta da zona euro.<\/p>\n<blockquote class=\"twitter-tweet\" data-width=\"500\" data-dnt=\"true\">\n<p lang=\"fr\" dir=\"ltr\">J\u2019accepte \u2013 par devoir \u2013 la mission qui m\u2019est confi\u00e9e par le Pr\u00e9sident de la R\u00e9publique de tout faire pour donner un budget \u00e0 la France pour la fin de l\u2019ann\u00e9e et de r\u00e9pondre aux probl\u00e8mes de la vie quotidienne de nos compatriotes.<\/p>\n<p>Il faut mettre un terme \u00e0 cette crise politique\u2026<\/p>\n<p>\u2014 S\u00e9bastien Lecornu (@SebLecornu) <a href=\"https:\/\/twitter.com\/SebLecornu\/status\/1976740050022154629?ref_src=twsrc%5Etfw\" rel=\"nofollow noopener\" target=\"_blank\">October 10, 2025<\/a><\/p>\n<\/blockquote>\n<p>\u201cPrecisamos de p\u00f4r fim a esta crise pol\u00edtica que est\u00e1 a exasperar os franceses e a esta instabilidade que \u00e9 m\u00e1 para a imagem da Fran\u00e7a e para os seus interesses\u201d, acrescentou.<\/p>\n<p>A queda do primeiro Governo de Lecornu ter\u00e1 sido motivada por uma s\u00e9rie de entraves nas negocia\u00e7\u00f5es entre os partidos. Numa Assembleia Nacional profundamente fragmentada, um primeiro-ministro do Ensemble (o grupo parlamentar do partido de Macron, centrista) n\u00e3o tem nenhuma maioria parlamentar \u00f3bvia.<\/p>\n<p>No in\u00edcio de setembro, o entendimento que estava em cima da mesa com os Republicanos (centro-direita) \u2014 alian\u00e7a que, mesmo assim, n\u00e3o tinha n\u00famero de parlamentares suficiente para uma maioria absoluta na c\u00e2mara \u2014 caiu, com o l\u00edder Bruno Retailleau a ventilar que a composi\u00e7\u00e3o do Governo teria sido mudada \u00e0 \u00faltima hora para aumentar o n\u00famero de ministros macronistas. A escolha mais pol\u00e9mica foi a da Defesa, com a nomea\u00e7\u00e3o de Bruno Le Maire, visto como um \u201cdesertor\u201d pelos Republicanos por ter trocado o partido pelo Ensemble h\u00e1 j\u00e1 alguns anos.<\/p>\n<blockquote class=\"wp-embedded-content\" data-secret=\"f4iBKVkV0a\">\n<p><a href=\"https:\/\/observador.pt\/especiais\/um-governo-que-durou-14-horas-mais-um-ato-da-crise-politica-em-franca-em-seis-respostas-e-a-inovacao-das-negociacoes-finais\/\" rel=\"nofollow noopener\" target=\"_blank\">Um governo que durou 14 horas. Mais um ato da crise pol\u00edtica em Fran\u00e7a em seis respostas e a inova\u00e7\u00e3o das \u201cnegocia\u00e7\u00f5es finais\u201d<\/a><\/p>\n<\/blockquote>\n<p>As conversa\u00e7\u00f5es com os restantes partidos tamb\u00e9m n\u00e3o haviam chegado a bom porto. Com a Uni\u00e3o Nacional de Marine Le Pen exclu\u00edda das negocia\u00e7\u00f5es, sobrava a Frente Popular de esquerda, tamb\u00e9m ela dividida com socialistas, comunistas e verdes de um lado, e os Insubmissos de J\u00e9an-Luc M\u00e9lenchon do outro.<\/p>\n<p>Um dos pontos de maior conten\u00e7\u00e3o prende-se com as respostas \u00e0 crise econ\u00f3mica. Os macronistas defendem a aplica\u00e7\u00e3o de medidas de austeridade como as sugeridas pelo antigo primeiro-ministro Fran\u00e7ois Bayrou (cujo Governo caiu depois de uma mo\u00e7\u00e3o de confian\u00e7a chumbada), enquanto a esquerda defende antes aumento de impostos para os mais ricos, como a chamada \u201cTaxa Zucman\u201d de 2%, a ser aplicada anualmente aos franceses que t\u00eam patrim\u00f3nio superior a 100 milh\u00f5es de euros.<\/p>\n<p>Outro dos temas divisivos durante as negocia\u00e7\u00f5es para formar o anterior Governo \u2014 e que se mant\u00eam agora \u2014 \u00e9 a ideia de abolir o recurso ao artigo 49.3 da Constitui\u00e7\u00e3o. Este instrumento permite a um Executivo aprovar algumas leis sem necessidade de uma vota\u00e7\u00e3o parlamentar e tem sido usado frequentemente por governos sem maioria para aprovar o Or\u00e7amento. Lecornu comprometeu-se durante as conversa\u00e7\u00f5es a n\u00e3o recorrer a esta ferramenta, mas isso n\u00e3o chegou e o primeiro-ministro acusou os partidos de o terem feito porque assim \u201cj\u00e1 n\u00e3o havia pretexto para uma censura pr\u00e9via\u201d, mantendo o Governo em fun\u00e7\u00f5es mais tempo.<\/p>\n<p>Continua a n\u00e3o haver acordo em nenhuma destas quest\u00f5es, com exce\u00e7\u00e3o da composi\u00e7\u00e3o de Governo, que pode n\u00e3o voltar a incluir Bruno Le Maire. E, desta vez, Lecornu j\u00e1 deu o aviso que \u201cquem entrar no Governo ter\u00e1 de se comprometer a desligar-se das ambi\u00e7\u00f5es presidenciais para 2027\u201d.<\/p>\n<p>O bloqueio na Assembleia, por\u00e9m, \u00e9 quase certo. Lecornu empurra o problema com a barriga, dizendo que todos estes temas \u201cser\u00e3o abertos ao debate parlamentar\u201d e que os deputados poder\u00e3o agora \u201cassumir suas responsabilidades e os debates devem ir at\u00e9 o fim\u201d.<\/p>\n<p>Assim que o Eliseu anunciou que a escolha voltava a cair sobre Lecornu, dois partidos apressaram-se a anunciar a apresenta\u00e7\u00e3o de uma mo\u00e7\u00e3o de censura ao novo primeiro-ministro j\u00e1 esta segunda-feira: a Uni\u00e3o Nacional e a Fran\u00e7a Insubmissa, os dois partidos que tinham sido exclu\u00eddos destas negocia\u00e7\u00f5es.<\/p>\n<p>Jordan Bardella, presidente da Uni\u00e3o Nacional, classificou a decis\u00e3o de Macron como \u201cuma piada de mau gosto, uma vergonha democr\u00e1tica e uma humilha\u00e7\u00e3o para o povo franc\u00eas\u201d. Marine Le Pen refor\u00e7ou e disse ser necess\u00e1ria n\u00e3o s\u00f3 uma mo\u00e7\u00e3o de censura, mas tamb\u00e9m a dissolu\u00e7\u00e3o da Assembleia Nacional, que considerou ser \u201cinevit\u00e1vel\u201d.<\/p>\n<p>A Fran\u00e7a Insubmissa garantiu que vai apresentar essa mesma mo\u00e7\u00e3o j\u00e1 esta segunda-feira. O coordenador Manuel Bompard classificou a atitude do Presidente franc\u00eas como \u201cum dedo do meio\u201d apresentado por \u201cuma pessoa irrespons\u00e1vel e embriagada de poder\u201d.<\/p>\n<p>Os comunistas e os ecologistas tamb\u00e9m se pronunciaram a favor da mo\u00e7\u00e3o de censura ao novo primeiro-ministro. A grande inc\u00f3gnita continua a ser o Partido Socialista, que reagiu de forma amb\u00edgua \u00e0 not\u00edcia. A porta-voz Dieynaba Diop declarou que Emmanuel Macron est\u00e1 \u201ca insultar os franceses\u201d e a insistir numa \u201cprovoca\u00e7\u00e3o\u201d, mas n\u00e3o clarificou se o partido defende uma mo\u00e7\u00e3o para derrubar o Governo \u2014 que, com os votos dos socialistas a somarem-se ao resto da oposi\u00e7\u00e3o, ditaria a queda. \u201cSomos e continuaremos a ser um partido da oposi\u00e7\u00e3o\u201d, assegura apenas o PS.<\/p>\n<p>            <script async src=\"https:\/\/platform.twitter.com\/widgets.js\" charset=\"utf-8\"><\/script><\/p>\n","protected":false},"excerpt":{"rendered":"O Presidente franc\u00eas Emmanuel Macron nomeou como novo primeiro-ministro S\u00e9bastien Lecornu, que se tinha demitido na passada segunda-feira.&hellip;\n","protected":false},"author":2,"featured_media":106196,"comment_status":"","ping_status":"","sticky":false,"template":"","format":"standard","meta":{"footnotes":""},"categories":[8],"tags":[27,28,445,15,16,2104,14,25,26,21,22,62,12,13,19,20,32,23,24,33,17,18,29,30,31],"class_list":{"0":"post-106195","1":"post","2":"type-post","3":"status-publish","4":"format-standard","5":"has-post-thumbnail","7":"category-principais-noticias","8":"tag-breaking-news","9":"tag-breakingnews","10":"tag-europa","11":"tag-featured-news","12":"tag-featurednews","13":"tag-franu00e7a","14":"tag-headlines","15":"tag-latest-news","16":"tag-latestnews","17":"tag-main-news","18":"tag-mainnews","19":"tag-mundo","20":"tag-news","21":"tag-noticias","22":"tag-noticias-principais","23":"tag-noticiasprincipais","24":"tag-portugal","25":"tag-principais-noticias","26":"tag-principaisnoticias","27":"tag-pt","28":"tag-top-stories","29":"tag-topstories","30":"tag-ultimas","31":"tag-ultimas-noticias","32":"tag-ultimasnoticias"},"share_on_mastodon":{"url":"","error":""},"_links":{"self":[{"href":"https:\/\/www.europesays.com\/pt\/wp-json\/wp\/v2\/posts\/106195","targetHints":{"allow":["GET"]}}],"collection":[{"href":"https:\/\/www.europesays.com\/pt\/wp-json\/wp\/v2\/posts"}],"about":[{"href":"https:\/\/www.europesays.com\/pt\/wp-json\/wp\/v2\/types\/post"}],"author":[{"embeddable":true,"href":"https:\/\/www.europesays.com\/pt\/wp-json\/wp\/v2\/users\/2"}],"replies":[{"embeddable":true,"href":"https:\/\/www.europesays.com\/pt\/wp-json\/wp\/v2\/comments?post=106195"}],"version-history":[{"count":0,"href":"https:\/\/www.europesays.com\/pt\/wp-json\/wp\/v2\/posts\/106195\/revisions"}],"wp:featuredmedia":[{"embeddable":true,"href":"https:\/\/www.europesays.com\/pt\/wp-json\/wp\/v2\/media\/106196"}],"wp:attachment":[{"href":"https:\/\/www.europesays.com\/pt\/wp-json\/wp\/v2\/media?parent=106195"}],"wp:term":[{"taxonomy":"category","embeddable":true,"href":"https:\/\/www.europesays.com\/pt\/wp-json\/wp\/v2\/categories?post=106195"},{"taxonomy":"post_tag","embeddable":true,"href":"https:\/\/www.europesays.com\/pt\/wp-json\/wp\/v2\/tags?post=106195"}],"curies":[{"name":"wp","href":"https:\/\/api.w.org\/{rel}","templated":true}]}}