{"id":106209,"date":"2025-10-11T10:53:07","date_gmt":"2025-10-11T10:53:07","guid":{"rendered":"https:\/\/www.europesays.com\/pt\/106209\/"},"modified":"2025-10-11T10:53:07","modified_gmt":"2025-10-11T10:53:07","slug":"brasil-tira-dois-milhoes-da-fome-grave-e-volta-ao-menor-patamar-da-historia-2","status":"publish","type":"post","link":"https:\/\/www.europesays.com\/pt\/106209\/","title":{"rendered":"Brasil tira dois milh\u00f5es da fome grave e volta ao menor patamar da hist\u00f3ria"},"content":{"rendered":"<p id=\"block-1\">O Brasil retirou dois milh\u00f5es de pessoas da inseguran\u00e7a alimentar grave em 2024, alcan\u00e7ando o menor n\u00edvel de inseguran\u00e7a alimentar da hist\u00f3ria e igualando o recorde de 2013, segundo dados oficiais ontem divulgados.<\/p>\n<p id=\"block-2\">De acordo com dados divulgados hoje pelo Instituto Brasileiro de Geografia Estat\u00edstica (IBGE), a propor\u00e7\u00e3o de domic\u00edlios em inseguran\u00e7a alimentar grave caiu de 4,1% para 3,2% entre 2023 e 2024, o que, em termos absolutos, representa cerca de dois milh\u00f5es de pessoas.<\/p>\n<p id=\"block-3\">A percentagem de domic\u00edlios em condi\u00e7\u00e3o de seguran\u00e7a alimentar subiu de 72,4% em 2023 para 75,8% em 2024. Ou seja, 8,8 milh\u00f5es de pessoas &#8220;passaram para esse patamar, em que a alimenta\u00e7\u00e3o passa a ser uma garantia quotidiana&#8221;, indicou o IBGE. <\/p>\n<p id=\"block-4\">Ainda assim, um em cada quatro domic\u00edlios no Brasil apresentou algum grau de inseguran\u00e7a alimentar em 2024, sendo as regi\u00f5es Norte e Nordeste as mais afetadas do pa\u00eds.<\/p>\n<p id=\"block-5\">Em 2024, os residentes de 18,9 milh\u00f5es de lares brasileiros sofreram algum grau de inseguran\u00e7a alimentar (leve, moderada ou grave).<\/p>\n<p id=\"block-6\">Cerca de 16% enfrentaram inseguran\u00e7a alimentar leve, ou seja, algum tipo de preocupa\u00e7\u00e3o ou incerteza quanto ao acesso aos alimentos ou uma redu\u00e7\u00e3o na qualidade da comida.<\/p>\n<p id=\"block-7\">Cerca de 4,5% sofreram inseguran\u00e7a alimentar moderada, enquanto em 3,2% dos lares a situa\u00e7\u00e3o foi classificada como grave &#8212; o que significa que 2,5 milh\u00f5es de fam\u00edlias viveram sob priva\u00e7\u00e3o quantitativa de alimentos.<\/p>\n<p id=\"block-8\">O Governo de Lula da Silva, que tem como uma das suas principais bandeiras erradicar a fome no pa\u00eds, viu em julho o Brasil sair do mapa da fome das Na\u00e7\u00f5es Unidas, depois de ter regressado em 2021.<\/p>\n<p id=\"block-9\">O Presidente brasileiro vai a Roma na pr\u00f3xima semana para instalar o secretariado da Alian\u00e7a Global contra a Fome e a Pobreza, que ter\u00e1 sede na Organiza\u00e7\u00e3o das Na\u00e7\u00f5es Unidas para a Alimenta\u00e7\u00e3o e a Agricultura (FAO).<\/p>\n<p id=\"block-10\">De acordo com a diplomacia brasileira, Lula da Silva ir\u00e1 \u00e0 capital italiana para participar, na pr\u00f3xima segunda-feira, dia 13 de outubro, na abertura do F\u00f3rum Mundial da Alimenta\u00e7\u00e3o, que decorrer\u00e1 em paralelo com o 80.\u00ba anivers\u00e1rio da Organiza\u00e7\u00e3o das Na\u00e7\u00f5es Unidas para a Alimenta\u00e7\u00e3o e a Agricultura (FAO).<\/p>\n<p id=\"block-11\">O chefe de Estado brasileiro pretende aproveitar essa oportunidade para refor\u00e7ar a estrutura da Alian\u00e7a contra a Fome e a Pobreza, que o Brasil apresentou no final do ano passado, no \u00e2mbito da sua presid\u00eancia do G20, disse o diplomata Saulo Arantes Ceolin, do departamento de seguran\u00e7a alimentar do Minist\u00e9rio das Rela\u00e7\u00f5es Exteriores do Brasil, em confer\u00eancia de imprensa.<\/p>\n<p id=\"block-12\">A Alian\u00e7a conta atualmente com 103 pa\u00edses membros e cerca de oitenta organismos multilaterais, entre os quais figuram o Banco Mundial, o Banco Interamericano de Desenvolvimento (BID) e Portugal.3<\/p>\n","protected":false},"excerpt":{"rendered":"O Brasil retirou dois milh\u00f5es de pessoas da inseguran\u00e7a alimentar grave em 2024, alcan\u00e7ando o menor n\u00edvel de&hellip;\n","protected":false},"author":2,"featured_media":106210,"comment_status":"","ping_status":"","sticky":false,"template":"","format":"standard","meta":{"footnotes":""},"categories":[50],"tags":[27,28,15,16,14,25,26,21,22,62,12,13,19,20,23,24,17,18,29,30,31,63,64,65],"class_list":{"0":"post-106209","1":"post","2":"type-post","3":"status-publish","4":"format-standard","5":"has-post-thumbnail","7":"category-mundo","8":"tag-breaking-news","9":"tag-breakingnews","10":"tag-featured-news","11":"tag-featurednews","12":"tag-headlines","13":"tag-latest-news","14":"tag-latestnews","15":"tag-main-news","16":"tag-mainnews","17":"tag-mundo","18":"tag-news","19":"tag-noticias","20":"tag-noticias-principais","21":"tag-noticiasprincipais","22":"tag-principais-noticias","23":"tag-principaisnoticias","24":"tag-top-stories","25":"tag-topstories","26":"tag-ultimas","27":"tag-ultimas-noticias","28":"tag-ultimasnoticias","29":"tag-world","30":"tag-world-news","31":"tag-worldnews"},"share_on_mastodon":{"url":"","error":""},"_links":{"self":[{"href":"https:\/\/www.europesays.com\/pt\/wp-json\/wp\/v2\/posts\/106209","targetHints":{"allow":["GET"]}}],"collection":[{"href":"https:\/\/www.europesays.com\/pt\/wp-json\/wp\/v2\/posts"}],"about":[{"href":"https:\/\/www.europesays.com\/pt\/wp-json\/wp\/v2\/types\/post"}],"author":[{"embeddable":true,"href":"https:\/\/www.europesays.com\/pt\/wp-json\/wp\/v2\/users\/2"}],"replies":[{"embeddable":true,"href":"https:\/\/www.europesays.com\/pt\/wp-json\/wp\/v2\/comments?post=106209"}],"version-history":[{"count":0,"href":"https:\/\/www.europesays.com\/pt\/wp-json\/wp\/v2\/posts\/106209\/revisions"}],"wp:featuredmedia":[{"embeddable":true,"href":"https:\/\/www.europesays.com\/pt\/wp-json\/wp\/v2\/media\/106210"}],"wp:attachment":[{"href":"https:\/\/www.europesays.com\/pt\/wp-json\/wp\/v2\/media?parent=106209"}],"wp:term":[{"taxonomy":"category","embeddable":true,"href":"https:\/\/www.europesays.com\/pt\/wp-json\/wp\/v2\/categories?post=106209"},{"taxonomy":"post_tag","embeddable":true,"href":"https:\/\/www.europesays.com\/pt\/wp-json\/wp\/v2\/tags?post=106209"}],"curies":[{"name":"wp","href":"https:\/\/api.w.org\/{rel}","templated":true}]}}