{"id":106213,"date":"2025-10-11T10:55:22","date_gmt":"2025-10-11T10:55:22","guid":{"rendered":"https:\/\/www.europesays.com\/pt\/106213\/"},"modified":"2025-10-11T10:55:22","modified_gmt":"2025-10-11T10:55:22","slug":"igreja-do-quenia-substitui-vinho-usado-nas-missas-depois-de-o-anterior-se-tornar-um-sucesso-nos-bares","status":"publish","type":"post","link":"https:\/\/www.europesays.com\/pt\/106213\/","title":{"rendered":"Igreja do Qu\u00e9nia substitui vinho usado nas missas, depois de o anterior se tornar um sucesso nos bares"},"content":{"rendered":"<p>A <a href=\"https:\/\/expresso.pt\/sociedade\/religiao\" target=\"_blank\" rel=\"noopener noreferrer nofollow\">Igreja Cat\u00f3lica<\/a>no Qu\u00e9nia passou a usar uma nova marca de vinho no altar, depois de a anterior se ter tornado muito popular e estar dispon\u00edvel nos bares da regi\u00e3o, not\u00edcia a <a href=\"https:\/\/www.bbc.com\/news\/articles\/crkjgemr12lo\" target=\"_blank\" rel=\"noopener noreferrer nofollow\">&#8220;BBC&#8221;<\/a>.<\/p>\n<p>A decis\u00e3o<strong> foi bem recebida pelos fi\u00e9is cat\u00f3licos<\/strong>, muitos dos quais acreditam que a marca anterior tinha perdido o car\u00e1cter sagrado devido ao uso generalizado fora do contexto lit\u00fargico.<\/p>\n<p>O vinho anteriormente usado durante a celebra\u00e7\u00e3o das missas, produzido por um fabricante local de bebidas alco\u00f3licas, <strong>era vendido livremente em lojas de bebidas, hot\u00e9is, bares e supermercados, o que gerou desconforto entre membros do clero e da comunidade cat\u00f3lica.<\/strong><\/p>\n<p>Depois de analisar diversas alternativas, a Igreja optou por uma safra sul-africana. O vinho foi apresentado oficialmente no <a href=\"https:\/\/www.vaticannews.va\/pt\/igreja\/news\/2021-04\/dia-mundial-oracao-vocacoes-quenia-pom-apelo-sustento-seminarios.html\" target=\"_blank\" rel=\"noopener noreferrer nofollow\">Dia Nacional de Ora\u00e7\u00e3o<\/a>, celebrado este ano no Santu\u00e1rio Mariano Nacional de Subukia, na regi\u00e3o de Nakuru, perante milhares de fi\u00e9is.<\/p>\n","protected":false},"excerpt":{"rendered":"A Igreja Cat\u00f3licano Qu\u00e9nia passou a usar uma nova marca de vinho no altar, depois de a anterior&hellip;\n","protected":false},"author":2,"featured_media":106214,"comment_status":"","ping_status":"","sticky":false,"template":"","format":"standard","meta":{"footnotes":""},"categories":[8],"tags":[27,28,15,16,14,25,26,21,22,12,13,19,20,32,23,24,33,17,18,29,30,31],"class_list":{"0":"post-106213","1":"post","2":"type-post","3":"status-publish","4":"format-standard","5":"has-post-thumbnail","7":"category-principais-noticias","8":"tag-breaking-news","9":"tag-breakingnews","10":"tag-featured-news","11":"tag-featurednews","12":"tag-headlines","13":"tag-latest-news","14":"tag-latestnews","15":"tag-main-news","16":"tag-mainnews","17":"tag-news","18":"tag-noticias","19":"tag-noticias-principais","20":"tag-noticiasprincipais","21":"tag-portugal","22":"tag-principais-noticias","23":"tag-principaisnoticias","24":"tag-pt","25":"tag-top-stories","26":"tag-topstories","27":"tag-ultimas","28":"tag-ultimas-noticias","29":"tag-ultimasnoticias"},"share_on_mastodon":{"url":"","error":""},"_links":{"self":[{"href":"https:\/\/www.europesays.com\/pt\/wp-json\/wp\/v2\/posts\/106213","targetHints":{"allow":["GET"]}}],"collection":[{"href":"https:\/\/www.europesays.com\/pt\/wp-json\/wp\/v2\/posts"}],"about":[{"href":"https:\/\/www.europesays.com\/pt\/wp-json\/wp\/v2\/types\/post"}],"author":[{"embeddable":true,"href":"https:\/\/www.europesays.com\/pt\/wp-json\/wp\/v2\/users\/2"}],"replies":[{"embeddable":true,"href":"https:\/\/www.europesays.com\/pt\/wp-json\/wp\/v2\/comments?post=106213"}],"version-history":[{"count":0,"href":"https:\/\/www.europesays.com\/pt\/wp-json\/wp\/v2\/posts\/106213\/revisions"}],"wp:featuredmedia":[{"embeddable":true,"href":"https:\/\/www.europesays.com\/pt\/wp-json\/wp\/v2\/media\/106214"}],"wp:attachment":[{"href":"https:\/\/www.europesays.com\/pt\/wp-json\/wp\/v2\/media?parent=106213"}],"wp:term":[{"taxonomy":"category","embeddable":true,"href":"https:\/\/www.europesays.com\/pt\/wp-json\/wp\/v2\/categories?post=106213"},{"taxonomy":"post_tag","embeddable":true,"href":"https:\/\/www.europesays.com\/pt\/wp-json\/wp\/v2\/tags?post=106213"}],"curies":[{"name":"wp","href":"https:\/\/api.w.org\/{rel}","templated":true}]}}