{"id":106217,"date":"2025-10-11T10:57:19","date_gmt":"2025-10-11T10:57:19","guid":{"rendered":"https:\/\/www.europesays.com\/pt\/106217\/"},"modified":"2025-10-11T10:57:19","modified_gmt":"2025-10-11T10:57:19","slug":"a-famosa-moradia-de-betao-da-serie-o-arquiteto-fica-em-oeiras-e-esta-a-venda-new-in-oeiras","status":"publish","type":"post","link":"https:\/\/www.europesays.com\/pt\/106217\/","title":{"rendered":"A famosa moradia de bet\u00e3o da s\u00e9rie \u201cO Arquiteto\u201d fica em Oeiras e est\u00e1 \u00e0 venda \u2014 New in Oeiras"},"content":{"rendered":"<p>Quando um cliente liga para falar sobre a Casa de Queijas, da autoria de Fern\u00e3o Sim\u00f5es de Carvalho, diz sempre que tem interesse \u201cna casa de bet\u00e3o\u201d, explica o consultor Ac\u00e1cio Sim\u00f5es, da ag\u00eancia imobili\u00e1ria RE\/MAX. E nunca h\u00e1 d\u00favidas: mais do que o nome da habita\u00e7\u00e3o ou at\u00e9 do arquiteto, o material que reveste o im\u00f3vel tornou-se num dos seus principais cart\u00f5es de visita.<\/p>\n<p>A verdade \u00e9 que, mais recentemente, esta obra imponente passou a ser conhecida de outra forma. Afinal, \u00e9 tamb\u00e9m uma das protagonistas da s\u00e9rie \u201cO Arquiteto\u201d, que aborda um dos maiores esc\u00e2ndalos sexuais portugueses dos anos 90. Depois de ser exibida na TVI, a produ\u00e7\u00e3o ficou dispon\u00edvel no cat\u00e1logo da Prime Video, no final de setembro.<\/p>\n<p>O timming n\u00e3o podia fazer mais sentido j\u00e1 que a casa-atelier de Sim\u00f5es de Carvalho, em vias de ser classificada como Patrim\u00f3nio Cultural, encontra-se no mercado. Situada em Linda-a-Velha, no concelho de Oeiras, a propriedade foi colocada est\u00e1 \u00e0 venda <a href=\"https:\/\/remaxcollection.pt\/pt\/imoveis\/venda-moradia-t5-oeiras-carnaxide-e-queijas\/125871043-240\" target=\"_blank\" rel=\"nofollow noopener\">online<\/a> por 2,5 milh\u00f5es de euros.<\/p>\n<p>Embora admita que a estreia da s\u00e9rie n\u00e3o aumentou a procura pela habita\u00e7\u00e3o, o consultor sublinha que \u00e9 um projeto merecedor de aten\u00e7\u00e3o. <strong>\u201cApesar de j\u00e1 ter 40 anos, tem um estilo atual e a parte exterior salta muito \u00e0 vista. O facto de ser toda feita em bet\u00e3o \u00e9 certamente o destaque\u201d<\/strong>, explica.<\/p>\n<p>A presen\u00e7a na s\u00e9rie, revela Ac\u00e1cio Sim\u00f5es, \u201csurgiu porque um amigo, que trabalha na \u00e1rea da produ\u00e7\u00e3o, tem uma base de dados com uma s\u00e9rie de casas que s\u00e3o adequadas a filmagens\u201d, conta. \u201cQuando revelou a uma colega que andava \u00e0 procura, foi a que mais fez sentido.\u201d<\/p>\n<p>Com cerca de 350 metros quadrados, a moradia \u00e9 um T5, com oito divis\u00f5es, atelier, piscina, garagem para tr\u00eas viaturas e uma vista desafogada sobre o rio o mar. Al\u00e9m de um hall de entrada, inclui tr\u00eas suites, dois quartos, duas salas de estar, uma sala de jantar, uma cozinha, um escrit\u00f3rio e uma sala de arrumos.<\/p>\n<p>Outras das vantagens destacadas pela ag\u00eancia \u00e9 a localiza\u00e7\u00e3o em primeira linha de vista rio e mar (estu\u00e1rio do Tejo) e da Mata do Jamor, perto de parques desportivos e de lazer na zona do Jamor. H\u00e1 tamb\u00e9m uma s\u00e9rie de praias e restaurantes a poucos minutos.<\/p>\n<p><strong>Ainda que se tenha tratado de um projeto de vida, com um atelier onde trabalhou durante muitas horas, o propriet\u00e1rio tem atualmente 96 anos.<\/strong> E as filhas entenderam que deviam colocar a moradia \u00e0 venda, confessa o agente.<\/p>\n<p>Descrita como \u201clugar de liberdade conceptual\u201d e \u201ca s\u00edntese de uma vida\u201d, pelos vendedores, o projeto come\u00e7ou em 1974, ficando inacabada com a partida do arquiteto para o Rio de Janeiro, no Brasil, ap\u00f3s a revolu\u00e7\u00e3o do 25 de Abril, devido \u00e0 falta de encomendas, j\u00e1 que a maioria dos seus clientes dependia da economia angolana, ent\u00e3o col\u00f3nia portuguesa.<\/p>\n<p>Nessa primeira fase, o arquiteto, nascido na capital da antiga prov\u00edncia colonial, ainda que se tenha mudado para Lisboa com 14 anos, usou-a como uma s\u00edntese da sua obra africana, marcada pela import\u00e2ncia atribu\u00edda ao bet\u00e3o, inspirando-se em mestres como Corbusier e Wogescky para este conceito de casa-atelier.<\/p>\n<p><strong>A Casa de Queijas s\u00f3 ficaria conclu\u00edda quase uma d\u00e9cada mais tarde, em 1982, ap\u00f3s ter regressado a Portugal.<\/strong> A abordagem manteve o pragmatismo que lhe \u00e9 caracter\u00edstico, tendo aproveitado o declive acentuado do lote para otimizar a \u00e1rea bruta dispon\u00edvel e apostado no contraste de materiais, no interior.<\/p>\n<p><img decoding=\"async\" loading=\"lazy\" class=\" wp-image-1515819\" src=\"https:\/\/www.europesays.com\/pt\/wp-content\/uploads\/2025\/10\/dc8fd099477f2c340b9f30f6f06b7261.jpg\" alt=\"\" width=\"719\" height=\"539\"\/>A vista de cima.<\/p>\n<p>Ainda que n\u00e3o seja destacado na s\u00e9rie, a moradia marca tamb\u00e9m a diferen\u00e7a pelo port\u00e3o que parece ser uma refer\u00eancia \u00e0 cultura pop do nosso Pa\u00eds, nos anos 70.<\/p>\n<p>Em fevereiro de 2023 foi executado um Despacho pelo Diretor-Geral do Patrim\u00f3nio Cultural, Jo\u00e3o Carlos dos Santos, para determinar a abertura do procedimento de classifica\u00e7\u00e3o da Casa-Atelier Sim\u00f5es de Carvalho, localizada na Uni\u00e3o das Freguesias de Queijas e Carnaxide.<\/p>\n<p>Leia tamb\u00e9m a <a href=\"https:\/\/www.nit.pt\/cultura\/televisao\/no-inicio-fiquei-assustado-realizador-da-serie-o-arquiteto-destaca-cenas-pesadas\" target=\"_blank\" rel=\"nofollow noopener\">entrevista<\/a> da NiT ao realizador da nova produ\u00e7\u00e3o da TVI, com a Prime Video, para ficar a saber mais sobre os pormenores das <a href=\"https:\/\/newinoeiras.nit.pt\/cultura\/quebra-nozes-e-o-reino-do-gelo-regressa-em-novembro-com-angela-costa\" rel=\"nofollow noopener\" target=\"_blank\">grava\u00e7\u00f5es<\/a> da s\u00e9rie \u201cO Arquiteto\u201d.<\/p>\n<p>Carregue na galeria para ver mais imagens da Casa de Queijas.<\/p>\n","protected":false},"excerpt":{"rendered":"Quando um cliente liga para falar sobre a Casa de Queijas, da autoria de Fern\u00e3o Sim\u00f5es de Carvalho,&hellip;\n","protected":false},"author":2,"featured_media":106218,"comment_status":"","ping_status":"","sticky":false,"template":"","format":"standard","meta":{"footnotes":""},"categories":[144],"tags":[207,205,206,203,201,202,204,114,115,32,33],"class_list":{"0":"post-106217","1":"post","2":"type-post","3":"status-publish","4":"format-standard","5":"has-post-thumbnail","7":"category-arte-e-design","8":"tag-arte","9":"tag-arte-e-design","10":"tag-artedesign","11":"tag-arts","12":"tag-arts-and-design","13":"tag-artsanddesign","14":"tag-design","15":"tag-entertainment","16":"tag-entretenimento","17":"tag-portugal","18":"tag-pt"},"share_on_mastodon":{"url":"","error":""},"_links":{"self":[{"href":"https:\/\/www.europesays.com\/pt\/wp-json\/wp\/v2\/posts\/106217","targetHints":{"allow":["GET"]}}],"collection":[{"href":"https:\/\/www.europesays.com\/pt\/wp-json\/wp\/v2\/posts"}],"about":[{"href":"https:\/\/www.europesays.com\/pt\/wp-json\/wp\/v2\/types\/post"}],"author":[{"embeddable":true,"href":"https:\/\/www.europesays.com\/pt\/wp-json\/wp\/v2\/users\/2"}],"replies":[{"embeddable":true,"href":"https:\/\/www.europesays.com\/pt\/wp-json\/wp\/v2\/comments?post=106217"}],"version-history":[{"count":0,"href":"https:\/\/www.europesays.com\/pt\/wp-json\/wp\/v2\/posts\/106217\/revisions"}],"wp:featuredmedia":[{"embeddable":true,"href":"https:\/\/www.europesays.com\/pt\/wp-json\/wp\/v2\/media\/106218"}],"wp:attachment":[{"href":"https:\/\/www.europesays.com\/pt\/wp-json\/wp\/v2\/media?parent=106217"}],"wp:term":[{"taxonomy":"category","embeddable":true,"href":"https:\/\/www.europesays.com\/pt\/wp-json\/wp\/v2\/categories?post=106217"},{"taxonomy":"post_tag","embeddable":true,"href":"https:\/\/www.europesays.com\/pt\/wp-json\/wp\/v2\/tags?post=106217"}],"curies":[{"name":"wp","href":"https:\/\/api.w.org\/{rel}","templated":true}]}}