{"id":106227,"date":"2025-10-11T11:03:29","date_gmt":"2025-10-11T11:03:29","guid":{"rendered":"https:\/\/www.europesays.com\/pt\/106227\/"},"modified":"2025-10-11T11:03:29","modified_gmt":"2025-10-11T11:03:29","slug":"quatro-fatores-de-risco-estao-presentes-em-99-dos-infartos-e-avc","status":"publish","type":"post","link":"https:\/\/www.europesays.com\/pt\/106227\/","title":{"rendered":"Quatro fatores de risco est\u00e3o presentes em 99% dos infartos e AVC"},"content":{"rendered":"<p>Cientistas dos Estados Unidos e da Coreia do Sul identificaram que hipertens\u00e3o, colesterol alto, n\u00edveis elevados de a\u00e7\u00facar no sangue e tabagismo precedem quase todos os eventos cardiovasculares graves. A pesquisa, publicada no &#8220;Journal of the American College of Cardiology&#8221;, analisou dados m\u00e9dicos de 9 milh\u00f5es de adultos dos dois pa\u00edses.<\/p>\n<p>Os registros m\u00e9dicos examinados pelos pesquisadores demonstraram que estes quatro fatores de risco estiveram presentes em 99% dos casos documentados de ataques card\u00edacos e AVCs. O estudo contradiz a no\u00e7\u00e3o de que eventos cardiovasculares podem ocorrer sem sinais pr\u00e9vios no organismo.<\/p>\n<p>A equipe de pesquisadores questiona estudos anteriores que sugeriam um aumento de doen\u00e7as card\u00edacas sem causa aparente. Eles argumentam que metodologias inadequadas impediram a identifica\u00e7\u00e3o correta dos fatores de risco em investiga\u00e7\u00f5es anteriores.<\/p>\n<p>A an\u00e1lise incluiu adultos de diferentes faixas et\u00e1rias e g\u00eaneros. Os dados mostraram que mesmo no grupo considerado de menor risco cardiovascular \u2013 mulheres com menos de 60 anos \u2013 mais de 95% dos casos de ataques card\u00edacos ou AVCs estavam associados a pelo menos um dos quatro fatores identificados.<\/p>\n<p>Entre os fatores analisados, a hipertens\u00e3o foi o mais comum, estando presente em 93% dos casos de ataque card\u00edaco, AVC ou insufici\u00eancia card\u00edaca documentados na pesquisa.<\/p>\n<p>\u00a0coleta de dados em dois pa\u00edses diferentes permitiu uma an\u00e1lise transcultural dos fatores de risco para eventos cardiovasculares graves.<\/p>\n<p>&#8220;O objetivo agora \u00e9 trabalhar mais arduamente para encontrar maneiras de controlar esses fatores de risco modific\u00e1veis, em vez de se desviar do caminho e perseguir outros fatores que n\u00e3o s\u00e3o facilmente trat\u00e1veis \u200b\u200be n\u00e3o s\u00e3o causais&#8221;, afirmou o pesquisador, Philip Greenland, coautor do artigo e pesquisador da Universidade Northwestern, nos Estados Unidos, em comunicado divulgado pela institui\u00e7\u00e3o.<\/p>\n<p>Os pesquisadores destacam a import\u00e2ncia do gerenciamento desses fatores como estrat\u00e9gia fundamental para preven\u00e7\u00e3o de eventos cardiovasculares. A identifica\u00e7\u00e3o clara desses quatro elementos permite direcionar esfor\u00e7os preventivos de forma mais eficaz.<\/p>\n","protected":false},"excerpt":{"rendered":"Cientistas dos Estados Unidos e da Coreia do Sul identificaram que hipertens\u00e3o, colesterol alto, n\u00edveis elevados de a\u00e7\u00facar&hellip;\n","protected":false},"author":2,"featured_media":106228,"comment_status":"","ping_status":"","sticky":false,"template":"","format":"standard","meta":{"footnotes":""},"categories":[86],"tags":[1493,24036,116,5676,32,33,117],"class_list":{"0":"post-106227","1":"post","2":"type-post","3":"status-publish","4":"format-standard","5":"has-post-thumbnail","7":"category-saude","8":"tag-avc","9":"tag-fatores-de-risco","10":"tag-health","11":"tag-infarto","12":"tag-portugal","13":"tag-pt","14":"tag-saude"},"share_on_mastodon":{"url":"","error":""},"_links":{"self":[{"href":"https:\/\/www.europesays.com\/pt\/wp-json\/wp\/v2\/posts\/106227","targetHints":{"allow":["GET"]}}],"collection":[{"href":"https:\/\/www.europesays.com\/pt\/wp-json\/wp\/v2\/posts"}],"about":[{"href":"https:\/\/www.europesays.com\/pt\/wp-json\/wp\/v2\/types\/post"}],"author":[{"embeddable":true,"href":"https:\/\/www.europesays.com\/pt\/wp-json\/wp\/v2\/users\/2"}],"replies":[{"embeddable":true,"href":"https:\/\/www.europesays.com\/pt\/wp-json\/wp\/v2\/comments?post=106227"}],"version-history":[{"count":0,"href":"https:\/\/www.europesays.com\/pt\/wp-json\/wp\/v2\/posts\/106227\/revisions"}],"wp:featuredmedia":[{"embeddable":true,"href":"https:\/\/www.europesays.com\/pt\/wp-json\/wp\/v2\/media\/106228"}],"wp:attachment":[{"href":"https:\/\/www.europesays.com\/pt\/wp-json\/wp\/v2\/media?parent=106227"}],"wp:term":[{"taxonomy":"category","embeddable":true,"href":"https:\/\/www.europesays.com\/pt\/wp-json\/wp\/v2\/categories?post=106227"},{"taxonomy":"post_tag","embeddable":true,"href":"https:\/\/www.europesays.com\/pt\/wp-json\/wp\/v2\/tags?post=106227"}],"curies":[{"name":"wp","href":"https:\/\/api.w.org\/{rel}","templated":true}]}}