{"id":106245,"date":"2025-10-11T11:22:09","date_gmt":"2025-10-11T11:22:09","guid":{"rendered":"https:\/\/www.europesays.com\/pt\/106245\/"},"modified":"2025-10-11T11:22:09","modified_gmt":"2025-10-11T11:22:09","slug":"trump-anuncia-sobretaxa-de-100-a-importacoes-da-china-a-partir-de-novembro","status":"publish","type":"post","link":"https:\/\/www.europesays.com\/pt\/106245\/","title":{"rendered":"Trump anuncia sobretaxa\u00a0de 100% a importa\u00e7\u00f5es da\u00a0China a partir de novembro"},"content":{"rendered":"<p>A partir de 1 de novembro &#8211; ou at\u00e9 antes, &#8220;dependendo de quaisquer a\u00e7\u00f5es ou altera\u00e7\u00f5es futuras tomadas pela China&#8221; &#8211; os Estados Unidos impor\u00e3o &#8220;uma tarifa de 100% \u00e0 China, para al\u00e9m de qualquer tarifa que estejam atualmente a pagar&#8221;, afirmou Trump na rede social Truth. \u00a0<\/p>\n<p>Tamb\u00e9m no in\u00edcio do pr\u00f3ximo m\u00eas, adiantou, Washington impor\u00e1 controlos de exporta\u00e7\u00e3o para Pequim sobre &#8220;todo e qualquer software cr\u00edtico&#8221;.\u00a0<\/p>\n<p>Na quinta-feira, Pequim anunciou a imposi\u00e7\u00e3o imediata de controlos sobre as exporta\u00e7\u00f5es de tecnologias ligadas \u00e0s terras raras, refor\u00e7ando a regula\u00e7\u00e3o num setor central nas tens\u00f5es comerciais com os Estados Unidos, numa altura em que os dois pa\u00edses vinham negociando um acordo comercial.\u00a0<\/p>\n<p>O pa\u00eds asi\u00e1tico \u00e9 o maior produtor mundial destes minerais essenciais para as ind\u00fastrias digital, autom\u00f3vel, energ\u00e9tica e de defesa, cuja produ\u00e7\u00e3o pode ser severamente afetada pela falta dessas mat\u00e9rias-primas.\u00a0<\/p>\n<p>As terras raras t\u00eam sido um ponto de fric\u00e7\u00e3o nas recentes negocia\u00e7\u00f5es comerciais sino-americanas, com Washington a acusar Pequim de atrasar deliberadamente a aprova\u00e7\u00e3o de licen\u00e7as de exporta\u00e7\u00e3o.\u00a0<\/p>\n<p>Na sua mensagem, Trump afirma que &#8220;\u00e9 imposs\u00edvel acreditar que a China tenha tomado tal atitude, mas tomou, e o resto \u00e9 hist\u00f3ria&#8221;.\u00a0<\/p>\n<p>&#8220;A China assumiu uma posi\u00e7\u00e3o extraordinariamente agressiva em rela\u00e7\u00e3o ao Com\u00e9rcio, enviando uma carta extremamente hostil ao mundo, afirmando que, a partir de 1 de novembro de 2025, iria impor Controlos de Exporta\u00e7\u00e3o em grande escala a praticamente todos os produtos que fabrica, incluindo alguns que nem sequer fabrica&#8221;, afirma o Presidente norte-americano. \u00a0<\/p>\n<p>&#8220;Isto afeta TODOS os pa\u00edses, sem exce\u00e7\u00e3o, e foi obviamente um plano elaborado por eles ao longo de anos. \u00c9 absolutamente in\u00e9dito no Com\u00e9rcio Internacional e uma vergonha moral em rela\u00e7\u00e3o \u00e0s outras na\u00e7\u00f5es&#8221;, adiantou.\u00a0<\/p>\n<p>&#13;<br \/>\n                                                    &#13;\n                                                    <\/p>\n<p>Depois de Trump ter imposto uma s\u00e9rie de sobretaxas que elevaram a 145% a taxa m\u00e1xima sobre importa\u00e7\u00f5es chinesas em abril, no m\u00eas seguinte as duas superpot\u00eancias econ\u00f3micas aceitaram reduzir temporariamente a taxa para 30%, durante 90 dias, enquanto decorriam negocia\u00e7\u00f5es entre as partes.<\/p>\n<p>Em agosto, Trump prorrogou por mais 90 dias a taxa de 30%, at\u00e9 10 de novembro.\u00a0<\/p>\n<p>Sem a extens\u00e3o, as tarifas norte-americanas sobre os produtos chineses poderiam ter escalado para 145%, enquanto as tarifas de retalia\u00e7\u00e3o da China poderiam ter atingido 125%, aproximando-se efetivamente de um embargo comercial.\u00a0<\/p>\n<p>Tamb\u00e9m hoje, Trump descartou a possibilidade de se reunir com o l\u00edder chin\u00eas, Xi Jinping, e amea\u00e7ou um &#8220;aumento maci\u00e7o&#8221; das tarifas sobre produtos chineses.\u00a0<\/p>\n<p>Trump tinha anunciado, em meados de setembro, que ia reunir-se com Xi, no final de outubro, durante uma viagem \u00e0 Coreia do Sul. Na ocasi\u00e3o, tamb\u00e9m disse que ia visitar a China &#8220;no in\u00edcio do pr\u00f3ximo ano&#8221;.\u00a0<\/p>\n<p>                                                    <img decoding=\"async\" src=\"https:\/\/www.europesays.com\/pt\/wp-content\/uploads\/2025\/10\/naom_58ee6517e0ff1.jpg\" border=\"0\" alt=\"Trump afasta encontro com Xi e amea\u00e7a \"\/><\/p>\n<p>O Presidente dos Estados Unidos, Donald Trump, disse hoje que &#8220;parece n\u00e3o haver raz\u00e3o&#8221; para se reunir com o l\u00edder chin\u00eas, Xi Jinping, e amea\u00e7ou impor um &#8220;aumento massivo&#8221; das tarifas sobre produtos chineses.<\/p>\n<p>                                                     Lusa | 16:26 &#8211; 10\/10\/2025 <\/p>\n<p>O an\u00fancio foi feito no final de uma conversa telef\u00f3nica entre os dois l\u00edderes, que tamb\u00e9m aprovaram um acordo sobre o futuro da rede social TikTok nos Estados Unidos.\u00a0<\/p>\n<p>O l\u00edder norte-americano destacou que a rela\u00e7\u00e3o entre Washington e Pequim tem sido boa nos \u00faltimos seis meses, o que, alegou, torna esta posi\u00e7\u00e3o &#8220;ainda mais surpreendente&#8221;.\u00a0<\/p>\n<p>&#8220;N\u00e3o h\u00e1 como permitir que a China mantenha o mundo &#8216;cativo&#8217;, mas esse parece o plano h\u00e1 algum tempo&#8221;, defendeu Trump, acusando Pequim de fazer &#8220;um movimento bastante sinistro e hostil&#8221; para acumular &#8220;silenciosamente&#8221; posi\u00e7\u00f5es de monop\u00f3lio.\u00a0<\/p>\n<p>Mas Trump avisou que os EUA tamb\u00e9m &#8220;t\u00eam posi\u00e7\u00f5es de monop\u00f3lio, muito mais fortes e abrangentes do que as da China&#8221;, avisou.\u00a0<\/p>\n<p>&#8220;Simplesmente, escolhi n\u00e3o os usar, nunca houve uma raz\u00e3o para o fazer &#8211; at\u00e9 agora&#8221;, afirmou.\u00a0<\/p>\n<p>[Not\u00edcia atualizada \u00e0s 22h48]<\/p>\n<p>Leia Tamb\u00e9m: <a href=\"https:\/\/www.noticiasaominuto.com\/mundo\/2868499\/trump-afasta-encontro-com-xi-jinping-e-ameaca-aumento-macico-das-tarifas\" target=\"_blank\" rel=\"noopener noreferrer nofollow\">Trump afasta encontro com Xi e amea\u00e7a &#8220;aumento massivo&#8221; das tarifas<\/a><\/p>\n","protected":false},"excerpt":{"rendered":"A partir de 1 de novembro &#8211; ou at\u00e9 antes, &#8220;dependendo de quaisquer a\u00e7\u00f5es ou altera\u00e7\u00f5es futuras tomadas&hellip;\n","protected":false},"author":2,"featured_media":106246,"comment_status":"","ping_status":"","sticky":false,"template":"","format":"standard","meta":{"footnotes":""},"categories":[50],"tags":[27,28,15,16,14,25,26,21,22,62,12,13,19,20,23,24,17,18,29,30,31,63,64,65],"class_list":{"0":"post-106245","1":"post","2":"type-post","3":"status-publish","4":"format-standard","5":"has-post-thumbnail","7":"category-mundo","8":"tag-breaking-news","9":"tag-breakingnews","10":"tag-featured-news","11":"tag-featurednews","12":"tag-headlines","13":"tag-latest-news","14":"tag-latestnews","15":"tag-main-news","16":"tag-mainnews","17":"tag-mundo","18":"tag-news","19":"tag-noticias","20":"tag-noticias-principais","21":"tag-noticiasprincipais","22":"tag-principais-noticias","23":"tag-principaisnoticias","24":"tag-top-stories","25":"tag-topstories","26":"tag-ultimas","27":"tag-ultimas-noticias","28":"tag-ultimasnoticias","29":"tag-world","30":"tag-world-news","31":"tag-worldnews"},"share_on_mastodon":{"url":"","error":""},"_links":{"self":[{"href":"https:\/\/www.europesays.com\/pt\/wp-json\/wp\/v2\/posts\/106245","targetHints":{"allow":["GET"]}}],"collection":[{"href":"https:\/\/www.europesays.com\/pt\/wp-json\/wp\/v2\/posts"}],"about":[{"href":"https:\/\/www.europesays.com\/pt\/wp-json\/wp\/v2\/types\/post"}],"author":[{"embeddable":true,"href":"https:\/\/www.europesays.com\/pt\/wp-json\/wp\/v2\/users\/2"}],"replies":[{"embeddable":true,"href":"https:\/\/www.europesays.com\/pt\/wp-json\/wp\/v2\/comments?post=106245"}],"version-history":[{"count":0,"href":"https:\/\/www.europesays.com\/pt\/wp-json\/wp\/v2\/posts\/106245\/revisions"}],"wp:featuredmedia":[{"embeddable":true,"href":"https:\/\/www.europesays.com\/pt\/wp-json\/wp\/v2\/media\/106246"}],"wp:attachment":[{"href":"https:\/\/www.europesays.com\/pt\/wp-json\/wp\/v2\/media?parent=106245"}],"wp:term":[{"taxonomy":"category","embeddable":true,"href":"https:\/\/www.europesays.com\/pt\/wp-json\/wp\/v2\/categories?post=106245"},{"taxonomy":"post_tag","embeddable":true,"href":"https:\/\/www.europesays.com\/pt\/wp-json\/wp\/v2\/tags?post=106245"}],"curies":[{"name":"wp","href":"https:\/\/api.w.org\/{rel}","templated":true}]}}