{"id":106247,"date":"2025-10-11T11:23:28","date_gmt":"2025-10-11T11:23:28","guid":{"rendered":"https:\/\/www.europesays.com\/pt\/106247\/"},"modified":"2025-10-11T11:23:28","modified_gmt":"2025-10-11T11:23:28","slug":"senti-me-na-obrigacao-de-oferecer-as-minhas-luvas-diz-responsavel-da-vigilancia-ao-recordar-momento-em-que-peregrina-tentou-tocar-na-imagem-de-nossa-senhora-agencia-ecclesia","status":"publish","type":"post","link":"https:\/\/www.europesays.com\/pt\/106247\/","title":{"rendered":"\u00abSenti-me na obriga\u00e7\u00e3o de oferecer as minhas luvas\u00bb, diz respons\u00e1vel da vigil\u00e2ncia ao recordar momento em que peregrina tentou tocar na imagem de Nossa Senhora \u2013 Ag\u00eancia ECCLESIA"},"content":{"rendered":"<p>Da vigil\u00e2ncia ao acolhimento, profissionais do Santu\u00e1rio abordam import\u00e2ncia de escultura, com a qual o Papa Le\u00e3o XIV se encontra este s\u00e1bado<\/p>\n<p><a href=\"https:\/\/agencia.ecclesia.pt\/portal\/wp-content\/uploads\/2025\/10\/andre-silva.jpg\" rel=\"nofollow noopener\" target=\"_blank\"><img fetchpriority=\"high\" decoding=\"async\" class=\"wp-image-394797 size-large\" src=\"https:\/\/www.europesays.com\/pt\/wp-content\/uploads\/2025\/10\/andre-silva-1024x683.jpg\" alt=\"\" width=\"1024\" height=\"683\"   data-mwl-img-id=\"394797\"\/><\/a>Foto: Ag\u00eancia ECCLESIA\/TAM, Andr\u00e9 Silva, diretor do Departamento de Vigil\u00e2ncia e Gest\u00e3o Operacional do Santu\u00e1rio de F\u00e1tima<\/p>\n<p>F\u00e1tima, 10 out 2025 (Ecclesia) \u2013 O diretor do departamento de Vigil\u00e2ncia e Gest\u00e3o Operacional do Santu\u00e1rio de F\u00e1tima recorda um dos momentos marcantes com a imagem na Capelinha das Apari\u00e7\u00f5es, quando uma peregrina tentou tocar no \u00edcone, que esta sexta-feira segue para o Vaticano.<\/p>\n<p>\u201cNum dos trabalhos que tivemos com a imagem, onde foi necess\u00e1rio manusear a imagem aqui na Capelinha e que tivemos de fazer algumas movimenta\u00e7\u00f5es para o exterior, lembro-me, por exemplo, de uma peregrina tentar tocar na imagem e eu impedir que isso acontecesse\u201d, come\u00e7a por contar Andr\u00e9 Silva, em declara\u00e7\u00f5es \u00e0 Ag\u00eancia ECCLESIA.<\/p>\n<p>A atitude do respons\u00e1vel, que visou garantir a conserva\u00e7\u00e3o da escultura, levou a peregrina a \u201cficar emocionada e triste\u201d por n\u00e3o poder tocar no \u00edcone.<\/p>\n<p>\u201cObviamente, comoveu-me de tal forma que eu, no final, senti-me na obriga\u00e7\u00e3o de oferecer as minhas luvas \u00e0 peregrina, portanto, como gesto, tamb\u00e9m, de alguma recompensa pelo facto de ela n\u00e3o poder tocar na imagem\u201d, lembra.<\/p>\n<p>Para Andr\u00e9 Silva, s\u00e3o estes \u201cmomentos inusitados\u201d que trazem \u201cas melhores recorda\u00e7\u00f5es\u201d.<\/p>\n<p>A imagem de Nossa Senhora de F\u00e1tima, presente na Capelinha das Apari\u00e7\u00f5es, sai esta sexta-feira do Santu\u00e1rio da Cova da Iria para se deslocar pela 4\u00ba vez ao Vaticano, 12 anos depois, por ocasi\u00e3o do Jubileu da Espiritualidade Mariana, a pedido do Papa Francisco e reafirmado pelo Papa Le\u00e3o XIV.<\/p>\n<p>Tamb\u00e9m o diretor do Departamento de Acolhimento e Pastoral do Santu\u00e1rio de F\u00e1tima recorda um momento especial com a escultura, quando esta saiu da Capelinha e esteve no centro de uma exposi\u00e7\u00e3o tempor\u00e1ria dedicada \u00e0 celebra\u00e7\u00e3o do centen\u00e1rio da sua cria\u00e7\u00e3o.<\/p>\n<p>\u201cFoi o dia em que eu, pessoalmente, tive a oportunidade de estar mais pr\u00f3ximo da imagem. E, portanto, h\u00e1 esta dimens\u00e3o de riqueza da experi\u00eancia pessoal\u201d, testemunha.<\/p>\n<p>Andr\u00e9 Pereira evoca tamb\u00e9m a Peregrina\u00e7\u00e3o de Pessoas Surdas a F\u00e1tima, em 2024, destacando a emo\u00e7\u00e3o gerada nos no grupo de peregrinos numa sauda\u00e7\u00e3o \u00e0 Nossa Senhora na Capelinha das Apari\u00e7\u00f5es.<\/p>\n<p>\u201cFoi, para mim, muito marcante\u201d, expressa.<\/p>\n<tr>\n<td style=\"width: 100%;\">O Papa Le\u00e3o XIV vai estar em ora\u00e7\u00e3o junto \u00e0 imagem de Nossa Senhora de F\u00e1tima no s\u00e1bado, pelas 18h00 locais (menos uma em Lisboa), na vig\u00edlia de ora\u00e7\u00e3o, na Pra\u00e7a de S\u00e3o Pedro, e na Missa a que preside no domingo, perlas 10h30, no mesmo lugar, informa o Santu\u00e1rio de F\u00e1tima.<\/p>\n<p>Ao longo do dia de s\u00e1bado, at\u00e9 \u00e0 vig\u00edlia de ora\u00e7\u00e3o, a imagem estar\u00e1 presente na Igreja de Santa Maria in Traspontina, para venera\u00e7\u00e3o dos peregrinos, seguindo, \u00e0s 17h00, em prociss\u00e3o para S\u00e3o Pedro.<\/p>\n<p><img loading=\"lazy\" decoding=\"async\" class=\"size-medium wp-image-394799\" src=\"https:\/\/www.europesays.com\/pt\/wp-content\/uploads\/2025\/10\/andre-pereira-400x267.jpg\" alt=\"\" width=\"400\" height=\"267\"   data-mwl-img-id=\"394799\"\/>Foto: Ag\u00eancia ECCLESIA\/TAM, Andr\u00e9 Pereira, diretor do Departamento de Acolhimento e Pastoral do Santu\u00e1rio de F\u00e1tima<\/p>\n<p>\u201cEu penso que [a sa\u00edda da imagem do espa\u00e7o do Santu\u00e1rio] significa ou ajuda-os [peregrinos] a reconhecer ou a reafirmar a no\u00e7\u00e3o que t\u00eam da centralidade, da import\u00e2ncia de F\u00e1tima e da sua mensagem nos nossos dias\u201d, referiu o respons\u00e1vel Departamento de Acolhimento e Pastoral do Santu\u00e1rio de F\u00e1tima.<\/p>\n<p>Andr\u00e9 Pereira considera que nas rar\u00edssimas vezes que a imagem sai da Cova da Iria, os peregrinos identificam \u201cque F\u00e1tima \u00e9 um acontecimento\u201d para a \u201cIgreja Universal\u201d e para a Igreja da atualidade.<\/p>\n<p>\u201cQuando, para o Jubileu de Espiritualidade de Mariana, o Papa pede que seja a imagem de F\u00e1tima que, de alguma forma, se fa\u00e7a presente em Roma, condensando em si, em certa medida, esta espiritualidade mariana, isso diz-nos muito do lugar de F\u00e1tima, da mensagem de F\u00e1tima, do acontecimento de F\u00e1tima para a Igreja e para o mundo\u201d, assinalou.<\/p>\n<p>Tamb\u00e9m Andr\u00e9 Silva identifica a import\u00e2ncia que o \u00edcone mariano assume no mundo.<\/p>\n<p>O respons\u00e1vel trabalha no Santu\u00e1rio da Cova da Iria, h\u00e1 17 anos, e assume o cargo de diretor do departamento de Vigil\u00e2ncia e Gest\u00e3o Operacional do Santu\u00e1rio com uma \u201cno\u00e7\u00e3o clara da responsabilidade que implica\u201d fazer parte do cuidado com a imagem de nossa Senhora do Ros\u00e1rio de F\u00e1tima.<\/p>\n<p>\u201cPor outro lado tamb\u00e9m \u00e9 ter esta no\u00e7\u00e3o de alguma pequenez, de algu\u00e9m poder estar junto daquilo que \u00e9 um \u00edcone reconhecido mundialmente, como se calhar o maior \u00edcone mariano no mundo, e, portanto, \u00e9 este misto de emo\u00e7\u00f5es. Por um lado \u00e9 ter essa no\u00e7\u00e3o da grandeza que tudo isto envolve, mas tamb\u00e9m ter esta no\u00e7\u00e3o desta pequenez\u201d, indicou.<\/p>\n<p>Andr\u00e9 Silva explica que a imagem, que est\u00e1 exposta 24 horas por dia, \u00e9 acompanhada por vigilantes que garantem a sua seguran\u00e7a em perman\u00eancia.<\/p>\n<p>\u201cH\u00e1 sempre algu\u00e9m a observar esta imagem e a garantir que ela est\u00e1 no seu lugar, de forma cuidada. E, depois, obviamente, h\u00e1 todos os cuidados do pr\u00f3prio museu em fazer com que a imagem se mantenha devidamente conservada\u201d, testemunha.<\/p>\n<p>A sa\u00edda do \u00edcone para o Vaticano vai estar em destaque no programa \u201970\u00d77\u2032 deste domingo, transmitido pelas 17h30 na RTP2, dedicado \u00e0 imagem localizada no cora\u00e7\u00e3o do Santu\u00e1rio de F\u00e1tima, atrav\u00e9s dos testemunhos dos profissionais que com ela trabalham e lidam de perto.<\/p>\n<\/td>\n<\/tr>\n<p>LJ\/OC<\/p>\n","protected":false},"excerpt":{"rendered":"Da vigil\u00e2ncia ao acolhimento, profissionais do Santu\u00e1rio abordam import\u00e2ncia de escultura, com a qual o Papa Le\u00e3o XIV&hellip;\n","protected":false},"author":2,"featured_media":85127,"comment_status":"","ping_status":"","sticky":false,"template":"","format":"standard","meta":{"footnotes":""},"categories":[10],"tags":[27,28,15,16,14,25,26,21,22,12,13,19,20,32,23,24,33,17,18,29,30,31],"class_list":{"0":"post-106247","1":"post","2":"type-post","3":"status-publish","4":"format-standard","5":"has-post-thumbnail","7":"category-portugal","8":"tag-breaking-news","9":"tag-breakingnews","10":"tag-featured-news","11":"tag-featurednews","12":"tag-headlines","13":"tag-latest-news","14":"tag-latestnews","15":"tag-main-news","16":"tag-mainnews","17":"tag-news","18":"tag-noticias","19":"tag-noticias-principais","20":"tag-noticiasprincipais","21":"tag-portugal","22":"tag-principais-noticias","23":"tag-principaisnoticias","24":"tag-pt","25":"tag-top-stories","26":"tag-topstories","27":"tag-ultimas","28":"tag-ultimas-noticias","29":"tag-ultimasnoticias"},"share_on_mastodon":{"url":"","error":""},"_links":{"self":[{"href":"https:\/\/www.europesays.com\/pt\/wp-json\/wp\/v2\/posts\/106247","targetHints":{"allow":["GET"]}}],"collection":[{"href":"https:\/\/www.europesays.com\/pt\/wp-json\/wp\/v2\/posts"}],"about":[{"href":"https:\/\/www.europesays.com\/pt\/wp-json\/wp\/v2\/types\/post"}],"author":[{"embeddable":true,"href":"https:\/\/www.europesays.com\/pt\/wp-json\/wp\/v2\/users\/2"}],"replies":[{"embeddable":true,"href":"https:\/\/www.europesays.com\/pt\/wp-json\/wp\/v2\/comments?post=106247"}],"version-history":[{"count":0,"href":"https:\/\/www.europesays.com\/pt\/wp-json\/wp\/v2\/posts\/106247\/revisions"}],"wp:featuredmedia":[{"embeddable":true,"href":"https:\/\/www.europesays.com\/pt\/wp-json\/wp\/v2\/media\/85127"}],"wp:attachment":[{"href":"https:\/\/www.europesays.com\/pt\/wp-json\/wp\/v2\/media?parent=106247"}],"wp:term":[{"taxonomy":"category","embeddable":true,"href":"https:\/\/www.europesays.com\/pt\/wp-json\/wp\/v2\/categories?post=106247"},{"taxonomy":"post_tag","embeddable":true,"href":"https:\/\/www.europesays.com\/pt\/wp-json\/wp\/v2\/tags?post=106247"}],"curies":[{"name":"wp","href":"https:\/\/api.w.org\/{rel}","templated":true}]}}