{"id":106252,"date":"2025-10-11T11:27:06","date_gmt":"2025-10-11T11:27:06","guid":{"rendered":"https:\/\/www.europesays.com\/pt\/106252\/"},"modified":"2025-10-11T11:27:06","modified_gmt":"2025-10-11T11:27:06","slug":"romance-mineiro-denuncia-raizes-historicas-do-feminicidio","status":"publish","type":"post","link":"https:\/\/www.europesays.com\/pt\/106252\/","title":{"rendered":"Romance mineiro denuncia ra\u00edzes hist\u00f3ricas do feminic\u00eddio"},"content":{"rendered":"<p>\n                        Narrativa destaca o silenciamento das mulheres em um per\u00edodo dominado por vis\u00f5es patriarcais e cient\u00edficas                    <\/p>\n<p>A escritora, jornalista e atriz Lucciana Acquino, de Belo Horizonte, lan\u00e7ou seu primeiro romance de suspense, \u201cMensagens \u00e0 Cec\u00edlia \u2013 Revela\u00e7\u00f5es de uma trama diab\u00f3lica\u201d, que mistura mist\u00e9rio, espiritualidade e fatos hist\u00f3ricos para revisitar a misoginia e os feminic\u00eddios no fim do s\u00e9culo XIX.<\/p>\n<p>A narrativa aborda o silenciamento das mulheres em um per\u00edodo dominado por vis\u00f5es patriarcais e cient\u00edficas, em que o confinamento em hosp\u00edcios era usado como forma de puni\u00e7\u00e3o e controle. A autora descreve uma trama de revela\u00e7\u00f5es sombrias, repleta de segredos e reviravoltas, que mistura elementos espirituais e psicol\u00f3gicos para discutir a <a href=\"https:\/\/diariodocomercio.com.br\/mm2032\/estreia-conteudos-exclusivos-violencia-contra-mulher\/\" target=\"_blank\" rel=\"noreferrer noopener nofollow\">opress\u00e3o feminina<\/a> e a busca por liberdade.<\/p>\n<p>\u201cO livro \u00e9 um grito de mem\u00f3ria e repara\u00e7\u00e3o. Mostra como muitas mulheres foram condenadas \u00e0 loucura apenas por desafiarem as regras da \u00e9poca\u201d, afirma Lucciana Acquino.<\/p>\n<p>O enredo, protagonizado por Cec\u00edlia \u2013 personagem central da trama -, conduz o leitor por um universo em que raz\u00e3o e fantasia se confrontam, unindo a frieza da ci\u00eancia ao ardor da paix\u00e3o. A autora usa a ambienta\u00e7\u00e3o hist\u00f3rica como espelho das viol\u00eancias simb\u00f3licas e f\u00edsicas que ainda persistem na sociedade contempor\u00e2nea.<\/p>\n<p>Trajet\u00f3ria multifacetada <\/p>\n<p>Com mais de 30 anos de carreira, Lucciana Acquino \u00e9 formada em Jornalismo pela Fafi-BH e p\u00f3s-graduada em Novas Tecnologias em Comunica\u00e7\u00e3o pela Uni-BH. \u00c9 autora de obras como \u201cAtr\u00e1s das Letras\u201d (2011), \u201cOs Encantos de Minas\u201d (2012) e \u201cA Lenda da Menina M\u00e1\u201d (2023). Tamb\u00e9m atua no teatro \u2013 recentemente viveu H\u00e9cate, a deusa das bruxas, em \u201cMacbeth\u201d, e integra o elenco da pe\u00e7a \u201cCinderela\u201d, com estreia prevista para novembro.<\/p>\n<p>O livro est\u00e1 em pr\u00e9-venda por R$ 70, com entrega em todo o Pa\u00eds. Ap\u00f3s o lan\u00e7amento, chegar\u00e1 \u00e0s principais plataformas digitais. As reservas podem ser feitas pelo telefone (31) 99978-2749 ou pelos perfis @<a href=\"https:\/\/instagram.com\/escritora_lucianaaquino\" target=\"_blank\" rel=\"noreferrer noopener nofollow\">escritora_lucianaaquino<\/a> e @<a href=\"https:\/\/instagram.com\/jornalistalucianaaquino\" target=\"_blank\" rel=\"noreferrer noopener nofollow\">jornalistalucianaaquino<\/a> no Instagram.<\/p>\n<p>                    <script async src=\"\/\/www.instagram.com\/embed.js\"><\/script><\/p>\n","protected":false},"excerpt":{"rendered":"Narrativa destaca o silenciamento das mulheres em um per\u00edodo dominado por vis\u00f5es patriarcais e cient\u00edficas A escritora, jornalista&hellip;\n","protected":false},"author":2,"featured_media":106253,"comment_status":"","ping_status":"","sticky":false,"template":"","format":"standard","meta":{"footnotes":""},"categories":[143],"tags":[169,114,115,21682,237,170,834,32,33,25479],"class_list":{"0":"post-106252","1":"post","2":"type-post","3":"status-publish","4":"format-standard","5":"has-post-thumbnail","7":"category-livros","8":"tag-books","9":"tag-entertainment","10":"tag-entretenimento","11":"tag-feminicidio","12":"tag-livro","13":"tag-livros","14":"tag-negocios","15":"tag-portugal","16":"tag-pt","17":"tag-violencia-contra-mulher"},"share_on_mastodon":{"url":"","error":""},"_links":{"self":[{"href":"https:\/\/www.europesays.com\/pt\/wp-json\/wp\/v2\/posts\/106252","targetHints":{"allow":["GET"]}}],"collection":[{"href":"https:\/\/www.europesays.com\/pt\/wp-json\/wp\/v2\/posts"}],"about":[{"href":"https:\/\/www.europesays.com\/pt\/wp-json\/wp\/v2\/types\/post"}],"author":[{"embeddable":true,"href":"https:\/\/www.europesays.com\/pt\/wp-json\/wp\/v2\/users\/2"}],"replies":[{"embeddable":true,"href":"https:\/\/www.europesays.com\/pt\/wp-json\/wp\/v2\/comments?post=106252"}],"version-history":[{"count":0,"href":"https:\/\/www.europesays.com\/pt\/wp-json\/wp\/v2\/posts\/106252\/revisions"}],"wp:featuredmedia":[{"embeddable":true,"href":"https:\/\/www.europesays.com\/pt\/wp-json\/wp\/v2\/media\/106253"}],"wp:attachment":[{"href":"https:\/\/www.europesays.com\/pt\/wp-json\/wp\/v2\/media?parent=106252"}],"wp:term":[{"taxonomy":"category","embeddable":true,"href":"https:\/\/www.europesays.com\/pt\/wp-json\/wp\/v2\/categories?post=106252"},{"taxonomy":"post_tag","embeddable":true,"href":"https:\/\/www.europesays.com\/pt\/wp-json\/wp\/v2\/tags?post=106252"}],"curies":[{"name":"wp","href":"https:\/\/api.w.org\/{rel}","templated":true}]}}