{"id":106254,"date":"2025-10-11T11:28:07","date_gmt":"2025-10-11T11:28:07","guid":{"rendered":"https:\/\/www.europesays.com\/pt\/106254\/"},"modified":"2025-10-11T11:28:07","modified_gmt":"2025-10-11T11:28:07","slug":"dou-pinta-muito-antes-do-felix","status":"publish","type":"post","link":"https:\/\/www.europesays.com\/pt\/106254\/","title":{"rendered":"&#8220;Dou pinta muito antes do F\u00e9lix&#8217;"},"content":{"rendered":"\n<p>Rec\u00e9m-separado, Mateus Solano, 47, n\u00e3o se importa com questionamentos sobre sua sexualidade.<\/p>\n<ul>\n<li>&#8220;Lembro que depois do F\u00e9lix as pessoas falavam: &#8216;Ih, agora o personagem n\u00e3o sai dele, est\u00e1 l\u00e1 dando pinta e coisa e tal&#8217;. Falo: &#8216;Gente, dou pinta muito antes do F\u00e9lix. Ali\u00e1s, emprestei a minha pinta para o F\u00e9lix e n\u00e3o contr\u00e1rio'&#8221;, disse em entrevista \u00e0 coluna Gente, da Veja;<\/li>\n<li>Sou eu que empresto as minhas ferramentas e os meus trejeitos para o personagem, e n\u00e3o o contr\u00e1rio. Ent\u00e3o, n\u00e3o me incomoda absolutamente, disseMateus Solano.<\/li>\n<li>O personagem de &#8220;Amor \u00e0 Vida&#8221; (Globo) \u00e9 a grande realiza\u00e7\u00e3o profissional e art\u00edstica de sua vida. &#8220;Fazer um pa\u00eds inteiro parar para discutir preconceitos \u00e9 a coisa mais forte para um artista. \u00c9 o que quero no teatro, \u00e9 o que quero para meus personagens&#8221;;<\/li>\n<li>O ator tamb\u00e9m comentou a cobran\u00e7a para que emissoras paguem direitos autorais em reprises. &#8220;O justo \u00e9 pagar, mas \u00e9 o mais dif\u00edcil de acontecer, cada vez mais. Estamos lutando ali pelos 12%, no caso do dinheiro que a Netflix n\u00e3o paga, e n\u00e3o paga imposto e recolhe tudo que ela ganha aqui no Brasil. A gente luta para que 12% dessa grana fique no Brasil, para ser investida em produto nacional&#8221;;<\/li>\n<li>Cada vez mais, com a pulveriza\u00e7\u00e3o da nossa imagem, enquanto as pessoas vendem comercial para passar entre o nosso trabalho, a gente n\u00e3o ganha nada com isso. E no final das contas somos a raz\u00e3o para passar de novo a novela. Se vai passar a novela do F\u00e9lix, por que sen\u00e3o para ver o F\u00e9lix? E vai assistir ao comercial. Portanto, a gente precisa rever isso, n\u00e9? Multiplicam-se as formas de explorar o nosso trabalho, mas n\u00e3o se multiplicam as formas de nos remunerar.<\/li>\n<\/ul>\n","protected":false},"excerpt":{"rendered":"Rec\u00e9m-separado, Mateus Solano, 47, n\u00e3o se importa com questionamentos sobre sua sexualidade. &#8220;Lembro que depois do F\u00e9lix as&hellip;\n","protected":false},"author":2,"featured_media":106255,"comment_status":"","ping_status":"","sticky":false,"template":"","format":"standard","meta":{"footnotes":""},"categories":[142],"tags":[25483,528,726,114,115,741,2039,3620,753,19649,2931,32,25481,33,25480,25482,8173,17099,151],"class_list":{"0":"post-106254","1":"post","2":"type-post","3":"status-publish","4":"format-standard","5":"has-post-thumbnail","7":"category-tv","8":"tag-amor-a-vida","9":"tag-artista","10":"tag-brasil","11":"tag-entertainment","12":"tag-entretenimento","13":"tag-entrevista","14":"tag-felix","15":"tag-gente","16":"tag-globo","17":"tag-mateus-solano","18":"tag-novela","19":"tag-portugal","20":"tag-preconceitos","21":"tag-pt","22":"tag-remuneracao","23":"tag-reprises","24":"tag-revelacoes","25":"tag-sexualidade","26":"tag-tv"},"share_on_mastodon":{"url":"","error":""},"_links":{"self":[{"href":"https:\/\/www.europesays.com\/pt\/wp-json\/wp\/v2\/posts\/106254","targetHints":{"allow":["GET"]}}],"collection":[{"href":"https:\/\/www.europesays.com\/pt\/wp-json\/wp\/v2\/posts"}],"about":[{"href":"https:\/\/www.europesays.com\/pt\/wp-json\/wp\/v2\/types\/post"}],"author":[{"embeddable":true,"href":"https:\/\/www.europesays.com\/pt\/wp-json\/wp\/v2\/users\/2"}],"replies":[{"embeddable":true,"href":"https:\/\/www.europesays.com\/pt\/wp-json\/wp\/v2\/comments?post=106254"}],"version-history":[{"count":0,"href":"https:\/\/www.europesays.com\/pt\/wp-json\/wp\/v2\/posts\/106254\/revisions"}],"wp:featuredmedia":[{"embeddable":true,"href":"https:\/\/www.europesays.com\/pt\/wp-json\/wp\/v2\/media\/106255"}],"wp:attachment":[{"href":"https:\/\/www.europesays.com\/pt\/wp-json\/wp\/v2\/media?parent=106254"}],"wp:term":[{"taxonomy":"category","embeddable":true,"href":"https:\/\/www.europesays.com\/pt\/wp-json\/wp\/v2\/categories?post=106254"},{"taxonomy":"post_tag","embeddable":true,"href":"https:\/\/www.europesays.com\/pt\/wp-json\/wp\/v2\/tags?post=106254"}],"curies":[{"name":"wp","href":"https:\/\/api.w.org\/{rel}","templated":true}]}}