{"id":106262,"date":"2025-10-11T11:36:09","date_gmt":"2025-10-11T11:36:09","guid":{"rendered":"https:\/\/www.europesays.com\/pt\/106262\/"},"modified":"2025-10-11T11:36:09","modified_gmt":"2025-10-11T11:36:09","slug":"saude-mental-ha-dificuldade-de-compreender-que-a-cabeca-e-um-orgao-pode-adoecer-e-precisa-ser-cuidado-alerta-mariana-bordalo-rodrigues-agencia-ecclesia","status":"publish","type":"post","link":"https:\/\/www.europesays.com\/pt\/106262\/","title":{"rendered":"Sa\u00fade Mental: \u00abH\u00e1 dificuldade de compreender que a cabe\u00e7a \u00e9 um \u00f3rg\u00e3o, pode adoecer e precisa ser cuidado\u00bb, alerta Mariana Bordalo Rodrigues &#8211; Agencia Ecclesia"},"content":{"rendered":"<ol>\n<li><a href=\"https:\/\/news.google.com\/rss\/articles\/CBMi_wFBVV95cUxNeEZQXzAzb3RXNDhNYkp0SHE0MmhIREluNkpWVnV4M0dGOEVIVEVLSXl6Q3d1Z3hhMEFENV9qV18xWDEzZDZUVzRmTkU4QTh5U0ZrSjJiMDRmYnY3V0FSalVHU3dNdnFJQzdUOEN6VG5UT2EwRGVTUVpNbDBFZWNTcjNMNXcySWtlWlBxVXA3Y1M2ZFhHZ09SZU9UeEFMXzFid0tZeGJqS085aWw2MXVScmFzYlBJOEh3YTJvMTg0TDVFUnBsRWhYTjRvWHpZUVdGU3A0MF9FUUtxOXJ2NWNpQlJLV0oyNHhvWnNTUkNUWGRDTHJqTkl3OHFHSUpVY1U?oc=5\" target=\"_blank\" rel=\"nofollow noopener\">Sa\u00fade Mental: \u00abH\u00e1 dificuldade de compreender que a cabe\u00e7a \u00e9 um \u00f3rg\u00e3o, pode adoecer e precisa ser cuidado\u00bb, alerta Mariana Bordalo Rodrigues<\/a>&nbsp;&nbsp;Agencia Ecclesia<\/li>\n<li><a href=\"https:\/\/news.google.com\/rss\/articles\/CBMi0wFBVV95cUxPUmtCVUxCRmhZN2dXNl9tVzRWMlJZTUVKNVkwWERDaTl2cEcwNFpTdThScTdOZ2tmaU83a2M1VV82M2VsRF9FMlZxWnc0Slpwa2RHay1jWmN5TmMtU085NDFhSkZaOHI1TlRFcGppTG9Uc3JNZEdMWkJlR1ZsOENyQl90bkx1TG1VajM0aHNrSGJ5eG1NWnlQQTdXSjlONUQtTjBSNGdzTUpRakVPWGhUWnBPMThpbjAzRGd6ckZXTlRZS0cwMmgzUlNLTS1MRVpqLS1v?oc=5\" target=\"_blank\" rel=\"nofollow noopener\">Epidemia Silenciosa: Sa\u00fade Mental Ultrapassa C\u00e2ncer e se Torna a Maior Preocupa\u00e7\u00e3o dos Brasileiros<\/a>&nbsp;&nbsp;Forbes Brasil<\/li>\n<li><a href=\"https:\/\/news.google.com\/rss\/articles\/CBMi9AFBVV95cUxQdUZJcXprTDBoUE9LaWZWZGhVQk4zWHA3b0FZczR3REpGS2xZcVVqRXAzLWtFS1U5a0UzeDA0d2RDdHRQem1pcmtXS0QxSmNkcWJ6OUJINWxVbVU2WVJfMGVfWGlocnF6Vm81bWZERVJLbEZNYkJWWmtwT0dBMGlVMXM4LXliTE5iUW54cVp4QWo2RnJVNWdlaWt1WjRwaEJISEFPVDJMVmdGbDlBekRSVFhNamNtelhCSU9xUFA2c0t0eGtQb3dnbnN2V2NjR29mODUwdHZqa1A2Yng5Ymt4MUN4bW8yZFpuRW15NGhnV2YtMG1W?oc=5\" target=\"_blank\" rel=\"nofollow noopener\">No ano de 2025, a data levanta como tema central os efeitos da sobrecarga provocada pela cobertura jornal\u00edstica no mundo<\/a>&nbsp;&nbsp;Portal da Alego<\/li>\n<li><a href=\"https:\/\/news.google.com\/rss\/articles\/CBMixAFBVV95cUxONHpSdnpUTUl0UnRVblZ5RVFxRE1ZVXlGSXZ3TTJWaFdfYWJEaHdkajRkM0E1RWlnbGE3akJka2t2UUczNjByNEw4ck13TEtRU21qUDBQYkQ0TXAwQ2hJQWtsVVc1enYteExRVEVPYkVpZ3hyUlI0QUQtVGNGZ0RNTXRGV210Y0hLeXNQM3V0RzlYVWw0VWJuVms5NUlUb2V2eUFtSWYxZmZfVFlZOTBpdkdlMDlScDA4MFhpcWtHWEF2T0tp?oc=5\" target=\"_blank\" rel=\"nofollow noopener\">Sa\u00fade mental: apenas 5% dos brasileiros fazem terapia, aponta estudo<\/a>&nbsp;&nbsp;Ag\u00eancia Brasil<\/li>\n<li><a href=\"https:\/\/news.google.com\/rss\/articles\/CBMi1AFBVV95cUxNVVJZa2lSVG1hempYQVo1OUNPV0YzQTZDbDg3R3FKUE13b3lKRVNwS0o5WlNLekhnSjV1a2xfczliWURITGZEUGVpZEozU2VUZlE4UWpXT29ZN3lhYmwzOXlrNE9xVWFsbGkwNXhHMkN6aW0tcF9ZUW12OG40NEV0clBfbjlVVWstVXdsQmllajduaHVFSFRtTmx1V19ueWw3X3o1WWVRQTAwdU5PUEZHRHdyMlBtSFlBQWkzdHhXLW9wcE9rSzFHUF9vTmZmT3htVkVKaA?oc=5\" target=\"_blank\" rel=\"nofollow noopener\">Prefeitura celebra o Dia Mundial da Sa\u00fade Mental com mix de atra\u00e7\u00f5es no Memorial de Curitiba<\/a>&nbsp;&nbsp;Prefeitura de Curitiba<\/li>\n<\/ol>\n","protected":false},"excerpt":{"rendered":"Sa\u00fade Mental: \u00abH\u00e1 dificuldade de compreender que a cabe\u00e7a \u00e9 um \u00f3rg\u00e3o, pode adoecer e precisa ser cuidado\u00bb,&hellip;\n","protected":false},"author":2,"featured_media":105934,"comment_status":"","ping_status":"","sticky":false,"template":"","format":"standard","meta":{"footnotes":""},"categories":[50],"tags":[27,28,15,16,14,25,26,21,22,62,12,13,19,20,23,24,17,18,29,30,31,63,64,65],"class_list":{"0":"post-106262","1":"post","2":"type-post","3":"status-publish","4":"format-standard","5":"has-post-thumbnail","7":"category-mundo","8":"tag-breaking-news","9":"tag-breakingnews","10":"tag-featured-news","11":"tag-featurednews","12":"tag-headlines","13":"tag-latest-news","14":"tag-latestnews","15":"tag-main-news","16":"tag-mainnews","17":"tag-mundo","18":"tag-news","19":"tag-noticias","20":"tag-noticias-principais","21":"tag-noticiasprincipais","22":"tag-principais-noticias","23":"tag-principaisnoticias","24":"tag-top-stories","25":"tag-topstories","26":"tag-ultimas","27":"tag-ultimas-noticias","28":"tag-ultimasnoticias","29":"tag-world","30":"tag-world-news","31":"tag-worldnews"},"share_on_mastodon":{"url":"","error":""},"_links":{"self":[{"href":"https:\/\/www.europesays.com\/pt\/wp-json\/wp\/v2\/posts\/106262","targetHints":{"allow":["GET"]}}],"collection":[{"href":"https:\/\/www.europesays.com\/pt\/wp-json\/wp\/v2\/posts"}],"about":[{"href":"https:\/\/www.europesays.com\/pt\/wp-json\/wp\/v2\/types\/post"}],"author":[{"embeddable":true,"href":"https:\/\/www.europesays.com\/pt\/wp-json\/wp\/v2\/users\/2"}],"replies":[{"embeddable":true,"href":"https:\/\/www.europesays.com\/pt\/wp-json\/wp\/v2\/comments?post=106262"}],"version-history":[{"count":0,"href":"https:\/\/www.europesays.com\/pt\/wp-json\/wp\/v2\/posts\/106262\/revisions"}],"wp:featuredmedia":[{"embeddable":true,"href":"https:\/\/www.europesays.com\/pt\/wp-json\/wp\/v2\/media\/105934"}],"wp:attachment":[{"href":"https:\/\/www.europesays.com\/pt\/wp-json\/wp\/v2\/media?parent=106262"}],"wp:term":[{"taxonomy":"category","embeddable":true,"href":"https:\/\/www.europesays.com\/pt\/wp-json\/wp\/v2\/categories?post=106262"},{"taxonomy":"post_tag","embeddable":true,"href":"https:\/\/www.europesays.com\/pt\/wp-json\/wp\/v2\/tags?post=106262"}],"curies":[{"name":"wp","href":"https:\/\/api.w.org\/{rel}","templated":true}]}}