{"id":106269,"date":"2025-10-11T11:50:13","date_gmt":"2025-10-11T11:50:13","guid":{"rendered":"https:\/\/www.europesays.com\/pt\/106269\/"},"modified":"2025-10-11T11:50:13","modified_gmt":"2025-10-11T11:50:13","slug":"mayte-piragibe-fala-da-volta-a-globo-em-dona-de-mim-do-trabalho-como-produtora-de-cinema-e-da-maternidade-solo","status":"publish","type":"post","link":"https:\/\/www.europesays.com\/pt\/106269\/","title":{"rendered":"Mayt\u00ea Piragibe fala da volta \u00e0 Globo em &#8216;Dona de mim&#8217;, do trabalho como produtora de cinema e da maternidade solo"},"content":{"rendered":"\n<p class=\" content-text__container theme-color-primary-first-letter\" data-track-category=\"Link no Texto\" data-track-links=\"\"> Longe das novelas da Globo desde \u201c<a class=\"\" href=\"https:\/\/oglobo.globo.com\/tudo-sobre\/novela\/como-uma-onda\" rel=\"nofollow noopener\" target=\"_blank\">Como uma onda<\/a>\u201d (2004), Mayt\u00ea Piragibe gravou uma participa\u00e7\u00e3o em \u201c<a class=\"\" href=\"https:\/\/oglobo.globo.com\/tudo-sobre\/novela\/dona-de-mim\/\" rel=\"nofollow noopener\" target=\"_blank\">Dona de mim<\/a>\u201d como a integrante de um grupo de apoio de Filipa (<a class=\"\" href=\"https:\/\/oglobo.globo.com\/tudo-sobre\/personalidade\/claudia-abreu\" rel=\"nofollow noopener\" target=\"_blank\">Cl\u00e1udia Abreu<\/a>). A atriz fala sobre o retorno \u00e0 emissora: <\/p>\n<ul class=\"content-unordered-list\">\n<li><strong>Entrevista: <\/strong><a class=\"\" href=\"https:\/\/oglobo.globo.com\/play\/entrevistas\/noticia\/2025\/10\/07\/danielle-winits-fala-da-estreia-do-seu-primeiro-monologo-da-relacao-com-os-filhos-adolescentes-e-da-uniao-com-andre-goncalves.ghtml\" rel=\"nofollow noopener\" target=\"_blank\">Danielle Winits critica o ex, Jonatas Faro, por &#8216;desleixo afetivo&#8217; com o filho deles e diz que Andr\u00e9 Gon\u00e7alves virou a figura paterna do menino<\/a><\/li>\n<li><strong>E mais:<\/strong> <a class=\"\" href=\"https:\/\/oglobo.globo.com\/play\/realities\/noticia\/2025\/10\/10\/dez-anos-apos-o-bbb-15-aline-gotschalg-fala-do-casamento-com-fernando-medeiros-e-da-superacao-de-um-cancer.ghtml\" rel=\"nofollow noopener\" target=\"_blank\">aos 35, ex-&#8216;BBB&#8217; Aline Gotschalg fala da sa\u00fade ap\u00f3s superar c\u00e2ncer com met\u00e1stase que a fez perder a fala temporariamente<\/a><\/li>\n<\/ul>\n<p class=\" content-text__container \" data-track-category=\"Link no Texto\" data-track-links=\"\"> \u2014 Estou muito feliz. Minha trajet\u00f3ria na TV Globo come\u00e7ou cedo, aos 17 anos. Fiquei at\u00e9 os 22 e fui direto para a <a class=\"\" href=\"https:\/\/oglobo.globo.com\/tudo-sobre\/canal\/record\" rel=\"nofollow noopener\" target=\"_blank\">Record<\/a>, onde atuei at\u00e9 2017, com muitos trabalhos e protagonistas. Depois disso, resgatei meu lado de apresentadora. Ajudei a lan\u00e7ar o canal Like, no qual agora apresento programas sobre filmes e s\u00e9ries. \u00c9 como se eu estivesse recome\u00e7ando do zero. Senti que precisava resgatar a minha ess\u00eancia de atriz. Espero que esse retorno gere novas oportunidades e abra portas para outros projetos. <\/p>\n<p class=\" content-text__container \" data-track-category=\"Link no Texto\" data-track-links=\"\"> Ela conta como foi contracenar com Cl\u00e1udia: <\/p>\n<p class=\" content-text__container \" data-track-category=\"Link no Texto\" data-track-links=\"\"> \u2014 Ela sempre foi uma grande refer\u00eancia para mim como atriz. \u00c9, sem d\u00favidas, uma das maiores atrizes que temos, n\u00e3o s\u00f3 no Brasil, mas no mundo. Quando finalmente gravamos juntas, fui surpreendida positivamente: fui tratada ainda melhor do que poderia imaginar. A Cacau foi muito generosa e me acolheu, fizemos uma cena superemocionante. <\/p>\n<p class=\" content-text__container \" data-track-category=\"Link no Texto\" data-track-links=\"\"> Aos 41 anos, Mayt\u00ea vem expandindo a sua carreira desde a pandemia e, al\u00e9m de atuar, come\u00e7ou a trabalhar como produtora, roteirista e diretora. Ela desenvolve atualmente uma s\u00e9rie de curtas sobre os sete pecados capitais. O primeiro deles, sobre a pregui\u00e7a, ser\u00e1 lan\u00e7ado no fim do ano: <\/p>\n<p class=\" content-text__container \" data-track-category=\"Link no Texto\" data-track-links=\"\"> \u2014 Mudei para S\u00e3o Paulo para abra\u00e7ar e tentar surfar na onda do mercado de streaming e dos novos players internacionais, que estavam investindo muito ap\u00f3s a pandemia. Fui aprendendo tamb\u00e9m sobre os novos formatos de produ\u00e7\u00e3o, j\u00e1 que estamos numa era diferente, com mudan\u00e7as envolvendo o fundo setorial, as produtoras e o audiovisual como um todo. Muitos projetos que realizei nesse per\u00edodo foram no estilo guerrilha, e agora estou na correria para distribuir e continuar produzindo os pr\u00f3ximos. <\/p>\n<p class=\" content-text__container \" data-track-category=\"Link no Texto\" data-track-links=\"\"> A atriz mora com a filha, Violeta, que completar\u00e1 15 anos em novembro. A menina \u00e9 fruto do relacionamento dela com o ator Marlos Cruz, de quem se separou em 2013. Em entrevista ao podcast &#8220;Mil e uma TrETAS&#8221;, em agosto, ela falou sobre o processo de separa\u00e7\u00e3o, ap\u00f3s descobrir que o ex-marido a havia tra\u00eddo diversas vezes, inclusive com a bab\u00e1 da filha e amigas da fam\u00edlia. Mayt\u00ea acrescentou que, desde ent\u00e3o, se tornou m\u00e3e solo. A atriz fala sobre a situa\u00e7\u00e3o: <\/p>\n<p class=\" content-text__container \" data-track-category=\"Link no Texto\" data-track-links=\"\"> \u2014 Eu digo que \u00e9 uma b\u00ean\u00e7\u00e3o. Sou muito feliz por ter essa independ\u00eancia com minha filha, porque isso me d\u00e1 autonomia para escolher e proteg\u00ea-la, guiando pelo caminho que considero melhor. Existe um lado muito bonito e potente nisso. Sempre se fala muito dos desafios, mas quero enaltecer a liberdade e a for\u00e7a de ter autonomia sobre o maternar. Ela funciona como meu combust\u00edvel para a vida. Ela me motiva a trabalhar muito e a sempre buscar o melhor para n\u00f3s duas. Tamb\u00e9m \u00e9 um combust\u00edvel criativo, porque ela \u00e9 das artes, \u00e9 cin\u00e9fila, como eu. <\/p>\n<ul class=\"content-unordered-list\">\n<li><strong>TV e famosos:<\/strong> <a class=\"\" href=\"https:\/\/www.whatsapp.com\/channel\/0029Va3JQfiDTkJwvhCFGq1r\" target=\"_blank\" rel=\"nofollow noopener\">se inscreva no canal da coluna Play no WhatsApp<\/a><\/li>\n<\/ul>\n<p class=\" content-text__container \" data-track-category=\"Link no Texto\" data-track-links=\"\"> Depois de 11 anos solteira, a atriz engatou um romance no no fim de 2024 com o publicit\u00e1rio Leonardo Balthazar: <\/p>\n<p class=\" content-text__container \" data-track-category=\"Link no Texto\" data-track-links=\"\"> \u2014 \u00c9ramos amigo antes de come\u00e7ar a namorar, ent\u00e3o tudo aconteceu de maneira muito natural. Ele \u00e9 um grande parceiro e me d\u00e1 d\u00e1 todo o suporte com a minha filha. A Violeta ama o Leo. Ele \u00e9 um homem maravilhoso. Ele chegou no momento certo, brindando essa nova fase da minha vida com mais amor, arte e harmonia. \u00c9 o resultado de muito trabalho, de investimento pessoal, pesquisa e curadoria na minha pr\u00f3pria vida, buscando caminhos que realmente fizessem sentido para mim. Ele veio para completar esse mosaico. <\/p>\n<p>    Veja ex-casais que brigaram na Justi\u00e7a pela guarda dos filhos         <\/p>\n<p>.<\/p>\n<p>        <img decoding=\"async\" class=\"content-media__image\"  src=\"https:\/\/www.europesays.com\/pt\/wp-content\/uploads\/2025\/10\/whatsapp-image-2025-10-10-at-17.22.26-1-.jpeg\" alt=\"Mayt\u00ea Piragibe e o namorado, Leonardo Balthazar \u2014 Foto: Reprodu\u00e7\u00e3o\/Instagram\" width=\"656\" height=\"601\" loading=\"lazy\"\/>  Mayt\u00ea Piragibe e o namorado, Leonardo Balthazar \u2014 Foto: Reprodu\u00e7\u00e3o\/Instagram             <\/p>\n","protected":false},"excerpt":{"rendered":"Longe das novelas da Globo desde \u201cComo uma onda\u201d (2004), Mayt\u00ea Piragibe gravou uma participa\u00e7\u00e3o em \u201cDona de&hellip;\n","protected":false},"author":2,"featured_media":106270,"comment_status":"","ping_status":"","sticky":false,"template":"","format":"standard","meta":{"footnotes":""},"categories":[142],"tags":[4789,25485,1718,114,115,32,33,2568,679,151,2323],"class_list":{"0":"post-106269","1":"post","2":"type-post","3":"status-publish","4":"format-standard","5":"has-post-thumbnail","7":"category-tv","8":"tag-claudia-abreu","9":"tag-como-uma-onda","10":"tag-dona-de-mim","11":"tag-entertainment","12":"tag-entretenimento","13":"tag-portugal","14":"tag-pt","15":"tag-record","16":"tag-reportagem","17":"tag-tv","18":"tag-tv-globo"},"share_on_mastodon":{"url":"","error":""},"_links":{"self":[{"href":"https:\/\/www.europesays.com\/pt\/wp-json\/wp\/v2\/posts\/106269","targetHints":{"allow":["GET"]}}],"collection":[{"href":"https:\/\/www.europesays.com\/pt\/wp-json\/wp\/v2\/posts"}],"about":[{"href":"https:\/\/www.europesays.com\/pt\/wp-json\/wp\/v2\/types\/post"}],"author":[{"embeddable":true,"href":"https:\/\/www.europesays.com\/pt\/wp-json\/wp\/v2\/users\/2"}],"replies":[{"embeddable":true,"href":"https:\/\/www.europesays.com\/pt\/wp-json\/wp\/v2\/comments?post=106269"}],"version-history":[{"count":0,"href":"https:\/\/www.europesays.com\/pt\/wp-json\/wp\/v2\/posts\/106269\/revisions"}],"wp:featuredmedia":[{"embeddable":true,"href":"https:\/\/www.europesays.com\/pt\/wp-json\/wp\/v2\/media\/106270"}],"wp:attachment":[{"href":"https:\/\/www.europesays.com\/pt\/wp-json\/wp\/v2\/media?parent=106269"}],"wp:term":[{"taxonomy":"category","embeddable":true,"href":"https:\/\/www.europesays.com\/pt\/wp-json\/wp\/v2\/categories?post=106269"},{"taxonomy":"post_tag","embeddable":true,"href":"https:\/\/www.europesays.com\/pt\/wp-json\/wp\/v2\/tags?post=106269"}],"curies":[{"name":"wp","href":"https:\/\/api.w.org\/{rel}","templated":true}]}}