{"id":106273,"date":"2025-10-11T11:53:09","date_gmt":"2025-10-11T11:53:09","guid":{"rendered":"https:\/\/www.europesays.com\/pt\/106273\/"},"modified":"2025-10-11T11:53:09","modified_gmt":"2025-10-11T11:53:09","slug":"supertaca-de-hoquei-em-patins-ao-vivo-fc-porto-sporting-3-2-maisfutebol","status":"publish","type":"post","link":"https:\/\/www.europesays.com\/pt\/106273\/","title":{"rendered":"Superta\u00e7a de h\u00f3quei em patins AO VIVO: FC Porto-Sporting (3-2) &#8211; Maisfutebol"},"content":{"rendered":"<ol>\n<li><a href=\"https:\/\/news.google.com\/rss\/articles\/CBMib0FVX3lxTFBhdTJlcEtXa3h5VTV5VHdsdlJWczh5ZXBPZllCZ1hRNHhWRWgzcWxsaF9yUUlBSEZYNnpsakctclpVTWtQaTJzUG9KcjI0WlAyUTExQ2F0T01paF9DeUdBVVl5T0hnWnZhUVMwSFljZw?oc=5\" target=\"_blank\" rel=\"nofollow noopener\">Superta\u00e7a de h\u00f3quei em patins AO VIVO: FC Porto-Sporting (3-2)<\/a>&nbsp;&nbsp;Maisfutebol<\/li>\n<li><a href=\"https:\/\/news.google.com\/rss\/articles\/CBMizAFBVV95cUxOUVRnN1ktNVdKc256dnZUMzhEUkhBOU45OGhWWVdGM3ZVbXU2ZmQ2V2hjdW5kNEM0akExYjJBMi00bGhid3VEWnR4cW1PVnFObjNaSEtOQkZOOS1ueDVCUmRzaWZETDNjYTBIODBlV1hTUU5pUlRDdnZNRl91ZWVaNUJMUDJSTDlWNU9aMVRicXpDbWJidnJiRU1zeVNma2pCem5sTXVSaEZscnZqb3hxQlJHbTRJeDF5ek1VdTI1TjA3cTNKams5c19VaEk?oc=5\" target=\"_blank\" rel=\"nofollow noopener\">Superta\u00e7as de h\u00f3quei em patins regressam a Odivelas com duelos de alto n\u00edvel<\/a>&nbsp;&nbsp;RTP<\/li>\n<li><a href=\"https:\/\/news.google.com\/rss\/articles\/CBMickFVX3lxTE5sc0xST3hfdGJRQWIwN0RlcHVfb3NIN0oxYnZTWm9MWUJ0Y1VIYkdPd3lPUnE3Nm85ZEtrR24ySXhld1Q2ZVdKckpHMGZ0ZUVCbHRaazJQQTdnS0ZDZ0s4WW9FZS1vd08yNGZSV2tiZ0Nudw?oc=5\" target=\"_blank\" rel=\"nofollow noopener\">Em direto Siga o FC Porto-Sporting para a Superta\u00e7a: Mais um golo<\/a>&nbsp;&nbsp;A Bola<\/li>\n<li><a href=\"https:\/\/news.google.com\/rss\/articles\/CBMiwAFBVV95cUxObTQzYUl0alJDcEUzRnE3VTNPeFJjbHhyLXI5NFFPNkVsMU11QlBHdjRIVXh3dTcyNVZOM3Yxdzl1TW4tUk42YnZWWTdhMTNlYl9ZZWtPN0FKU1pmZDJKME54b21jbGV6N29vTEdBZnZkZTFLWGMtdnlVUUNwLWNiVGotX2ZpSWhFT2JZbjhDNHB6QnlPWmNGWGlPNGthZWpPdDhLLTQxczFNQXZfNk9PaWU2QWdYYTlhYThiUUt3MVI?oc=5\" target=\"_blank\" rel=\"nofollow noopener\">Rafa Bessa: \u00abSomos Campe\u00f5es Mundiais e vamos jogar com a confian\u00e7a que isso nos traz\u00bb<\/a>&nbsp;&nbsp;zerozero.pt<\/li>\n<li><a href=\"https:\/\/news.google.com\/rss\/articles\/CBMifkFVX3lxTE9LQjJmT1dSckdvMmZlSW0ydHhSeXhMUXVTNjEyYlg0ZWpyZ3dUS2FCTnJqZWhER2VRdzRORlFOSVlxS2d3T1JXZEVKdVEzWTFTb2duNEI1SnZ1U081ams1MFhfOE5iOFExT3BmYkhJNm5OY0JiTGgtZ0JCV0xJUQ?oc=5\" target=\"_blank\" rel=\"nofollow noopener\">Confer\u00eancia de imprensa lan\u00e7a Superta\u00e7as<\/a>&nbsp;&nbsp;H\u00f3queiPT<\/li>\n<\/ol>\n","protected":false},"excerpt":{"rendered":"Superta\u00e7a de h\u00f3quei em patins AO VIVO: FC Porto-Sporting (3-2)&nbsp;&nbsp;Maisfutebol Superta\u00e7as de h\u00f3quei em patins regressam a Odivelas&hellip;\n","protected":false},"author":2,"featured_media":106274,"comment_status":"","ping_status":"","sticky":false,"template":"","format":"standard","meta":{"footnotes":""},"categories":[87],"tags":[135,32,33,47,134],"class_list":{"0":"post-106273","1":"post","2":"type-post","3":"status-publish","4":"format-standard","5":"has-post-thumbnail","7":"category-desporto","8":"tag-desporto","9":"tag-portugal","10":"tag-pt","11":"tag-pura-paixao","12":"tag-sports"},"share_on_mastodon":{"url":"","error":""},"_links":{"self":[{"href":"https:\/\/www.europesays.com\/pt\/wp-json\/wp\/v2\/posts\/106273","targetHints":{"allow":["GET"]}}],"collection":[{"href":"https:\/\/www.europesays.com\/pt\/wp-json\/wp\/v2\/posts"}],"about":[{"href":"https:\/\/www.europesays.com\/pt\/wp-json\/wp\/v2\/types\/post"}],"author":[{"embeddable":true,"href":"https:\/\/www.europesays.com\/pt\/wp-json\/wp\/v2\/users\/2"}],"replies":[{"embeddable":true,"href":"https:\/\/www.europesays.com\/pt\/wp-json\/wp\/v2\/comments?post=106273"}],"version-history":[{"count":0,"href":"https:\/\/www.europesays.com\/pt\/wp-json\/wp\/v2\/posts\/106273\/revisions"}],"wp:featuredmedia":[{"embeddable":true,"href":"https:\/\/www.europesays.com\/pt\/wp-json\/wp\/v2\/media\/106274"}],"wp:attachment":[{"href":"https:\/\/www.europesays.com\/pt\/wp-json\/wp\/v2\/media?parent=106273"}],"wp:term":[{"taxonomy":"category","embeddable":true,"href":"https:\/\/www.europesays.com\/pt\/wp-json\/wp\/v2\/categories?post=106273"},{"taxonomy":"post_tag","embeddable":true,"href":"https:\/\/www.europesays.com\/pt\/wp-json\/wp\/v2\/tags?post=106273"}],"curies":[{"name":"wp","href":"https:\/\/api.w.org\/{rel}","templated":true}]}}