{"id":106277,"date":"2025-10-11T11:59:17","date_gmt":"2025-10-11T11:59:17","guid":{"rendered":"https:\/\/www.europesays.com\/pt\/106277\/"},"modified":"2025-10-11T11:59:17","modified_gmt":"2025-10-11T11:59:17","slug":"sem-ferias-nem-folgas-imigrantes-pagam-230-euros-por-uma-cama","status":"publish","type":"post","link":"https:\/\/www.europesays.com\/pt\/106277\/","title":{"rendered":"Sem f\u00e9rias nem folgas, imigrantes pagam 230 euros por uma cama"},"content":{"rendered":"<p>O sonho de muitos imigrantes de encontrar em Portugal um futuro risonho esbarra, muitas vezes, com a indignidade. Sem f\u00e9rias ou folgas, h\u00e1 quem pague mais de 200 euros por m\u00eas por uma cama num quarto partilhado, no Porto, mas os valores podem chegar aos 500 euros. Desde janeiro, o N\u00facleo de Estrangeiros e Controlo Fronteiri\u00e7o da PSP do Porto j\u00e1 fiscalizou 460 imigrantes, dos quais 46 foram detidos por estarem ilegais no pa\u00eds.<\/p>\n","protected":false},"excerpt":{"rendered":"O sonho de muitos imigrantes de encontrar em Portugal um futuro risonho esbarra, muitas vezes, com a indignidade.&hellip;\n","protected":false},"author":2,"featured_media":106278,"comment_status":"","ping_status":"","sticky":false,"template":"","format":"standard","meta":{"footnotes":""},"categories":[10],"tags":[25488,27,28,15,16,14,1865,8446,25486,25,26,21,22,12,13,19,20,462,32,25487,23,24,33,17,18,29,30,31],"class_list":{"0":"post-106277","1":"post","2":"type-post","3":"status-publish","4":"format-standard","5":"has-post-thumbnail","7":"category-portugal","8":"tag-alojamento-ilegal","9":"tag-breaking-news","10":"tag-breakingnews","11":"tag-featured-news","12":"tag-featurednews","13":"tag-headlines","14":"tag-imigrantes","15":"tag-imigrantes-ilegais","16":"tag-insalubridade","17":"tag-latest-news","18":"tag-latestnews","19":"tag-main-news","20":"tag-mainnews","21":"tag-news","22":"tag-noticias","23":"tag-noticias-principais","24":"tag-noticiasprincipais","25":"tag-porto","26":"tag-portugal","27":"tag-precariedade","28":"tag-principais-noticias","29":"tag-principaisnoticias","30":"tag-pt","31":"tag-top-stories","32":"tag-topstories","33":"tag-ultimas","34":"tag-ultimas-noticias","35":"tag-ultimasnoticias"},"share_on_mastodon":{"url":"","error":""},"_links":{"self":[{"href":"https:\/\/www.europesays.com\/pt\/wp-json\/wp\/v2\/posts\/106277","targetHints":{"allow":["GET"]}}],"collection":[{"href":"https:\/\/www.europesays.com\/pt\/wp-json\/wp\/v2\/posts"}],"about":[{"href":"https:\/\/www.europesays.com\/pt\/wp-json\/wp\/v2\/types\/post"}],"author":[{"embeddable":true,"href":"https:\/\/www.europesays.com\/pt\/wp-json\/wp\/v2\/users\/2"}],"replies":[{"embeddable":true,"href":"https:\/\/www.europesays.com\/pt\/wp-json\/wp\/v2\/comments?post=106277"}],"version-history":[{"count":0,"href":"https:\/\/www.europesays.com\/pt\/wp-json\/wp\/v2\/posts\/106277\/revisions"}],"wp:featuredmedia":[{"embeddable":true,"href":"https:\/\/www.europesays.com\/pt\/wp-json\/wp\/v2\/media\/106278"}],"wp:attachment":[{"href":"https:\/\/www.europesays.com\/pt\/wp-json\/wp\/v2\/media?parent=106277"}],"wp:term":[{"taxonomy":"category","embeddable":true,"href":"https:\/\/www.europesays.com\/pt\/wp-json\/wp\/v2\/categories?post=106277"},{"taxonomy":"post_tag","embeddable":true,"href":"https:\/\/www.europesays.com\/pt\/wp-json\/wp\/v2\/tags?post=106277"}],"curies":[{"name":"wp","href":"https:\/\/api.w.org\/{rel}","templated":true}]}}