{"id":106283,"date":"2025-10-11T12:09:20","date_gmt":"2025-10-11T12:09:20","guid":{"rendered":"https:\/\/www.europesays.com\/pt\/106283\/"},"modified":"2025-10-11T12:09:20","modified_gmt":"2025-10-11T12:09:20","slug":"debora-bloch-descarta-personagem-da-lista-de-suspeitos-pela-morte-de-odete-roitman","status":"publish","type":"post","link":"https:\/\/www.europesays.com\/pt\/106283\/","title":{"rendered":"Debora Bloch descarta personagem da lista de suspeitos pela morte de Odete Roitman"},"content":{"rendered":"<p>                        <img width=\"944\" height=\"531\" src=\"https:\/\/www.europesays.com\/pt\/wp-content\/uploads\/2025\/10\/Debora-Bloch-Odete-Roitman-Vale-Tudo-944x531.jpg\" class=\"attachment-custom-large size-custom-large article-featured-image\" alt=\"A atriz Debora Bloch no programa Conversa com Bial falando sobre Odete Roitman de Vale Tudo\" fetchpriority=\"high\" decoding=\"async\"  \/><\/p>\n<p>Debora Bloch falou que gravou cinco finais para a morte de Odete Roitman (Foto: Reprodu\u00e7\u00e3o, TV Globo)<\/p>\n<p>A atriz <strong><a href=\"https:\/\/www.nsctotal.com.br\/noticias\/debora-bloch-conseguiu-o-que-parecia-impossivel-com-sua-odete-roitman-em-vale-tudo\" target=\"_blank\" rel=\"noreferrer noopener nofollow\">Debora Bloch<\/a><\/strong>, que deu vida \u00e0 <strong><a href=\"https:\/\/www.nsctotal.com.br\/noticias\/quem-era-odete-roitman-na-primeira-versao-de-vale-tudo\" target=\"_blank\" rel=\"noreferrer noopener nofollow\">Odete Roitman<\/a><\/strong> em Vale Tudo, participou do programa Conversa com Bial, nesta sexta-feira (10). Durante a entrevista, Debora contou sobre a grava\u00e7\u00e3o da cena da morte da vil\u00e3, descartando pelo menos um personagem da lista de suspeitos.<\/p>\n<p>Continua depois da publicidade<\/p>\n<p>Debora Bloch contou que gravou cinco vers\u00f5es do assassinato, com todos da lista de suspeitos que a Globo vem divulgando, que s\u00e3o Maria de F\u00e1tima (<strong><a href=\"https:\/\/www.nsctotal.com.br\/noticias\/como-ficou-a-casa-de-bella-campos-a-maria-de-fatima-de-vale-tudo\" target=\"_blank\" rel=\"noreferrer noopener nofollow\">Bella Campos<\/a><\/strong>), <strong><a href=\"https:\/\/www.nsctotal.com.br\/noticias\/quem-era-o-cesar-ribeiro-na-versao-original-de-vale-tudo\" target=\"_blank\" rel=\"noreferrer noopener nofollow\">C\u00e9sar<\/a><\/strong> (Cau\u00e3 Reymond), <strong><a href=\"https:\/\/www.nsctotal.com.br\/noticias\/quem-era-o-marco-aurelio-na-versao-original-de-vale-tudo\" target=\"_blank\" rel=\"noreferrer noopener nofollow\">Marco Aur\u00e9lio<\/a><\/strong> (Alexandre Nero), <strong><a href=\"https:\/\/www.nsctotal.com.br\/noticias\/quem-era-a-tia-celina-na-versao-original-de-vale-tudo\" target=\"_blank\" rel=\"noreferrer noopener nofollow\">Celina<\/a><\/strong> (Malu Galli) e Heleninha (<strong><a href=\"https:\/\/www.nsctotal.com.br\/noticias\/como-e-a-casa-de-paolla-oliveira-a-heleninha-roitman-de-vale-tudo\" target=\"_blank\" rel=\"noreferrer noopener nofollow\">Paolla Oliveira<\/a><\/strong>).<\/p>\n<p>Em seguida, ela disse, que certo dia foi a uma reuni\u00e3o dentro da pr\u00f3pria Globo e ao chegar no local encontrou um grupo de secret\u00e1rias fazendo um bol\u00e3o para saber quem matou Odete Roitman. E que elas estavam achando que seria o <strong><a href=\"https:\/\/www.nsctotal.com.br\/noticias\/quem-era-o-mordomo-eugenio-na-versao-original-de-vale-tudo\" target=\"_blank\" rel=\"noreferrer noopener nofollow\">mordomo Eug\u00eanio<\/a><\/strong>, personagem de Luiz Salem.<\/p>\n<p>Debora contou que descartou para elas que Eug\u00eanio pudesse ser o assassino. \u201cTadinho do Eug\u00eanio, n\u00e3o teria motivos\u201d, disse ela durante a entrevista. Durante a conversa com Bial, a atriz tamb\u00e9m lembrou da pesquisa feita pelo <strong><a href=\"https:\/\/www.nsctotal.com.br\/noticias\/fim-de-odete-roitman-em-vale-tudo-datafolha-aponta-o-destino-preferido-pelo-publico\" target=\"_blank\" rel=\"noreferrer noopener nofollow\">Datafolha<\/a><\/strong>, que mostrou que apenas 4% dos entrevistados queriam a morte de Odete.<\/p>\n<p>Continua depois da publicidade<\/p>\n<p>Morte de Odete Roitman \u00e9 catarse<\/p>\n<p>Ela disse que isso prova que o Brasil evoluiu de 1988 para c\u00e1, e que parafraseando a pr\u00f3pria Odete Roitman, Odete terminar pobre ou pagando pelos seus crimes \u00e9 um final \u201cmais civilizado\u201d. Foi nessa hora que a atriz deixou escapar que talvez uma teoria que est\u00e1 muito forte na internet seja falsa.<\/p>\n<p>Para Debora Bloch, a morte de Odete Roitman \u00e9 o momento catarse da novela, e que n\u00e3o poderia deixar de acontecer. A teoria de que a vil\u00e3 est\u00e1 viva est\u00e1 cada vez mais forte, e vem ganhando espa\u00e7o pelas pistas que Manuela Dias vem deixando ao longo dos cap\u00edtulos.<\/p>\n<p>Por fim, a atriz comemorou a repercuss\u00e3o nas ruas e na internet, com os v\u00e1rios memes de Odete Roitman, e acredita que a personagem foi um trabalho realizado com muito sucesso. Agora ela parte para f\u00e9rias e disse estar pronta para ser chamada de Odete nas ruas por muito tempo.<\/p>\n<p>Continua depois da publicidade<\/p>\n<p>Veja 25 frases inesquec\u00edveis de Odete Roitman em Vale Tudo1<\/p>\n<p>VoltarAvan\u00e7ar<\/p>\n<p><img loading=\"lazy\" decoding=\"async\" width=\"1200\" height=\"675\" data-id=\"7677824\" src=\"https:\/\/www.europesays.com\/pt\/wp-content\/uploads\/2025\/10\/frases-de-odete-roitman-25.jpg\" alt=\"frases de odete roitman \" class=\"wp-image-7677824\"  \/><\/p>\n<p>(Foto: Reprodu\u00e7\u00e3o, TV Globo)<\/p>\n<p><img loading=\"lazy\" decoding=\"async\" width=\"1200\" height=\"675\" data-id=\"7677825\" src=\"https:\/\/www.europesays.com\/pt\/wp-content\/uploads\/2025\/10\/frases-de-odete-roitman-9.jpg\" alt=\"\" class=\"wp-image-7677825\"  \/><\/p>\n<p>(Foto: Reprodu\u00e7\u00e3o, TV Globo)<\/p>\n<p><img loading=\"lazy\" decoding=\"async\" width=\"1200\" height=\"675\" data-id=\"7677831\" src=\"https:\/\/www.europesays.com\/pt\/wp-content\/uploads\/2025\/10\/frases-de-odete-roitman-15.jpg\" alt=\"\" class=\"wp-image-7677831\"  \/><\/p>\n<p>(Foto: Reprodu\u00e7\u00e3o, TV Globo)<\/p>\n<p><img loading=\"lazy\" decoding=\"async\" width=\"1200\" height=\"675\" data-id=\"7677842\" src=\"https:\/\/www.europesays.com\/pt\/wp-content\/uploads\/2025\/10\/frases-de-odete-roitman-3.jpg\" alt=\"frases de odete roitman \" class=\"wp-image-7677842\"  \/><\/p>\n<p>(Foto: Reprodu\u00e7\u00e3o, TV Globo)<\/p>\n<p><img loading=\"lazy\" decoding=\"async\" width=\"1200\" height=\"675\" data-id=\"7677832\" src=\"https:\/\/www.europesays.com\/pt\/wp-content\/uploads\/2025\/10\/frases-de-odete-roitman-16.jpg\" alt=\"frases de odete roitman \" class=\"wp-image-7677832\"  \/><\/p>\n<p>(Foto: Reprodu\u00e7\u00e3o, TV Globo)<\/p>\n<p><img loading=\"lazy\" decoding=\"async\" width=\"1200\" height=\"675\" data-id=\"7677826\" src=\"https:\/\/www.europesays.com\/pt\/wp-content\/uploads\/2025\/10\/frases-de-odete-roitman-10.jpg\" alt=\"frases de odete roitman \" class=\"wp-image-7677826\"  \/><\/p>\n<p>(Foto: Reprodu\u00e7\u00e3o, TV Globo)<\/p>\n<p><img loading=\"lazy\" decoding=\"async\" width=\"1200\" height=\"675\" data-id=\"7677834\" src=\"https:\/\/www.europesays.com\/pt\/wp-content\/uploads\/2025\/10\/frases-de-odete-roitman-18.jpg\" alt=\"frases de odete roitman \" class=\"wp-image-7677834\"  \/><\/p>\n<p>(Foto: Reprodu\u00e7\u00e3o, TV Globo)<\/p>\n<p><img loading=\"lazy\" decoding=\"async\" width=\"1200\" height=\"675\" data-id=\"7677841\" src=\"https:\/\/www.europesays.com\/pt\/wp-content\/uploads\/2025\/10\/frases-de-odete-roitman-2.jpg\" alt=\"\" class=\"wp-image-7677841\"  \/><\/p>\n<p>(Foto: Reprodu\u00e7\u00e3o, TV Globo)<\/p>\n<p><img loading=\"lazy\" decoding=\"async\" width=\"1200\" height=\"675\" data-id=\"7677839\" src=\"https:\/\/www.europesays.com\/pt\/wp-content\/uploads\/2025\/10\/frases-de-odete-roitman-23.jpg\" alt=\"\" class=\"wp-image-7677839\"  \/><\/p>\n<p>(Foto: Reprodu\u00e7\u00e3o, TV Globo)<\/p>\n<p><img loading=\"lazy\" decoding=\"async\" width=\"1200\" height=\"675\" data-id=\"7677827\" src=\"https:\/\/www.europesays.com\/pt\/wp-content\/uploads\/2025\/10\/frases-de-odete-roitman-11.jpg\" alt=\"\" class=\"wp-image-7677827\"  \/><\/p>\n<p>(Foto: Reprodu\u00e7\u00e3o, TV Globo)<\/p>\n<p><img loading=\"lazy\" decoding=\"async\" width=\"1200\" height=\"675\" data-id=\"7677846\" src=\"https:\/\/www.europesays.com\/pt\/wp-content\/uploads\/2025\/10\/frases-de-odete-roitman-7.jpg\" alt=\"frases de odete roitman \" class=\"wp-image-7677846\"  \/><\/p>\n<p>(Foto: Reprodu\u00e7\u00e3o, TV Globo)<\/p>\n<p><img loading=\"lazy\" decoding=\"async\" width=\"1200\" height=\"675\" data-id=\"7677843\" src=\"https:\/\/www.europesays.com\/pt\/wp-content\/uploads\/2025\/10\/frases-de-odete-roitman-4.jpg\" alt=\"\" class=\"wp-image-7677843\"  \/><\/p>\n<p>(Foto: Reprodu\u00e7\u00e3o, TV Globo)<\/p>\n<p><img loading=\"lazy\" decoding=\"async\" width=\"1200\" height=\"675\" data-id=\"7677836\" src=\"https:\/\/www.europesays.com\/pt\/wp-content\/uploads\/2025\/10\/frases-de-odete-roitman-20.jpg\" alt=\"frases de odete roitman \" class=\"wp-image-7677836\"  \/><\/p>\n<p>(Foto: Reprodu\u00e7\u00e3o, TV Globo)<\/p>\n<p><img loading=\"lazy\" decoding=\"async\" width=\"1200\" height=\"675\" data-id=\"7677845\" src=\"https:\/\/www.europesays.com\/pt\/wp-content\/uploads\/2025\/10\/frases-de-odete-roitman-6.jpg\" alt=\"\" class=\"wp-image-7677845\"  \/><\/p>\n<p>(Foto: Reprodu\u00e7\u00e3o, TV Globo)<\/p>\n<p><img loading=\"lazy\" decoding=\"async\" width=\"1200\" height=\"675\" data-id=\"7677840\" src=\"https:\/\/www.europesays.com\/pt\/wp-content\/uploads\/2025\/10\/frases-de-odete-roitman-24.jpg\" alt=\"frases de odete roitman \" class=\"wp-image-7677840\"  \/><\/p>\n<p>(Foto: Reprodu\u00e7\u00e3o, TV Globo)<\/p>\n<p><img loading=\"lazy\" decoding=\"async\" width=\"1200\" height=\"675\" data-id=\"7677844\" src=\"https:\/\/www.europesays.com\/pt\/wp-content\/uploads\/2025\/10\/frases-de-odete-roitman-5.jpg\" alt=\"frases de odete roitman \" class=\"wp-image-7677844\"  \/><\/p>\n<p>(Foto: Reprodu\u00e7\u00e3o, TV Globo)<\/p>\n<p><img loading=\"lazy\" decoding=\"async\" width=\"1200\" height=\"675\" data-id=\"7677828\" src=\"https:\/\/www.europesays.com\/pt\/wp-content\/uploads\/2025\/10\/frases-de-odete-roitman-12.jpg\" alt=\"frases de odete roitman \" class=\"wp-image-7677828\"  \/><\/p>\n<p>(Foto: Reprodu\u00e7\u00e3o, TV Globo)<\/p>\n<p><img loading=\"lazy\" decoding=\"async\" width=\"1200\" height=\"675\" data-id=\"7677837\" src=\"https:\/\/www.europesays.com\/pt\/wp-content\/uploads\/2025\/10\/frases-de-odete-roitman-21.jpg\" alt=\"\" class=\"wp-image-7677837\"  \/><\/p>\n<p>(Foto: Reprodu\u00e7\u00e3o, TV Globo)<\/p>\n<p><img loading=\"lazy\" decoding=\"async\" width=\"1200\" height=\"675\" data-id=\"7677848\" src=\"https:\/\/www.europesays.com\/pt\/wp-content\/uploads\/2025\/10\/frases-de-odete-roitman.jpg\" alt=\"frases de odete roitman \" class=\"wp-image-7677848\"  \/><\/p>\n<p>(Foto: Reprodu\u00e7\u00e3o, TV Globo)<\/p>\n<p><img loading=\"lazy\" decoding=\"async\" width=\"1200\" height=\"675\" data-id=\"7677835\" src=\"https:\/\/www.europesays.com\/pt\/wp-content\/uploads\/2025\/10\/frases-de-odete-roitman-19.jpg\" alt=\"\" class=\"wp-image-7677835\"  \/><\/p>\n<p>(Foto: Reprodu\u00e7\u00e3o, TV Globo)<\/p>\n<p><img loading=\"lazy\" decoding=\"async\" width=\"1200\" height=\"675\" data-id=\"7677847\" src=\"https:\/\/www.europesays.com\/pt\/wp-content\/uploads\/2025\/10\/frases-de-odete-roitman-8.jpg\" alt=\"\" class=\"wp-image-7677847\"  \/><\/p>\n<p>(Foto: Reprodu\u00e7\u00e3o, TV Globo)<\/p>\n<p><img loading=\"lazy\" decoding=\"async\" width=\"1200\" height=\"675\" data-id=\"7677829\" src=\"https:\/\/www.europesays.com\/pt\/wp-content\/uploads\/2025\/10\/frases-de-odete-roitman-13.jpg\" alt=\"\" class=\"wp-image-7677829\"  \/><\/p>\n<p>(Foto: Reprodu\u00e7\u00e3o, TV Globo)<\/p>\n<p><img loading=\"lazy\" decoding=\"async\" width=\"1200\" height=\"675\" data-id=\"7677838\" src=\"https:\/\/www.europesays.com\/pt\/wp-content\/uploads\/2025\/10\/frases-de-odete-roitman-22.jpg\" alt=\"frases de odete roitman \" class=\"wp-image-7677838\"  \/><\/p>\n<p>(Foto: Reprodu\u00e7\u00e3o, TV Globo)<\/p>\n<p><img loading=\"lazy\" decoding=\"async\" width=\"1200\" height=\"675\" data-id=\"7677830\" src=\"https:\/\/www.europesays.com\/pt\/wp-content\/uploads\/2025\/10\/frases-de-odete-roitman-14.jpg\" alt=\"frases de odete roitman \" class=\"wp-image-7677830\"  \/><\/p>\n<p>(Foto: Reprodu\u00e7\u00e3o, TV Globo)<\/p>\n<p><img loading=\"lazy\" decoding=\"async\" width=\"1200\" height=\"675\" data-id=\"7677833\" src=\"https:\/\/www.europesays.com\/pt\/wp-content\/uploads\/2025\/10\/frases-de-odete-roitman-17.jpg\" alt=\"\" class=\"wp-image-7677833\"  \/><\/p>\n<p>(Foto: Reprodu\u00e7\u00e3o, TV Globo)<\/p>\n<p><strong><a href=\"https:\/\/www.nsctotal.com.br\/noticias\/compare-a-cena-da-morte-de-odete-roitman-com-a-versao-original-de-vale-tudo\" target=\"_blank\" rel=\"noreferrer noopener nofollow\">Compare a cena da morte de Odete Roitman com a vers\u00e3o original de Vale Tudo<\/a><\/strong><\/p>\n","protected":false},"excerpt":{"rendered":"Debora Bloch falou que gravou cinco finais para a morte de Odete Roitman (Foto: Reprodu\u00e7\u00e3o, TV Globo) A&hellip;\n","protected":false},"author":2,"featured_media":106284,"comment_status":"","ping_status":"","sticky":false,"template":"","format":"standard","meta":{"footnotes":""},"categories":[142],"tags":[114,115,32,33,151,543],"class_list":{"0":"post-106283","1":"post","2":"type-post","3":"status-publish","4":"format-standard","5":"has-post-thumbnail","7":"category-tv","8":"tag-entertainment","9":"tag-entretenimento","10":"tag-portugal","11":"tag-pt","12":"tag-tv","13":"tag-ver-ouvir-ler"},"share_on_mastodon":{"url":"","error":""},"_links":{"self":[{"href":"https:\/\/www.europesays.com\/pt\/wp-json\/wp\/v2\/posts\/106283","targetHints":{"allow":["GET"]}}],"collection":[{"href":"https:\/\/www.europesays.com\/pt\/wp-json\/wp\/v2\/posts"}],"about":[{"href":"https:\/\/www.europesays.com\/pt\/wp-json\/wp\/v2\/types\/post"}],"author":[{"embeddable":true,"href":"https:\/\/www.europesays.com\/pt\/wp-json\/wp\/v2\/users\/2"}],"replies":[{"embeddable":true,"href":"https:\/\/www.europesays.com\/pt\/wp-json\/wp\/v2\/comments?post=106283"}],"version-history":[{"count":0,"href":"https:\/\/www.europesays.com\/pt\/wp-json\/wp\/v2\/posts\/106283\/revisions"}],"wp:featuredmedia":[{"embeddable":true,"href":"https:\/\/www.europesays.com\/pt\/wp-json\/wp\/v2\/media\/106284"}],"wp:attachment":[{"href":"https:\/\/www.europesays.com\/pt\/wp-json\/wp\/v2\/media?parent=106283"}],"wp:term":[{"taxonomy":"category","embeddable":true,"href":"https:\/\/www.europesays.com\/pt\/wp-json\/wp\/v2\/categories?post=106283"},{"taxonomy":"post_tag","embeddable":true,"href":"https:\/\/www.europesays.com\/pt\/wp-json\/wp\/v2\/tags?post=106283"}],"curies":[{"name":"wp","href":"https:\/\/api.w.org\/{rel}","templated":true}]}}