{"id":106289,"date":"2025-10-11T12:13:09","date_gmt":"2025-10-11T12:13:09","guid":{"rendered":"https:\/\/www.europesays.com\/pt\/106289\/"},"modified":"2025-10-11T12:13:09","modified_gmt":"2025-10-11T12:13:09","slug":"outubro-verde-secretaria-da-saude-promove-testagem-gratuita-para-ists-na-barra-neste-fim-de-semana","status":"publish","type":"post","link":"https:\/\/www.europesays.com\/pt\/106289\/","title":{"rendered":"OUTUBRO VERDE: SECRETARIA DA SA\u00daDE PROMOVE TESTAGEM GRATUITA PARA ISTS NA BARRA NESTE FIM DE SEMANA"},"content":{"rendered":"<p>A Prefeitura de Salvador, por meio da Secretaria Municipal da Sa\u00fade (SMS), realiza, no s\u00e1bado (11) e domingo (12), testagem r\u00e1pida gratuita para s\u00edfilis e HIV na Base Avan\u00e7ada da Guarda Municipal, localizada na orla da Barra. A a\u00e7\u00e3o, que acontece das 7h \u00e0s 19h nos dois dias, integra a campanha Outubro Verde, voltada \u00e0 conscientiza\u00e7\u00e3o e preven\u00e7\u00e3o da s\u00edfilis e da s\u00edfilis cong\u00eanita.<\/p>\n<p>Al\u00e9m de permitir o diagn\u00f3stico precoce, a iniciativa tamb\u00e9m tem como objetivo levar informa\u00e7\u00e3o e incentivar a preven\u00e7\u00e3o de Infec\u00e7\u00f5es Sexualmente Transmiss\u00edveis (ISTs). Os profissionais da SMS estar\u00e3o dispon\u00edveis para realizar os testes com total sigilo, al\u00e9m de oferecer orienta\u00e7\u00f5es e distribuir itens como preservativos e g\u00e9is lubrificantes. Se necess\u00e1rio, os testados poder\u00e3o iniciar o tratamento no local ou ser encaminhados para acompanhamento m\u00e9dico na rede municipal de sa\u00fade.<\/p>\n<p>\u201c\u00c9 fundamental que a popula\u00e7\u00e3o aproveite essas oportunidades de testagem e informa\u00e7\u00e3o. O teste \u00e9 r\u00e1pido, seguro e o resultado fica dispon\u00edvel em poucos minutos, permitindo diagn\u00f3stico e tratamento precoces, o que evita complica\u00e7\u00f5es\u201d, destaca Aline Alencar, refer\u00eancia t\u00e9cnica da Rede Alyne, do Minist\u00e9rio da Sa\u00fade, e integrante do Grupo de Trabalho (GT) S\u00edfilis da secretaria.<\/p>\n<p>No \u00faltimo domingo (5), a SMS montou um m\u00f3dulo na Arena Fonte Nova durante a partida entre Bahia e Flamengo. Ao todo, foram realizadas 308 testagens r\u00e1pidas, contemplando 154 pessoas. Dessas,16 apresentaram resultado positivo para s\u00edfilis, correspondendo a 10,4% dos testados. Esse dado evidencia a import\u00e2ncia das a\u00e7\u00f5es de busca ativa, que permitem identificar precocemente os casos e oferecer tratamento imediato gratuito, al\u00e9m de reduzir a dissemina\u00e7\u00e3o das infec\u00e7\u00f5es.<\/p>\n<p>Ao longo do m\u00eas, outras a\u00e7\u00f5es t\u00eam sido realizadas em locais com alto fluxo de pessoas na capital baiana, com o objetivo de ampliar o acesso \u00e0 testagem, fortalecer a preven\u00e7\u00e3o e conscientizar a popula\u00e7\u00e3o sobre os cuidados com a sa\u00fade sexual.<\/p>\n<p>Foto: Ascom SMS<\/p>\n","protected":false},"excerpt":{"rendered":"A Prefeitura de Salvador, por meio da Secretaria Municipal da Sa\u00fade (SMS), realiza, no s\u00e1bado (11) e domingo&hellip;\n","protected":false},"author":2,"featured_media":106290,"comment_status":"","ping_status":"","sticky":false,"template":"","format":"standard","meta":{"footnotes":""},"categories":[86],"tags":[116,1175,2053,23353,32,33,117,25490,25491],"class_list":{"0":"post-106289","1":"post","2":"type-post","3":"status-publish","4":"format-standard","5":"has-post-thumbnail","7":"category-saude","8":"tag-health","9":"tag-hiv","10":"tag-ists","11":"tag-outubro-verde","12":"tag-portugal","13":"tag-pt","14":"tag-saude","15":"tag-siflis","16":"tag-testagem"},"share_on_mastodon":{"url":"","error":""},"_links":{"self":[{"href":"https:\/\/www.europesays.com\/pt\/wp-json\/wp\/v2\/posts\/106289","targetHints":{"allow":["GET"]}}],"collection":[{"href":"https:\/\/www.europesays.com\/pt\/wp-json\/wp\/v2\/posts"}],"about":[{"href":"https:\/\/www.europesays.com\/pt\/wp-json\/wp\/v2\/types\/post"}],"author":[{"embeddable":true,"href":"https:\/\/www.europesays.com\/pt\/wp-json\/wp\/v2\/users\/2"}],"replies":[{"embeddable":true,"href":"https:\/\/www.europesays.com\/pt\/wp-json\/wp\/v2\/comments?post=106289"}],"version-history":[{"count":0,"href":"https:\/\/www.europesays.com\/pt\/wp-json\/wp\/v2\/posts\/106289\/revisions"}],"wp:featuredmedia":[{"embeddable":true,"href":"https:\/\/www.europesays.com\/pt\/wp-json\/wp\/v2\/media\/106290"}],"wp:attachment":[{"href":"https:\/\/www.europesays.com\/pt\/wp-json\/wp\/v2\/media?parent=106289"}],"wp:term":[{"taxonomy":"category","embeddable":true,"href":"https:\/\/www.europesays.com\/pt\/wp-json\/wp\/v2\/categories?post=106289"},{"taxonomy":"post_tag","embeddable":true,"href":"https:\/\/www.europesays.com\/pt\/wp-json\/wp\/v2\/tags?post=106289"}],"curies":[{"name":"wp","href":"https:\/\/api.w.org\/{rel}","templated":true}]}}