{"id":10629,"date":"2025-07-31T19:48:17","date_gmt":"2025-07-31T19:48:17","guid":{"rendered":"https:\/\/www.europesays.com\/pt\/10629\/"},"modified":"2025-07-31T19:48:17","modified_gmt":"2025-07-31T19:48:17","slug":"whindersson-nunes-quer-se-reconciliar-com-ex-noiva-queria-ela","status":"publish","type":"post","link":"https:\/\/www.europesays.com\/pt\/10629\/","title":{"rendered":"Whindersson Nunes quer se reconciliar com ex-noiva: &#8216;Queria ela&#8217;"},"content":{"rendered":"<p><\/p>\n<p class=\"texto\"><strong>Whindersson Nunes surpreendeu ao ter entregado que n\u00e3o descarta a possibilidade de reatar com a ex-noiva, Maria Lina<\/strong>. O humorista, que est\u00e1 solteiro, falou sobre o relacionamento que teve com a influenciadora digital, e refletiu sobre o desejo, cerca de quatro anos ap\u00f3s o fim do noivado.<\/p>\n<p class=\"texto\"><a href=\"https:\/\/www.correiobraziliense.com.br\/diversao-e-arte\/2025\/07\/7215087-katy-perry-e-justin-trudeau-jantam-juntos-estavam-de-otimo-humor.html\" target=\"_blank\" rel=\"nofollow noopener\"><strong>Leia tamb\u00e9m:\u00a0Katy Perry e Justin Trudeau s\u00e3o vistos juntos em jantar: &#8220;Estavam com \u00f3timo humor&#8221;<\/strong><\/a><\/p>\n<p class=\"texto\">Em entrevista ao podcast Parece Terapia, o youtuber afirmou que ainda possui uma boa rela\u00e7\u00e3o com a ex-companheira, com quem teve um filho, <strong>Jo\u00e3o Miguel<\/strong>, que morreu em 2020.<\/p>\n<p class=\"texto\"><strong><a href=\"https:\/\/whatsapp.com\/channel\/0029VaB1U9a002T64ex1Sy2w\" rel=\"nofollow noopener\" target=\"_blank\">Siga o canal do Correio no WhatsApp e receba as principais not\u00edcias do dia no seu celular<\/a><\/strong><\/p>\n<p class=\"texto\">&#8220;Hoje, eu sou bem amigo da Maria, sou bem tranquilo com ela. Ela \u00e9 uma pessoa maravilhosa tamb\u00e9m. A gente tem um livrinho que a gente n\u00e3o mostra pra ningu\u00e9m, que \u00e9 as fotos dele [Jo\u00e3o Miguel]. Porque ele nasceu, n\u00e9, ele pegava no dedinho da gente&#8221;, declarou Whindersson Nunes. Em seguida, o humorista falou da vontade de reatar com a modelo.<\/p>\n<p>&#8220;Queria ela&#8221;<\/p>\n<p class=\"texto\">&#8220;Sou sem-vergonha, eu queria ela. S\u00f3 que ela n\u00e3o quer mais, n\u00e3o. Ela sabe que sou sem-vergonha&#8221;, afirmou ele, que questionado se gostaria de ficar ou firmar um compromisso com Maria Lina, respondeu: &#8220;Sou uma pessoa que gosto do meu agora, e no agora eu sou um cara sem-vergonha, eu assumo. Eu n\u00e3o vou falar pra pessoa que quero ter uma hist\u00f3ria com ela pra fazer da vida dela um inferno, entendeu? Quando eu estava com ela, n\u00e3o era assim, n\u00e3o. Era tranquilo, mas agora que estou solteiro, n\u00e9&#8221;, pontuou.<\/p>\n<p>                            <a href=\"https:\/\/www.correiobraziliense.com.br\/autor\/observatorio-dos-famosos\/page\/1\/\" style=\"height: 100%;\" rel=\"nofollow noopener\" target=\"_blank\"><img decoding=\"async\" class=\"hidden-print author-circle d-block h6 mt-0 mb-0 mr-6 text-center\" src=\"https:\/\/www.europesays.com\/pt\/wp-content\/uploads\/2025\/07\/logo_observatorio_dos_famosos-29028262.png\" alt=\"\" width=\"40\" height=\"40\" loading=\"lazy\" style=\"object-fit:cover; width: 40px; height: 40px; margin-right:10px;\"\/><\/a><a href=\"https:\/\/www.correiobraziliense.com.br\/autor\/observatorio-dos-famosos\/page\/1\/\" rel=\"nofollow noopener\" target=\"_blank\"><img decoding=\"async\" class=\"hidden-print author-circle d-block h6 mt-0 mb-0 mr-6 text-center\" src=\"https:\/\/www.europesays.com\/pt\/wp-content\/uploads\/2025\/07\/logo_observatorio_dos_famosos-29028262.png\" alt=\"\" width=\"40\" height=\"40\" loading=\"lazy\" style=\"object-fit:cover; width: 40px; height: 40px; margin-right:10px;\"\/><\/a>Observat\u00f3rio dos Famosos  <strong class=\"entryStrongAuthor\"\/><\/p>\n","protected":false},"excerpt":{"rendered":"Whindersson Nunes surpreendeu ao ter entregado que n\u00e3o descarta a possibilidade de reatar com a ex-noiva, Maria Lina.&hellip;\n","protected":false},"author":2,"featured_media":10630,"comment_status":"","ping_status":"","sticky":false,"template":"","format":"standard","meta":{"footnotes":""},"categories":[145],"tags":[211,210,114,115,222,32,33,1978,1016,4609],"class_list":{"0":"post-10629","1":"post","2":"type-post","3":"status-publish","4":"format-standard","5":"has-post-thumbnail","7":"category-celebridades","8":"tag-celebridades","9":"tag-celebrities","10":"tag-entertainment","11":"tag-entretenimento","12":"tag-humor","13":"tag-portugal","14":"tag-pt","15":"tag-relacionamento","16":"tag-romance","17":"tag-whinderson-nunes"},"share_on_mastodon":{"url":"","error":""},"_links":{"self":[{"href":"https:\/\/www.europesays.com\/pt\/wp-json\/wp\/v2\/posts\/10629","targetHints":{"allow":["GET"]}}],"collection":[{"href":"https:\/\/www.europesays.com\/pt\/wp-json\/wp\/v2\/posts"}],"about":[{"href":"https:\/\/www.europesays.com\/pt\/wp-json\/wp\/v2\/types\/post"}],"author":[{"embeddable":true,"href":"https:\/\/www.europesays.com\/pt\/wp-json\/wp\/v2\/users\/2"}],"replies":[{"embeddable":true,"href":"https:\/\/www.europesays.com\/pt\/wp-json\/wp\/v2\/comments?post=10629"}],"version-history":[{"count":0,"href":"https:\/\/www.europesays.com\/pt\/wp-json\/wp\/v2\/posts\/10629\/revisions"}],"wp:featuredmedia":[{"embeddable":true,"href":"https:\/\/www.europesays.com\/pt\/wp-json\/wp\/v2\/media\/10630"}],"wp:attachment":[{"href":"https:\/\/www.europesays.com\/pt\/wp-json\/wp\/v2\/media?parent=10629"}],"wp:term":[{"taxonomy":"category","embeddable":true,"href":"https:\/\/www.europesays.com\/pt\/wp-json\/wp\/v2\/categories?post=10629"},{"taxonomy":"post_tag","embeddable":true,"href":"https:\/\/www.europesays.com\/pt\/wp-json\/wp\/v2\/tags?post=10629"}],"curies":[{"name":"wp","href":"https:\/\/api.w.org\/{rel}","templated":true}]}}