{"id":106291,"date":"2025-10-11T12:18:10","date_gmt":"2025-10-11T12:18:10","guid":{"rendered":"https:\/\/www.europesays.com\/pt\/106291\/"},"modified":"2025-10-11T12:18:10","modified_gmt":"2025-10-11T12:18:10","slug":"a-inteligencia-artificial-pode-ajudar-a-tratar-a-apneia-do-sono","status":"publish","type":"post","link":"https:\/\/www.europesays.com\/pt\/106291\/","title":{"rendered":"A intelig\u00eancia artificial pode ajudar a tratar a apneia do sono?"},"content":{"rendered":"<p><strong>Acompanhe toda a atualidade informativa em\u00a0<a href=\"http:\/\/24noticias.sapo.pt\/\" rel=\"nofollow noopener\" target=\"_blank\">24noticias.sapo.pt<\/a><\/strong><\/p>\n<p>O\u00a0<a title=\"\" href=\"https:\/\/lindesaude.pt\/shop\/pt\/pt-homecare-store\/airgenious-predict-to-prevent\" rel=\"nofollow noopener\" target=\"_blank\">AIRGENIOUS\u2122<\/a>\u00a0analisa continuamente os dados de cada doente e prev\u00ea o seu comportamento futuro permitindo antecipar problemas e intervir antes que a\u00a0<strong>ades\u00e3o ao tratamento diminua<\/strong>.<\/p>\n<p>\u201cAo analisar padr\u00f5es de utiliza\u00e7\u00e3o, o AIRGENIOUS\u2122 consegue<strong>\u00a0antecipar problemas<\/strong>, intervir rapidamente e de forma personalizada, melhorando a ades\u00e3o e efic\u00e1cia do tratamento\u201d, explica\u00a0<strong>Mafalda Silva, Jr. Regional Sales Manager da Linde Sa\u00fade<\/strong>.<\/p>\n<p>Alertas por SMS<\/p>\n<p>A ideia nasceu em 2022, durante uma competi\u00e7\u00e3o interna da\u00a0<strong>Linde Homecare South<\/strong>, e come\u00e7ou a ser implementada em Fran\u00e7a. Hoje, j\u00e1 est\u00e1 dispon\u00edvel em Portugal e Espanha, com um<strong>\u00a0piloto ativo em tr\u00eas regi\u00f5es portuguesas<\/strong>, que ser\u00e1 alargado gradualmente a todo o pa\u00eds.<\/p>\n<p>O AIRGENIOUS\u2122 funciona\u00a0<strong>24 horas por dia<\/strong>, analisando automaticamente os dados do CPAP. Os m\u00e9dicos podem acompanhar os resultados na plataforma LMD Pro (Linde Medical Direct Professional) e visualizar previs\u00f5es sobre a ades\u00e3o para o m\u00eas seguinte.<\/p>\n<p>Grande parte do trabalho \u00e9 feita \u201cnos bastidores\u201d. Ainda assim, o impacto chega diretamente aos doentes por exemplo, atrav\u00e9s de\u00a0<strong>mensagens autom\u00e1ticas via SMS\u00a0<\/strong>que os alertam quando a ades\u00e3o ao tratamento \u00e9 insuficiente.<\/p>\n<p>\u201cA efic\u00e1cia do tratamento depende inteiramente da ades\u00e3o, tal como em qualquer outra patologia. A vantagem \u00e9 que neste caso conseguimos efetivamente controlar se o doente est\u00e1 a \u201ctomar a dose certa do tratamento\u201d, com que frequ\u00eancia e se o tratamento \u00e9 eficaz no controlo da doen\u00e7a. O AIRGENIOUS TM ajuda-nos a manter uma vigil\u00e2ncia apertada a todos os doentes, todos os dias, o que seria imposs\u00edvel apenas com interven\u00e7\u00e3o humana\u201d, explica a especialista em cardiopneumologia.<\/p>\n<p>Pr\u00f3ximos passos<\/p>\n<p>Os primeiros resultados s\u00e3o encorajadores para a empresa. \u201cA avalia\u00e7\u00e3o \u00e9 muito positiva, conseguimos ver na pr\u00e1tica o impacto que est\u00e1 a ter no sucesso do tratamento\u201d, afirma Mafalda Silva. Desde a implementa\u00e7\u00e3o, a ades\u00e3o tem vindo a aumentar, com\u00a0<strong>efeitos diretos na qualidade de vida\u00a0<\/strong>e na preven\u00e7\u00e3o de patologias associadas, como doen\u00e7as cardiovasculares, diabetes ou acidentes de via\u00e7\u00e3o.<\/p>\n<p>Em Espanha, est\u00e1 em curso um estudo de investiga\u00e7\u00e3o cujos resultados preliminares mostram um\u00a0<strong>aumento efetivo da ades\u00e3o nos doentes<\/strong>\u00a0acompanhados pela ferramenta.<\/p>\n<p>O pr\u00f3ximo objetivo da Linde \u00e9 expandir o AIRGENIOUS\u2122 a todas as regi\u00f5es do pa\u00eds e, mais tarde, aplic\u00e1-lo a outros tipos de tratamento.<\/p>\n<p>\u201cA IA \u00e9 uma ferramenta poderosa em todos os ramos da ci\u00eancia. Permite uma abordagem muito precisa e eficaz em toda a jornada do doente\u201d, sublinha Mafalda Silva.<\/p>\n<p>A aposta reflete uma tend\u00eancia mais ampla: o uso da\u00a0<strong>intelig\u00eancia artificial como aliada na medicina preventiva<\/strong>\u00a0e na\u00a0<strong>personaliza\u00e7\u00e3o do tratamento<\/strong>. Para Mafalda Silva, o futuro da sa\u00fade passa inevitavelmente pela tecnologia. \u201cO envelhecimento da popula\u00e7\u00e3o e a dif\u00edcil acessibilidade a cuidados de sa\u00fade exigem respostas mais eficientes, que s\u00f3 a tecnologia poder\u00e1 oferecer.\u201d<\/p>\n<p>__<br \/><b id=\"s-b-embed-68\" data-stringify-type=\"bold\">A sua newsletter de sempre, agora ainda mais \u00fatil<\/b><\/p>\n<p>Com o lan\u00e7amento da nova marca de informa\u00e7\u00e3o\u00a0<b>24not\u00edcias<\/b>, estamos a mudar a plataforma de newsletters, aproveitando para refor\u00e7ar a informa\u00e7\u00e3o que os leitores mais valorizam:\u00a0<b>a que lhes \u00e9 \u00fatil, ajuda a tomar decis\u00f5es e a entender o mundo.<\/b><\/p>\n<p><b>Assine a nova newsletter do 24not\u00edcias\u00a0<\/b><b><a href=\"https:\/\/sapo.us1.list-manage.com\/subscribe?u=8f49263740b14ab5854be8045&amp;id=57a39c5e8f\" target=\"_blank\" id=\"s-a-embed-68\" rel=\"noreferrer noopener nofollow\" data-stringify-link=\"https:\/\/sapo.us1.list-manage.com\/subscribe?u=8f49263740b14ab5854be8045&amp;id=57a39c5e8f\" data-sk=\"tooltip_parent\">aqui<\/a><\/b><b>.<\/b><\/p>\n","protected":false},"excerpt":{"rendered":"Acompanhe toda a atualidade informativa em\u00a024noticias.sapo.pt O\u00a0AIRGENIOUS\u2122\u00a0analisa continuamente os dados de cada doente e prev\u00ea o seu comportamento&hellip;\n","protected":false},"author":2,"featured_media":106292,"comment_status":"","ping_status":"","sticky":false,"template":"","format":"standard","meta":{"footnotes":""},"categories":[10],"tags":[27,28,15,16,14,25,26,21,22,12,13,19,20,32,23,24,33,17,18,29,30,31],"class_list":{"0":"post-106291","1":"post","2":"type-post","3":"status-publish","4":"format-standard","5":"has-post-thumbnail","7":"category-portugal","8":"tag-breaking-news","9":"tag-breakingnews","10":"tag-featured-news","11":"tag-featurednews","12":"tag-headlines","13":"tag-latest-news","14":"tag-latestnews","15":"tag-main-news","16":"tag-mainnews","17":"tag-news","18":"tag-noticias","19":"tag-noticias-principais","20":"tag-noticiasprincipais","21":"tag-portugal","22":"tag-principais-noticias","23":"tag-principaisnoticias","24":"tag-pt","25":"tag-top-stories","26":"tag-topstories","27":"tag-ultimas","28":"tag-ultimas-noticias","29":"tag-ultimasnoticias"},"share_on_mastodon":{"url":"","error":""},"_links":{"self":[{"href":"https:\/\/www.europesays.com\/pt\/wp-json\/wp\/v2\/posts\/106291","targetHints":{"allow":["GET"]}}],"collection":[{"href":"https:\/\/www.europesays.com\/pt\/wp-json\/wp\/v2\/posts"}],"about":[{"href":"https:\/\/www.europesays.com\/pt\/wp-json\/wp\/v2\/types\/post"}],"author":[{"embeddable":true,"href":"https:\/\/www.europesays.com\/pt\/wp-json\/wp\/v2\/users\/2"}],"replies":[{"embeddable":true,"href":"https:\/\/www.europesays.com\/pt\/wp-json\/wp\/v2\/comments?post=106291"}],"version-history":[{"count":0,"href":"https:\/\/www.europesays.com\/pt\/wp-json\/wp\/v2\/posts\/106291\/revisions"}],"wp:featuredmedia":[{"embeddable":true,"href":"https:\/\/www.europesays.com\/pt\/wp-json\/wp\/v2\/media\/106292"}],"wp:attachment":[{"href":"https:\/\/www.europesays.com\/pt\/wp-json\/wp\/v2\/media?parent=106291"}],"wp:term":[{"taxonomy":"category","embeddable":true,"href":"https:\/\/www.europesays.com\/pt\/wp-json\/wp\/v2\/categories?post=106291"},{"taxonomy":"post_tag","embeddable":true,"href":"https:\/\/www.europesays.com\/pt\/wp-json\/wp\/v2\/tags?post=106291"}],"curies":[{"name":"wp","href":"https:\/\/api.w.org\/{rel}","templated":true}]}}