{"id":106297,"date":"2025-10-11T12:25:15","date_gmt":"2025-10-11T12:25:15","guid":{"rendered":"https:\/\/www.europesays.com\/pt\/106297\/"},"modified":"2025-10-11T12:25:15","modified_gmt":"2025-10-11T12:25:15","slug":"impactos-socioambientais-da-mineracao-sao-tema-de-documentario","status":"publish","type":"post","link":"https:\/\/www.europesays.com\/pt\/106297\/","title":{"rendered":"Impactos socioambientais da minera\u00e7\u00e3o s\u00e3o tema de document\u00e1rio"},"content":{"rendered":"<p><img fetchpriority=\"high\" decoding=\"async\" class=\" wp-image-28549 alignleft\" src=\"https:\/\/www.europesays.com\/pt\/wp-content\/uploads\/2025\/10\/CARTAZ_Oficial_REJEITO-copiar.jpg\" alt=\"\" width=\"331\" height=\"491\"  \/>\u00c0s v\u00e9speras dos 10 anos do desastre de Mariana, ser\u00e1 lan\u00e7ado no fim deste m\u00eas o document\u00e1rio \u201cRejeito\u201d, que acompanha personagens reais impactados diretamente pelo rompimento de barragens e minera\u00e7\u00e3o.<\/p>\n<p>Fruto de quatro anos de trabalho, o filme \u00e9 dirigido por Pedro de Filippis e produzido pela Enquadramento Produ\u00e7\u00f5es, com distribui\u00e7\u00e3o da Descoloniza Filmes.<\/p>\n<p>Acompanhando a ambientalista Maria Tereza Corujo (Teca) e a resist\u00eancia de comunidades amea\u00e7adas em seus territ\u00f3rios, \u201cRejeito\u201d traz luz sobre os impactos socioambientais da minera\u00e7\u00e3o.<\/p>\n<p>O document\u00e1rio chega aos cinemas no dia 30 de outubro. Para saber mais, acesse: <a href=\"https:\/\/www.enquadramen.to\/rejeito\" rel=\"nofollow noopener\" target=\"_blank\">https:\/\/www.enquadramen.to\/rejeito<\/a>.<\/p>\n","protected":false},"excerpt":{"rendered":"\u00c0s v\u00e9speras dos 10 anos do desastre de Mariana, ser\u00e1 lan\u00e7ado no fim deste m\u00eas o document\u00e1rio \u201cRejeito\u201d,&hellip;\n","protected":false},"author":2,"featured_media":106298,"comment_status":"","ping_status":"","sticky":false,"template":"","format":"standard","meta":{"footnotes":""},"categories":[140],"tags":[114,115,147,148,146,32,33],"class_list":{"0":"post-106297","1":"post","2":"type-post","3":"status-publish","4":"format-standard","5":"has-post-thumbnail","7":"category-filmes","8":"tag-entertainment","9":"tag-entretenimento","10":"tag-film","11":"tag-filmes","12":"tag-movies","13":"tag-portugal","14":"tag-pt"},"share_on_mastodon":{"url":"","error":""},"_links":{"self":[{"href":"https:\/\/www.europesays.com\/pt\/wp-json\/wp\/v2\/posts\/106297","targetHints":{"allow":["GET"]}}],"collection":[{"href":"https:\/\/www.europesays.com\/pt\/wp-json\/wp\/v2\/posts"}],"about":[{"href":"https:\/\/www.europesays.com\/pt\/wp-json\/wp\/v2\/types\/post"}],"author":[{"embeddable":true,"href":"https:\/\/www.europesays.com\/pt\/wp-json\/wp\/v2\/users\/2"}],"replies":[{"embeddable":true,"href":"https:\/\/www.europesays.com\/pt\/wp-json\/wp\/v2\/comments?post=106297"}],"version-history":[{"count":0,"href":"https:\/\/www.europesays.com\/pt\/wp-json\/wp\/v2\/posts\/106297\/revisions"}],"wp:featuredmedia":[{"embeddable":true,"href":"https:\/\/www.europesays.com\/pt\/wp-json\/wp\/v2\/media\/106298"}],"wp:attachment":[{"href":"https:\/\/www.europesays.com\/pt\/wp-json\/wp\/v2\/media?parent=106297"}],"wp:term":[{"taxonomy":"category","embeddable":true,"href":"https:\/\/www.europesays.com\/pt\/wp-json\/wp\/v2\/categories?post=106297"},{"taxonomy":"post_tag","embeddable":true,"href":"https:\/\/www.europesays.com\/pt\/wp-json\/wp\/v2\/tags?post=106297"}],"curies":[{"name":"wp","href":"https:\/\/api.w.org\/{rel}","templated":true}]}}