{"id":106303,"date":"2025-10-11T12:32:48","date_gmt":"2025-10-11T12:32:48","guid":{"rendered":"https:\/\/www.europesays.com\/pt\/106303\/"},"modified":"2025-10-11T12:32:48","modified_gmt":"2025-10-11T12:32:48","slug":"como-vai-estar-o-tempo-para-as-eleicoes-de-domingo-no-minho","status":"publish","type":"post","link":"https:\/\/www.europesays.com\/pt\/106303\/","title":{"rendered":"Como vai estar o tempo para as elei\u00e7\u00f5es de domingo no Minho"},"content":{"rendered":"<p>O domingo, dia de elei\u00e7\u00f5es aut\u00e1rquicas, promete ser quente e soalheiro no Minho, segundo as previs\u00f5es do Instituto Portugu\u00eas do Mar e da Atmosfera (IPMA). <\/p>\n<p>&#13;<br \/>\n&#13;<br \/>\n&#13;<\/p>\n<p>\u00c0 fei\u00e7\u00e3o dos \u00faltimos dias, a previs\u00e3o para domingo aponta para c\u00e9u limpo ou pouco nublado, sendo que em Braga as m\u00e1ximas chegar\u00e3o aos 30 graus Celsius. <\/p>\n<p><img loading=\"lazy\" data-dominant-color=\"c8d0d0\" data-has-transparency=\"false\" style=\"--dominant-color: #c8d0d0;\" decoding=\"async\" width=\"396\" height=\"285\" alt=\"Como vai estar o tempo para as elei\u00e7\u00f5es de domingo no minho\" class=\"wp-image-617009 not-transparent perfmatters-lazy\" title=\"Como vai estar o tempo para as elei\u00e7\u00f5es de domingo no minho 6\" src=\"https:\/\/www.europesays.com\/pt\/wp-content\/uploads\/2025\/10\/Captura-de-ecra-2025-10-10-075514.png\"  data-\/>Fonte: IPMA<\/p>\n<p>J\u00e1 em Viana do Castelo, a m\u00e1xima vai subir aos 26\u00baC, tamb\u00e9m com previs\u00e3o de c\u00e9u limpo ou pouco nublado.<\/p>\n<p><img loading=\"lazy\" data-dominant-color=\"c8d0d1\" data-has-transparency=\"false\" style=\"--dominant-color: #c8d0d1;\" decoding=\"async\" width=\"405\" height=\"283\" alt=\"Como vai estar o tempo para as elei\u00e7\u00f5es de domingo no minho\" class=\"wp-image-617010 not-transparent perfmatters-lazy\" title=\"Como vai estar o tempo para as elei\u00e7\u00f5es de domingo no minho 7\" src=\"https:\/\/www.europesays.com\/pt\/wp-content\/uploads\/2025\/10\/Captura-de-ecra-2025-10-10-075522.png\"  data-\/>Fonte: IPMA<\/p>\n<p>Para esta sexta-feira no Minho, o IPMA prev\u00ea \u201cc\u00e9u pouco nublado ou limpo\u201d. <\/p>\n<p>O vento soprar\u00e1 fraco a moderado (at\u00e9 25 km\/h) do quadrante leste, passando a de norte\/noroeste na faixa costeira durante a tarde.<\/p>\n<p>A m\u00e1xima hoje \u00e9 de 28\u00baC em Braga e de 25\u00baC em Viana do Castelo.<\/p>\n","protected":false},"excerpt":{"rendered":"O domingo, dia de elei\u00e7\u00f5es aut\u00e1rquicas, promete ser quente e soalheiro no Minho, segundo as previs\u00f5es do Instituto&hellip;\n","protected":false},"author":2,"featured_media":106304,"comment_status":"","ping_status":"","sticky":false,"template":"","format":"standard","meta":{"footnotes":""},"categories":[10],"tags":[27,28,15,16,14,25,26,21,22,12,13,19,20,32,23,24,33,17,18,29,30,31],"class_list":{"0":"post-106303","1":"post","2":"type-post","3":"status-publish","4":"format-standard","5":"has-post-thumbnail","7":"category-portugal","8":"tag-breaking-news","9":"tag-breakingnews","10":"tag-featured-news","11":"tag-featurednews","12":"tag-headlines","13":"tag-latest-news","14":"tag-latestnews","15":"tag-main-news","16":"tag-mainnews","17":"tag-news","18":"tag-noticias","19":"tag-noticias-principais","20":"tag-noticiasprincipais","21":"tag-portugal","22":"tag-principais-noticias","23":"tag-principaisnoticias","24":"tag-pt","25":"tag-top-stories","26":"tag-topstories","27":"tag-ultimas","28":"tag-ultimas-noticias","29":"tag-ultimasnoticias"},"share_on_mastodon":{"url":"","error":""},"_links":{"self":[{"href":"https:\/\/www.europesays.com\/pt\/wp-json\/wp\/v2\/posts\/106303","targetHints":{"allow":["GET"]}}],"collection":[{"href":"https:\/\/www.europesays.com\/pt\/wp-json\/wp\/v2\/posts"}],"about":[{"href":"https:\/\/www.europesays.com\/pt\/wp-json\/wp\/v2\/types\/post"}],"author":[{"embeddable":true,"href":"https:\/\/www.europesays.com\/pt\/wp-json\/wp\/v2\/users\/2"}],"replies":[{"embeddable":true,"href":"https:\/\/www.europesays.com\/pt\/wp-json\/wp\/v2\/comments?post=106303"}],"version-history":[{"count":0,"href":"https:\/\/www.europesays.com\/pt\/wp-json\/wp\/v2\/posts\/106303\/revisions"}],"wp:featuredmedia":[{"embeddable":true,"href":"https:\/\/www.europesays.com\/pt\/wp-json\/wp\/v2\/media\/106304"}],"wp:attachment":[{"href":"https:\/\/www.europesays.com\/pt\/wp-json\/wp\/v2\/media?parent=106303"}],"wp:term":[{"taxonomy":"category","embeddable":true,"href":"https:\/\/www.europesays.com\/pt\/wp-json\/wp\/v2\/categories?post=106303"},{"taxonomy":"post_tag","embeddable":true,"href":"https:\/\/www.europesays.com\/pt\/wp-json\/wp\/v2\/tags?post=106303"}],"curies":[{"name":"wp","href":"https:\/\/api.w.org\/{rel}","templated":true}]}}