{"id":106305,"date":"2025-10-11T12:39:09","date_gmt":"2025-10-11T12:39:09","guid":{"rendered":"https:\/\/www.europesays.com\/pt\/106305\/"},"modified":"2025-10-11T12:39:09","modified_gmt":"2025-10-11T12:39:09","slug":"disturbios-alimentares-e-a-bancarrota-as-revelacoes-do-documentario-de-victoria-beckham-nit","status":"publish","type":"post","link":"https:\/\/www.europesays.com\/pt\/106305\/","title":{"rendered":"Dist\u00farbios alimentares e a bancarrota. As revela\u00e7\u00f5es do document\u00e1rio de Victoria Beckham \u2014 NiT"},"content":{"rendered":"<p>\u201cQuando se tem um dist\u00farbio alimentar, aprende-se a mentir muito bem.\u201d A frase marcante \u00e9 uma das muitas confiss\u00f5es de Victoria Beckham no novo document\u00e1rio biogr\u00e1fico que estreou esta quinta-feira, 9 de outubro, na Netflix. A antiga Spice Girl decidiu contar, pela primeira vez, a sua vers\u00e3o da hist\u00f3ria. Sem filtros.<\/p>\n<p>Com tr\u00eas epis\u00f3dios, a s\u00e9rie documental \u201cVictoria Beckham\u201d \u00e9 realizada por Nadia Hallgren e <strong>mergulha nas v\u00e1rias facetas da brit\u00e2nica: a menina t\u00edmida, a popstar planet\u00e1ria, a figura medi\u00e1tica e a empres\u00e1ria que quase perdeu tudo.<\/strong> Dois anos depois de David Beckham ter lan\u00e7ado o seu pr\u00f3prio document\u00e1rio, chegou agora a sua vez. \u201cN\u00e3o \u00e9 sobre ele. \u00c9 sobre mim\u201d, dispara logo no arranque.<\/p>\n<p>A s\u00e9rie mistura imagens de arquivo, bastidores recentes e depoimentos de amigos e figuras conhecidas como Eva Longoria, Anna Wintour ou Donatella Versace. Ao longo dos epis\u00f3dios, h\u00e1 uma clara tentativa de desmontar a imagem p\u00fablica que se criou \u00e0 volta de Victoria e mostrar o que quase ningu\u00e9m conhecia.<\/p>\n<p>Antes da fama, Victoria era apenas Victoria Adams, mi\u00fada introvertida com uma paix\u00e3o por teatro musical, que n\u00e3o se sentia integrada na escola. \u201cEra claramente uma solit\u00e1ria. Fui v\u00edtima de bullying. Era desajeitada, pouco soci\u00e1vel\u201d, recorda. O palco foi a forma de escapar. E foi esse gosto por se transformar em palco que a levou a tentar a sorte num casting para uma girlband. Aos 19 anos, enquanto outras raparigas cantavam Madonna ou Whitney Houston, apareceu com uma performance de \u201cMein Herr\u201d do musical Cabaret.<\/p>\n<p>Foi com as Spice Girls que encontrou finalmente um lugar onde se sentia aceite. \u201cFizeram-me sentir que eu era suficiente.\u201d \u00c9 essa mesma mensagem que tenta hoje passar \u00e0 filha Harper, de 14 anos. \u201cDigo-lhe todos os dias: s\u00ea quem tu \u00e9s.\u201d<\/p>\n<p>A fama trouxe tamb\u00e9m as manchetes negativas e muitas diziam respeito ao seu corpo. \u201cCome\u00e7aram a dizer-me que eu n\u00e3o era suficientemente boa\u201d, confessa. A forma de lidar com a press\u00e3o foi tentar controlar tudo \u00e0 sua volta, incluindo o corpo. <strong>\u201cEstava a controlar tudo de forma incrivelmente doentia. Quando se tem um dist\u00farbio alimentar, aprende-se a mentir muito bem.<\/strong> Nunca falei sobre isto com os meus pais\u201d, confessou.<\/p>\n<p>Com o fim da banda, Victoria tentou continuar a carreira musical a solo. Sem sucesso. E a partir de 2006, no Mundial da Alemanha, passou a estar mais associada ao termo WAG (Wifes and Girlfriends of Sports Stars) do que \u00e0 m\u00fasica. As imagens das mulheres dos jogadores a desfilar pelas ruas de Baden-Baden correram o mundo e Victoria era sempre o centro das aten\u00e7\u00f5es. \u201cFoi divertido, sim, mas havia claramente um lado de procura de aten\u00e7\u00e3o. Sentia-me incompleta, congelada no tempo.\u201d<\/p>\n<p>Foi nesse momento que percebeu que queria mudar e a moda foi a sa\u00edda. A mudan\u00e7a para Los Angeles, nos Estados Unidos, marcou um ponto de viragem. Com a ajuda de Roland Mouret, come\u00e7ou a desenhar e em 2008 lan\u00e7ou a sua primeira cole\u00e7\u00e3o. A ind\u00fastria, no entanto, n\u00e3o a levou logo a s\u00e9rio. \u201cAs pessoas n\u00e3o me achavam nada cool.\u201d Anna Wintour admite que pensava que era apenas \u201cum hobby\u201d. Mas Victoria insistiu.<\/p>\n<p>A marca cresceu, abriu loja em Londres, mas os problemas n\u00e3o tardaram. As d\u00edvidas acumulavam-se. \u201cEstava tudo fora de controlo. Perdi quase tudo\u201d, conta. David Beckham acabou por ajudar financeiramente. <strong>A certa altura, revela que gastava cerca de 94 mil euros por ano s\u00f3 com plantas no escrit\u00f3rio.<\/strong> Hoje, depois de v\u00e1rias reestrutura\u00e7\u00f5es, a marca vende em mais de 50 pa\u00edses e o \u00faltimo desfile em Paris, em setembro de 2024, contou com Gigi Hadid na passarela e Anna Wintour na primeira fila.<\/p>\n<p>O document\u00e1rio aborda tamb\u00e9m os rumores de tens\u00e3o familiar entre Victoria, David, o filho Brooklyn e a nora Nicola Peltz. O casal n\u00e3o esteve presente na festa dos 50 anos de David, nem partilhou mensagens p\u00fablicas. Ainda assim, na s\u00e9rie n\u00e3o h\u00e1 qualquer men\u00e7\u00e3o direta ao tema.<\/p>\n<p>Uma das partes mais inesperadas do document\u00e1rio \u00e9 a explica\u00e7\u00e3o para o famoso ar s\u00e9rio de Victoria nas fotos. \u201cQuando posamos, o David est\u00e1 sempre do lado esquerdo. E eu sorrio melhor desse lado. Se sorrio do outro, pare\u00e7o doente. Ent\u00e3o sorrio por dentro, mas ningu\u00e9m v\u00ea\u201d, comenta.<\/p>\n<p>Carregue na galeria para descobrir outras s\u00e9ries e temporadas que estreiam em outubro nas plataformas de streaming e canais de televis\u00e3o.<\/p>\n","protected":false},"excerpt":{"rendered":"\u201cQuando se tem um dist\u00farbio alimentar, aprende-se a mentir muito bem.\u201d A frase marcante \u00e9 uma das muitas&hellip;\n","protected":false},"author":2,"featured_media":106306,"comment_status":"","ping_status":"","sticky":false,"template":"","format":"standard","meta":{"footnotes":""},"categories":[140],"tags":[114,115,147,148,146,32,33],"class_list":{"0":"post-106305","1":"post","2":"type-post","3":"status-publish","4":"format-standard","5":"has-post-thumbnail","7":"category-filmes","8":"tag-entertainment","9":"tag-entretenimento","10":"tag-film","11":"tag-filmes","12":"tag-movies","13":"tag-portugal","14":"tag-pt"},"share_on_mastodon":{"url":"","error":""},"_links":{"self":[{"href":"https:\/\/www.europesays.com\/pt\/wp-json\/wp\/v2\/posts\/106305","targetHints":{"allow":["GET"]}}],"collection":[{"href":"https:\/\/www.europesays.com\/pt\/wp-json\/wp\/v2\/posts"}],"about":[{"href":"https:\/\/www.europesays.com\/pt\/wp-json\/wp\/v2\/types\/post"}],"author":[{"embeddable":true,"href":"https:\/\/www.europesays.com\/pt\/wp-json\/wp\/v2\/users\/2"}],"replies":[{"embeddable":true,"href":"https:\/\/www.europesays.com\/pt\/wp-json\/wp\/v2\/comments?post=106305"}],"version-history":[{"count":0,"href":"https:\/\/www.europesays.com\/pt\/wp-json\/wp\/v2\/posts\/106305\/revisions"}],"wp:featuredmedia":[{"embeddable":true,"href":"https:\/\/www.europesays.com\/pt\/wp-json\/wp\/v2\/media\/106306"}],"wp:attachment":[{"href":"https:\/\/www.europesays.com\/pt\/wp-json\/wp\/v2\/media?parent=106305"}],"wp:term":[{"taxonomy":"category","embeddable":true,"href":"https:\/\/www.europesays.com\/pt\/wp-json\/wp\/v2\/categories?post=106305"},{"taxonomy":"post_tag","embeddable":true,"href":"https:\/\/www.europesays.com\/pt\/wp-json\/wp\/v2\/tags?post=106305"}],"curies":[{"name":"wp","href":"https:\/\/api.w.org\/{rel}","templated":true}]}}