{"id":10631,"date":"2025-07-31T19:50:16","date_gmt":"2025-07-31T19:50:16","guid":{"rendered":"https:\/\/www.europesays.com\/pt\/10631\/"},"modified":"2025-07-31T19:50:16","modified_gmt":"2025-07-31T19:50:16","slug":"estudantes-ganharao-cordel-na-feira-do-livro-de-mossoro-2025","status":"publish","type":"post","link":"https:\/\/www.europesays.com\/pt\/10631\/","title":{"rendered":"Estudantes ganhar\u00e3o cordel na Feira do Livro de Mossor\u00f3 2025"},"content":{"rendered":"<p>\t\t\t1<\/p>\n<p>Neste ano, nenhum estudante voltar\u00e1 da Feira do Livro de Mossor\u00f3 de m\u00e3os vazias. Como gesto simb\u00f3lico e inspirador, ser\u00e1 distribu\u00eddo gratuitamente um cordel especial a todos os alunos visitantes do evento.<\/p>\n<p>Com versos do poeta mossoroense Jos\u00e9 di Rosa Maria e capa ilustrada por uma bel\u00edssima xilogravura de Jefferson Campos, a obra resgata a mem\u00f3ria afetiva e cultural da feira, homenageando os autores que ajudaram a construir sua hist\u00f3ria.<\/p>\n<p>O cordel \u00e9 uma verdadeira ode \u00e0 Feira do Livro, que completa 20 anos de exist\u00eancia, e exalta a for\u00e7a transformadora da leitura, o papel dos professores, o entusiasmo dos estudantes e a presen\u00e7a marcante de escritores locais. Em especial, presta tributo aos poetas Lu\u00eds Campos e Ant\u00f4nio Francisco, pilares da poesia popular e figuras centrais da trajet\u00f3ria do evento.<\/p>\n<p>\u201cEssa iniciativa \u00e9 um compromisso da Feira do Livro de Mossor\u00f3 com o acesso \u00e0 cultura e com a valoriza\u00e7\u00e3o da identidade local. Ao receberem o cordel, os estudantes levar\u00e3o para casa mais do que um presente: uma semente de encantamento pelas palavras, pela arte e pelo conhecimento\u201d, ressalta Rilder Medeiros, Coordenador da FLM 2025.<\/p>\n<p>Ser\u00e3o distribu\u00eddas 10 mil unidades desse cordel, edi\u00e7\u00e3o especial para a FLM 2025. Al\u00e9m de celebrar o passado, a publica\u00e7\u00e3o tamb\u00e9m aponta para o futuro, destacando a import\u00e2ncia da forma\u00e7\u00e3o de novos leitores e artistas \u2014 como os jovens cordelistas e xilogravuristas que despontam nas oficinas da feira.<\/p>\n<p>Publicidade<\/p>\n<p><a href=\"http:\/\/www.detran.rn.gov.br\/\" target=\"_blank\" aria-label=\"detranjul25_1400x225px\" rel=\"nofollow noopener\"><img loading=\"lazy\" decoding=\"async\" src=\"https:\/\/www.europesays.com\/pt\/wp-content\/uploads\/2025\/07\/detranjul25_1400x225px.png\" alt=\"\"   width=\"784\" height=\"140\"\/><\/a><\/p>\n","protected":false},"excerpt":{"rendered":"1 Neste ano, nenhum estudante voltar\u00e1 da Feira do Livro de Mossor\u00f3 de m\u00e3os vazias. Como gesto simb\u00f3lico&hellip;\n","protected":false},"author":2,"featured_media":10632,"comment_status":"","ping_status":"","sticky":false,"template":"","format":"standard","meta":{"footnotes":""},"categories":[143],"tags":[3952,169,4610,4611,114,115,3665,170,4612,32,33],"class_list":{"0":"post-10631","1":"post","2":"type-post","3":"status-publish","4":"format-standard","5":"has-post-thumbnail","7":"category-livros","8":"tag-feira","9":"tag-books","10":"tag-cordel","11":"tag-distribuicao","12":"tag-entertainment","13":"tag-entretenimento","14":"tag-estudantes","15":"tag-livros","16":"tag-mossoro","17":"tag-portugal","18":"tag-pt"},"share_on_mastodon":{"url":"","error":""},"_links":{"self":[{"href":"https:\/\/www.europesays.com\/pt\/wp-json\/wp\/v2\/posts\/10631","targetHints":{"allow":["GET"]}}],"collection":[{"href":"https:\/\/www.europesays.com\/pt\/wp-json\/wp\/v2\/posts"}],"about":[{"href":"https:\/\/www.europesays.com\/pt\/wp-json\/wp\/v2\/types\/post"}],"author":[{"embeddable":true,"href":"https:\/\/www.europesays.com\/pt\/wp-json\/wp\/v2\/users\/2"}],"replies":[{"embeddable":true,"href":"https:\/\/www.europesays.com\/pt\/wp-json\/wp\/v2\/comments?post=10631"}],"version-history":[{"count":0,"href":"https:\/\/www.europesays.com\/pt\/wp-json\/wp\/v2\/posts\/10631\/revisions"}],"wp:featuredmedia":[{"embeddable":true,"href":"https:\/\/www.europesays.com\/pt\/wp-json\/wp\/v2\/media\/10632"}],"wp:attachment":[{"href":"https:\/\/www.europesays.com\/pt\/wp-json\/wp\/v2\/media?parent=10631"}],"wp:term":[{"taxonomy":"category","embeddable":true,"href":"https:\/\/www.europesays.com\/pt\/wp-json\/wp\/v2\/categories?post=10631"},{"taxonomy":"post_tag","embeddable":true,"href":"https:\/\/www.europesays.com\/pt\/wp-json\/wp\/v2\/tags?post=10631"}],"curies":[{"name":"wp","href":"https:\/\/api.w.org\/{rel}","templated":true}]}}