{"id":106329,"date":"2025-10-11T13:17:12","date_gmt":"2025-10-11T13:17:12","guid":{"rendered":"https:\/\/www.europesays.com\/pt\/106329\/"},"modified":"2025-10-11T13:17:12","modified_gmt":"2025-10-11T13:17:12","slug":"fernanda-torres-e-fernanda-montenegro-aparecem-de-surpresa-no-festival-do-rio-gshow","status":"publish","type":"post","link":"https:\/\/www.europesays.com\/pt\/106329\/","title":{"rendered":"Fernanda Torres e Fernanda Montenegro aparecem de surpresa no Festival do Rio &#8211; Gshow"},"content":{"rendered":"<ol>\n<li><a href=\"https:\/\/news.google.com\/rss\/articles\/CBMisAFBVV95cUxPZHdXdU5ZV2sycEc4cDhsaWZ0TmZySTBpWnE1bmFua2lxNWhKcHNJUjJUcnRERHQ2WEZnUU1Td0Q2cFJQZ0FXYmVZc0xwbHFkakxYVHR4R3k4SzNLUjA5N3YxUWJ6SmcwenVfalRNajNCOGI0NWtnMmxPSV95VjM1WWVoRkZ5VWctQUQyX2tJME1BWW1mRGVOc2ZrRnBpWkhQdlRxdUo0SG94SDhWNkpETtIBvwFBVV95cUxNcDAwX1UtVXd1b09OQzNlWUV0MzAyUXBwNHdTYms4dUhCbXRIQzE1ckcxNEFBYVBCVjVmVFVDcXo3NjdaWUtlVFRCMk4zb2JnakJrNkNzMXZmTW0yelFJTVp3OTJfVkc1T3RzYlVnR1VIVWlDeGU0U2k5ekxIUkVZazE2cDFWMTZVamdWV0NpYlhTbzdkSTFLNlE5MGFlal9iTDEzX3VxNmUtMjRyV0U1anVpbldOb0IzRXIwLWl2VQ?oc=5\" target=\"_blank\" rel=\"nofollow noopener\">Fernanda Torres e Fernanda Montenegro aparecem de surpresa no Festival do Rio<\/a>&nbsp;&nbsp;Gshow<\/li>\n<li><a href=\"https:\/\/news.google.com\/rss\/articles\/CBMi6gFBVV95cUxPUlVaTTBKTWhzeGF0NWJqWVlJSXF3ckpxM3lzaTR3TDlxVWpESmlUQUUzVUl3cXA1SEFYVmRmVW04LUlGQTBTN3p4QlFmbGRUUE5saFRIenhwZV9GLW5ZSVlsOFZmT1Q1aXFScmJDZnQ3YzdxTC1DaU0yeTZjSTRUel8tdWZsV3MySmJYRldTajhwb0t1b3BQWWlUcXVCUHh1WlkyTmFxNE5mbkVNcm1ZZlBDNHBUUHp5MjgzQ0djelpvWnV5eUUzM1d6NGViR0pMb2hTMkdRdjdvVjdQWFhFaEdyZlhFT2djYnfSAfgBQVVfeXFMT3E5UVA0RGtsVmQ1UFhLVXNTeGtNN2M4RzhVSXdjcnpJYzZ5a1FoRzh1SXRicDQ5bnBUOGFpQmVHd2RxdHI3ejFyR3Y2MzQtN3Q5Y1BKRmp3TXpkZTJia0VBWVYwN2toYTR0NFRtYnNQWENiVE5qRUtCQXNlNVZJZVc3Ynlra0N4dXZ1UFZXdUVQZ0ljSGRaRHVaZkxXTWFaOHg4Nk5icVVBNVNodGRiUEpDQnM5T2RsWHNVYUZubmFoQVBLT0dSZHYtV05rVU8xYS0xQjEyQkw0LTFnb3NwcGIxYnlFX0dvV3Awa2Nnb1o4NkZKb240Sk0?oc=5\" target=\"_blank\" rel=\"nofollow noopener\">Fernanda Torres e Fernanda Montenegro participam de sess\u00e3o de vers\u00e3o restaurada de &#8216;G\u00eameas&#8217; no Rio<\/a>&nbsp;&nbsp;O Globo<\/li>\n<li><a href=\"https:\/\/news.google.com\/rss\/articles\/CBMiuAFBVV95cUxNY2pWQ2Q0YUlYR1pHQjhuck9qYmk1NTFmY0tQdGtVMnkyVVVMZDdqVkcxczVoNkIxd3BHRmM0SDRnOUJ5WnBjSTFEVnFzY3ZjdzZXV2FyVDdXZUczZnkxRzM3TEFwYVhaWEpzNjIydXRiWmdZdEpmZVlBWHdUV3hwVndOUEotNUZQdnZrZEtqTm55WDBwTzlVRXBpdXdWTVIwRkhDT2JWNVBiTm1hS2hiV3VEdUhkZmht?oc=5\" target=\"_blank\" rel=\"nofollow noopener\">Fernanda Montenegro e Fernanda Torres v\u00e3o juntas ao Festival do Rio; veja<\/a>&nbsp;&nbsp;CNN Brasil<\/li>\n<li><a href=\"https:\/\/news.google.com\/rss\/articles\/CBMiqAFBVV95cUxQc0pqM2FxUlN3RlFnYkxZdmhnZ0xLQXY4bEQwWm8tZXg3Yy1ldmFBVWY2X0dpaEo0WDFPa2NSTXQ2WVd0VjlVTWszOUI0UUtHQzRuYkUzdjZZRkFpV21wMDU4bEFqdzhnMEowbHB2OHVNUEgtUDItYkNTMEdhcVd6RXBkZWN5blF5Y09NalM4UEJ6NkNWaWpFaGxzT21VWmhfUFRxZUc5S3M?oc=5\" target=\"_blank\" rel=\"nofollow noopener\">Filme de Fernanda Torres ganha reexibi\u00e7\u00e3o em premi\u00e8re de cl\u00e1ssicos restaurados em 4k<\/a>&nbsp;&nbsp;Isto\u00c9<\/li>\n<li><a href=\"https:\/\/news.google.com\/rss\/articles\/CBMizAFBVV95cUxNWllTeTE4bjF0Y3lORksxTVIwMW5NWGh5b3IyemlqdUltTEhGWXpRS0Nvd3Q1RFFVVWJNcmt3REp4aDZPd01DVWUtRm1FeWZhR1VvVV8xVnBOS2JXWXo4TXNfNThjREZkbzFNdkhjY056Tmt0NXFXbnV3ZWppdFE2dDF3THRQakl3YlUyZ21laWpUNXBMNzRjNDA5NHdaUUZUNl9WOFBWOXlhb1RjdnFkNE8weWJtc09lSmx0Nm44V3NBQ3RZN3dKR1g4Y3TSAdsBQVVfeXFMT25QU2lzcHdteXY5MHVfZnJTUEVIWWRIeGJWMTlxQk9uLWNzUzdmaVpqbXd6cE5sWF9FNXExZzQxNnlFelYxRkZ5ZTVvcFZBNmlLUWljWE15U3RUZkJyWjBPSk9vNFFLeE9odmVKb1dNQ3U5Y1FRQVhuTm9IcFItVjlreVNpWmJ1SUhKcXkxN0JDM1kyT3ZNTVZ0Ty1nZnVEVXNpN1hEOWZCcVhmRUpWemwzajFYRGduUXNLclhHa2phcmNULW9SQzROeElsYnMtQXlrM054TXRSdHhV?oc=5\" target=\"_blank\" rel=\"nofollow noopener\">Fernanda Torres e Andrucha Waddington falam sobre casamento dentro e fora das telas<\/a>&nbsp;&nbsp;Gshow<\/li>\n<\/ol>\n","protected":false},"excerpt":{"rendered":"Fernanda Torres e Fernanda Montenegro aparecem de surpresa no Festival do Rio&nbsp;&nbsp;Gshow Fernanda Torres e Fernanda Montenegro participam&hellip;\n","protected":false},"author":2,"featured_media":106330,"comment_status":"","ping_status":"","sticky":false,"template":"","format":"standard","meta":{"footnotes":""},"categories":[145],"tags":[211,210,114,115,32,33],"class_list":{"0":"post-106329","1":"post","2":"type-post","3":"status-publish","4":"format-standard","5":"has-post-thumbnail","7":"category-celebridades","8":"tag-celebridades","9":"tag-celebrities","10":"tag-entertainment","11":"tag-entretenimento","12":"tag-portugal","13":"tag-pt"},"share_on_mastodon":{"url":"","error":""},"_links":{"self":[{"href":"https:\/\/www.europesays.com\/pt\/wp-json\/wp\/v2\/posts\/106329","targetHints":{"allow":["GET"]}}],"collection":[{"href":"https:\/\/www.europesays.com\/pt\/wp-json\/wp\/v2\/posts"}],"about":[{"href":"https:\/\/www.europesays.com\/pt\/wp-json\/wp\/v2\/types\/post"}],"author":[{"embeddable":true,"href":"https:\/\/www.europesays.com\/pt\/wp-json\/wp\/v2\/users\/2"}],"replies":[{"embeddable":true,"href":"https:\/\/www.europesays.com\/pt\/wp-json\/wp\/v2\/comments?post=106329"}],"version-history":[{"count":0,"href":"https:\/\/www.europesays.com\/pt\/wp-json\/wp\/v2\/posts\/106329\/revisions"}],"wp:featuredmedia":[{"embeddable":true,"href":"https:\/\/www.europesays.com\/pt\/wp-json\/wp\/v2\/media\/106330"}],"wp:attachment":[{"href":"https:\/\/www.europesays.com\/pt\/wp-json\/wp\/v2\/media?parent=106329"}],"wp:term":[{"taxonomy":"category","embeddable":true,"href":"https:\/\/www.europesays.com\/pt\/wp-json\/wp\/v2\/categories?post=106329"},{"taxonomy":"post_tag","embeddable":true,"href":"https:\/\/www.europesays.com\/pt\/wp-json\/wp\/v2\/tags?post=106329"}],"curies":[{"name":"wp","href":"https:\/\/api.w.org\/{rel}","templated":true}]}}