{"id":106333,"date":"2025-10-11T13:21:12","date_gmt":"2025-10-11T13:21:12","guid":{"rendered":"https:\/\/www.europesays.com\/pt\/106333\/"},"modified":"2025-10-11T13:21:12","modified_gmt":"2025-10-11T13:21:12","slug":"o-que-esta-por-tras-da-suposta-briga-entre-justin-bieber-e-sua-mae-r7-entretenimento","status":"publish","type":"post","link":"https:\/\/www.europesays.com\/pt\/106333\/","title":{"rendered":"O que est\u00e1 por tr\u00e1s da suposta briga entre Justin Bieber e sua m\u00e3e \u2013 R7 Entretenimento"},"content":{"rendered":"<p>LEIA AQUI O RESUMO DA NOT\u00cdCIA<\/p>\n<ul class=\"b-article-body-custom-embed-brief-news__list\" style=\"margin: 0; padding-left: 20px; list-style-type: disc;\">\n<li>A rela\u00e7\u00e3o entre Justin Bieber e sua m\u00e3e, Pattie Mallette, est\u00e1 conturbada, gerando preocupa\u00e7\u00e3o entre os f\u00e3s.<\/li>\n<li>Pattie publicou uma mensagem de apoio ao filho, enquanto Justin respondeu com ironia sobre sua sa\u00fade.<\/li>\n<li>Rumores sugerem que a tens\u00e3o pode estar relacionada ao casamento de Bieber com Hailey ou ainda ter rela\u00e7\u00e3o com sua ex-namorada, Selena Gomez.<\/li>\n<li>Justin tem falado abertamente sobre suas dificuldades de sa\u00fade mental e press\u00e3o da m\u00eddia nas redes sociais.<\/li>\n<\/ul>\n<p style=\"font-size: 0.8em; font-style: italic; text-align: right; margin-top: 15px; padding-bottom: 5px; margin-bottom: 0;\">Produzido pela Ri7a &#8211; a Intelig\u00eancia Artificial do R7<\/p>\n<p><img decoding=\"async\" data-chromatic=\"ignore\" alt=\"\" class=\"c-image\" loading=\"lazy\" src=\"https:\/\/www.europesays.com\/pt\/wp-content\/uploads\/2025\/10\/FO7IDTJHJVHHVFKAHELBQF7NHU.jpeg\"  width=\"1144\" height=\"852\"\/>&#8220;Estamos torcendo por voc\u00ea&#8221;, disse a m\u00e3e do artista nas redes sociais Reprodu\u00e7\u00e3o\/Instagram\/@pattiemalette <\/p>\n<p class=\"jarvics:base-text-neutral-high-400 base-text-[calc(theme(fontSize.xs)_*_var(--font-size,_1))] base-font-normal base-font-primary base-text-neutral-low-500 base-text-left\">A rela\u00e7\u00e3o entre o cantor <a href=\"https:\/\/www.r7.com\/tudo-sobre\/justin-bieber\/\" target=\"_self\" rel=\"nofollow noopener\" title=\"https:\/\/www.r7.com\/tudo-sobre\/justin-bieber\/\">Justin Bieber<\/a> e sua m\u00e3e, Pattie Mallette, parece estar passando por um momento conturbado, e <a href=\"https:\/\/entretenimento.r7.com\/musica\/justin-bieber-surpreende-fas-ao-lancar-clipe-surpresa-gravado-em-um-bar-na-escocia-08102025\/\" target=\"_self\" rel=\"nofollow noopener\" title=\"https:\/\/entretenimento.r7.com\/musica\/justin-bieber-surpreende-fas-ao-lancar-clipe-surpresa-gravado-em-um-bar-na-escocia-08102025\/\">os f\u00e3s est\u00e3o<\/a> tentando descobrir o motivo. Recentemente, ela publicou fotos do filho com uma legenda que deixou a internet preocupada, dizendo que estava torcendo pela recupera\u00e7\u00e3o do artista.<\/p>\n<p class=\"jarvics:base-text-neutral-high-400 base-text-[calc(theme(fontSize.xs)_*_var(--font-size,_1))] base-font-normal base-font-primary base-text-neutral-low-500 base-text-left\">Dias depois, Bieber respondeu o post da m\u00e3e de forma ir\u00f4nica. \u201cA \u00fanica coisa da qual preciso me curar \u00e9 do meu dedo mindinho torcido de tanto jogar pingue-pongue\u201d, comentou.<\/p>\n<p class=\"jarvics:base-text-neutral-high-400 base-text-[calc(theme(fontSize.xs)_*_var(--font-size,_1))] base-font-normal base-font-primary base-text-neutral-low-500 base-text-left\">\u201cEstamos torcendo por voc\u00ea\u201d, escreveu Mallette na publica\u00e7\u00e3o. \u201cDeclaro liberdade, for\u00e7a, clareza e cura sobre voc\u00ea, Justin. Toda corrente de medo, confus\u00e3o, peso e dor \u2014 seja quebrada&#8221;, continuou.<\/p>\n<p class=\"jarvics:base-text-neutral-high-400 base-text-[calc(theme(fontSize.xs)_*_var(--font-size,_1))] base-font-normal base-font-primary base-text-neutral-low-500 base-text-left\">Enquanto alguns seguidores acreditam que Bieber est\u00e1 passando por problemas no <a href=\"https:\/\/www.r7.com\/tudo-sobre\/hailey-bieber\/\" target=\"_self\" rel=\"nofollow noopener\" title=\"https:\/\/www.r7.com\/tudo-sobre\/hailey-bieber\/\">casamento com Hailey<\/a>, outros acham que a mensagem de Mallette n\u00e3o passa de uma preocupa\u00e7\u00e3o de m\u00e3e com o comportamento do filho.<\/p>\n<p class=\"jarvics:base-text-neutral-high-400 base-text-[calc(theme(fontSize.xs)_*_var(--font-size,_1))] base-font-normal base-font-primary base-text-neutral-low-500 base-text-left\">Internautas chegaram a citar o casamento de Selena Gomez, ex-namorada de Bieber, nos coment\u00e1rios. \u201cHailey est\u00e1 obcecada pelo Justin! Ela sabe que o Justin ama a Selena, n\u00e3o ela\u201d, escreveu um seguidor. \u201cNada [acontecendo com Justin], \u00e9 s\u00f3 o casamento da Selena\u201d, disse outro.<\/p>\n<p class=\"jarvics:base-text-neutral-high-400 base-text-[calc(theme(fontSize.xs)_*_var(--font-size,_1))] base-font-normal base-font-primary base-text-neutral-low-500 base-text-left\">Apesar dos rumores sobre a tens\u00e3o entre o cantor e a esposa, o casal continua aparecendo publicamente e trocando declara\u00e7\u00f5es. Eles s\u00e3o casados h\u00e1 7 anos e pais de Jack Blues, de 13 meses.<\/p>\n<p class=\"jarvics:base-text-neutral-high-400 base-text-[calc(theme(fontSize.xs)_*_var(--font-size,_1))] base-font-normal base-font-primary base-text-neutral-low-500 base-text-left\">A publica\u00e7\u00e3o de Pattie acontece em meio a uma s\u00e9rie de apari\u00e7\u00f5es de Justin nas redes sociais que tem preocupado os f\u00e3s. Nos \u00faltimos meses, ele tem desabafado sobre sa\u00fade mental e press\u00e3o da m\u00eddia. \u201cVoc\u00eas acham mesmo que, se eu pudesse me consertar, j\u00e1 n\u00e3o teria feito isso? Eu sei que estou quebrado. Sei que tenho problemas com raiva\u201d, escreveu em um post.<\/p>\n<p><video controls=\"\" class=\"video-js\" preload=\"metadata\" poster=\"https:\/\/d22yf0mxeu0gma.cloudfront.net\/09-12-2025\/t_251b4e8587c3483c889cdb07f86506dc_name_THUMB_BLOGS_KEILA_FAB_OLA__10_.jpg\" title=\"Justin Bieber canta m&#xFA;sicas de novo &#xE1;lbum em karaok&#xEA; vazio no Canad&#xE1;\" data-sprite-url=\"\" data-metadata=\"{&quot;title&quot;:&quot;Justin Bieber canta m&#xFA;sicas de novo &#xE1;lbum em karaok&#xEA; vazio no Canad&#xE1;&quot;,&quot;sectionName&quot;:&quot;R7&quot;,&quot;mainSection&quot;:&quot;M&#xFA;sica&quot;,&quot;subSection&quot;:&quot;&quot;,&quot;views&quot;:&quot;&quot;,&quot;disableAdv&quot;:&quot;false&quot;,&quot;createdDate&quot;:&quot;2025-09-12T14:53:36Z&quot;,&quot;mainSectionUrl&quot;:&quot;https:\/\/entretenimento.r7.com\/prisma\/keila-jimenez\/video\/justin-bieber-canta-musicas-de-novo-album-em-karaoke-vazio-no-canada-12092025\/&quot;,&quot;sectionPath&quot;:&quot;https:\/\/entretenimento.r7.com\/prisma\/keila-jimenez&quot;,&quot;ageRating&quot;:&quot;&quot;,&quot;ageRatingDescription&quot;:&quot;&quot;,&quot;duration&quot;:46933,&quot;playerUrl&quot;:&quot;https:\/\/entretenimento.r7.com\/player\/3cc7cd9e-e99f-4816-a839-79252ed6ab1a\/&quot;}\" data-player-params=\"{&quot;p&quot;:&quot;true&quot;,&quot;autoPlay&quot;:&quot;false&quot;,&quot;logo&quot;:&quot;true&quot;,&quot;playlistId&quot;:&quot;false&quot;,&quot;calhau&quot;:&quot;false&quot;,&quot;share&quot;:&quot;true&quot;,&quot;sz&quot;:&quot;false&quot;,&quot;full&quot;:&quot;true&quot;,&quot;customAdHash&quot;:&quot;\/7542\/R7entretenimento\/musica&quot;,&quot;referrerUrl&quot;:&quot;&quot;,&quot;externalLinks&quot;:&quot;true&quot;,&quot;debug&quot;:&quot;false&quot;,&quot;debugHash&quot;:&quot;false&quot;,&quot;debugRelated&quot;:&quot;false&quot;,&quot;timerRelated&quot;:&quot;true&quot;,&quot;logoRecord&quot;:&quot;false&quot;,&quot;contextModal&quot;:&quot;false&quot;,&quot;parentUrl&quot;:&quot;https:\/\/record.r7.com\/&quot;,&quot;t&quot;:&quot;0&quot;,&quot;noTitle&quot;:false,&quot;endBehavior&quot;:&quot;default&quot;}\" data-related-videos=\"[{&quot;title&quot;:&quot;Agarradinhos! Veja a primeira 'foto de casal' de Ana Castela e Z&#xE9; Felipe&quot;,&quot;thumb&quot;:&quot;https:\/\/d22yf0mxeu0gma.cloudfront.net\/10-10-2025\/t_fbbd76840e0d431ca163fc68a7846f86_name_e_esse_52.jpg&quot;,&quot;url&quot;:&quot;https:\/\/entretenimento.r7.com\/prisma\/keila-jimenez\/video\/agarradinhos-veja-a-primeira-foto-de-casal-de-ana-castela-e-ze-felipe-10102025\/&quot;,&quot;embedUrl&quot;:&quot;https:\/\/entretenimento.r7.com\/player\/583a0fe4-0e1d-4113-bae1-084a123d1d84\/&quot;},{&quot;title&quot;:&quot;Cristiano Ronaldo bate novo recorde e se torna o jogador de futebol mais rico do mundo&quot;,&quot;thumb&quot;:&quot;https:\/\/d22yf0mxeu0gma.cloudfront.net\/10-10-2025\/t_e78e33a1c1a149ce8a08158ebf9f9916_name_e_esse.jpg&quot;,&quot;url&quot;:&quot;https:\/\/entretenimento.r7.com\/prisma\/keila-jimenez\/video\/cristiano-ronaldo-bate-novo-recorde-e-se-torna-o-jogador-de-futebol-mais-rico-do-mundo-10102025\/&quot;,&quot;embedUrl&quot;:&quot;https:\/\/entretenimento.r7.com\/player\/7be51411-67aa-4665-a1cd-4ed3a995c504\/&quot;},{&quot;title&quot;:&quot;A Fazenda 17: Dudu Camargo vira Fazendeiro; Luiz Mesquita se torna alvo dos colegas&quot;,&quot;thumb&quot;:&quot;https:\/\/d22yf0mxeu0gma.cloudfront.net\/10-09-2025\/t_b091a63320e041b89ddd4e61a75ff529_name_e_essseee.jpg&quot;,&quot;url&quot;:&quot;https:\/\/entretenimento.r7.com\/prisma\/keila-jimenez\/video\/a-fazenda-17-dudu-camargo-vira-fazendeiro-luiz-mesquita-se-torna-alvo-dos-colegas-09102025\/&quot;,&quot;embedUrl&quot;:&quot;https:\/\/entretenimento.r7.com\/player\/e3f72671-f23d-4673-8b02-9a712883a4b8\/&quot;}]\" data-player-url=\"https:\/\/entretenimento.r7.com\/player\/3cc7cd9e-e99f-4816-a839-79252ed6ab1a\/\" data-arc-video=\"\" data-arc-id=\"3cc7cd9e-e99f-4816-a839-79252ed6ab1a\" data-short=\"false\" style=\"visibility:hidden\"><\/video>Perguntas e Respostas<\/p>\n<p>\u00a0<\/p>\n<p class=\"dark:base-text-neutral-high-400 base-text-[calc(theme(fontSize.xs)_*_var(--font-size,_1))] base-font-normal base-font-primary base-text-neutral-low-500 base-text-left\"><b>Qual \u00e9 a situa\u00e7\u00e3o atual entre Justin Bieber e sua m\u00e3e, Pattie Mallette?<\/b><\/p>\n<p>\u00a0<\/p>\n<p class=\"dark:base-text-neutral-high-400 base-text-[calc(theme(fontSize.xs)_*_var(--font-size,_1))] base-font-normal base-font-primary base-text-neutral-low-500 base-text-left\">A rela\u00e7\u00e3o entre Justin Bieber e sua m\u00e3e, Pattie Mallette, est\u00e1 passando por um momento conturbado. Pattie publicou fotos do filho com uma legenda que gerou preocupa\u00e7\u00e3o entre os f\u00e3s, expressando que estava torcendo pela recupera\u00e7\u00e3o do artista.<\/p>\n<p>\u00a0<\/p>\n<p class=\"dark:base-text-neutral-high-400 base-text-[calc(theme(fontSize.xs)_*_var(--font-size,_1))] base-font-normal base-font-primary base-text-neutral-low-500 base-text-left\"><b>Como Justin Bieber respondeu \u00e0 publica\u00e7\u00e3o da m\u00e3e?<\/b><\/p>\n<p>\u00a0<\/p>\n<p class=\"dark:base-text-neutral-high-400 base-text-[calc(theme(fontSize.xs)_*_var(--font-size,_1))] base-font-normal base-font-primary base-text-neutral-low-500 base-text-left\">Justin Bieber respondeu de forma ir\u00f4nica ao post da m\u00e3e, dizendo: \u201cA \u00fanica coisa da qual preciso me curar \u00e9 do meu dedo mindinho torcido de tanto jogar pingue-pongue\u201d.<\/p>\n<p>\u00a0<\/p>\n<p class=\"dark:base-text-neutral-high-400 base-text-[calc(theme(fontSize.xs)_*_var(--font-size,_1))] base-font-normal base-font-primary base-text-neutral-low-500 base-text-left\"><b>O que Pattie Mallette escreveu em sua publica\u00e7\u00e3o?<\/b><\/p>\n<p>\u00a0<\/p>\n<p class=\"dark:base-text-neutral-high-400 base-text-[calc(theme(fontSize.xs)_*_var(--font-size,_1))] base-font-normal base-font-primary base-text-neutral-low-500 base-text-left\">Pattie Mallette escreveu: \u201cEstamos torcendo por voc\u00ea, Justin. Declaro liberdade, for\u00e7a, clareza e cura sobre voc\u00ea. Toda corrente de medo, confus\u00e3o, peso e dor \u2014 seja quebrada\u201d.<\/p>\n<p>\u00a0<\/p>\n<p class=\"dark:base-text-neutral-high-400 base-text-[calc(theme(fontSize.xs)_*_var(--font-size,_1))] base-font-normal base-font-primary base-text-neutral-low-500 base-text-left\"><b>Quais s\u00e3o as especula\u00e7\u00f5es dos f\u00e3s sobre a situa\u00e7\u00e3o de Justin Bieber?<\/b><\/p>\n<p>\u00a0<\/p>\n<p class=\"dark:base-text-neutral-high-400 base-text-[calc(theme(fontSize.xs)_*_var(--font-size,_1))] base-font-normal base-font-primary base-text-neutral-low-500 base-text-left\">Alguns f\u00e3s acreditam que Bieber pode estar enfrentando problemas em seu casamento com Hailey, enquanto outros veem a mensagem de Pattie como uma simples preocupa\u00e7\u00e3o materna com o comportamento do filho. Coment\u00e1rios nas redes sociais mencionaram o casamento de Selena Gomez, ex-namorada de Bieber. Nesta suposi\u00e7\u00e3o, Hailey estaria imaginando que seu marido ainda continuaria apaixonado pela atriz.<\/p>\n<p>\u00a0<\/p>\n<p class=\"dark:base-text-neutral-high-400 base-text-[calc(theme(fontSize.xs)_*_var(--font-size,_1))] base-font-normal base-font-primary base-text-neutral-low-500 base-text-left\"><b>Como est\u00e1 o relacionamento de Justin Bieber e Hailey atualmente?<\/b><\/p>\n<p>\u00a0<\/p>\n<p class=\"dark:base-text-neutral-high-400 base-text-[calc(theme(fontSize.xs)_*_var(--font-size,_1))] base-font-normal base-font-primary base-text-neutral-low-500 base-text-left\">Apesar dos rumores de tens\u00e3o, Justin Bieber e Hailey continuam aparecendo publicamente juntos e trocando declara\u00e7\u00f5es. O casal est\u00e1 casado h\u00e1 7 anos e tem um filho, Jack Blues, que tem 13 meses.<\/p>\n<p>\u00a0<\/p>\n<p class=\"dark:base-text-neutral-high-400 base-text-[calc(theme(fontSize.xs)_*_var(--font-size,_1))] base-font-normal base-font-primary base-text-neutral-low-500 base-text-left\"><b>O que Justin Bieber tem compartilhado nas redes sociais recentemente?<\/b><\/p>\n<p>\u00a0<\/p>\n<p class=\"dark:base-text-neutral-high-400 base-text-[calc(theme(fontSize.xs)_*_var(--font-size,_1))] base-font-normal base-font-primary base-text-neutral-low-500 base-text-left\">Nos \u00faltimos meses, Justin Bieber tem desabafado sobre sua sa\u00fade mental e a press\u00e3o da m\u00eddia. Ele expressou em um post: \u201cVoc\u00eas acham mesmo que, se eu pudesse me consertar, j\u00e1 n\u00e3o teria feito isso? Eu sei que estou quebrado. Sei que tenho problemas com raiva\u201d.<\/p>\n<p>\u00a0<\/p>\n","protected":false},"excerpt":{"rendered":"LEIA AQUI O RESUMO DA NOT\u00cdCIA A rela\u00e7\u00e3o entre Justin Bieber e sua m\u00e3e, Pattie Mallette, est\u00e1 conturbada,&hellip;\n","protected":false},"author":2,"featured_media":106334,"comment_status":"","ping_status":"","sticky":false,"template":"","format":"standard","meta":{"footnotes":""},"categories":[141],"tags":[114,115,3034,6637,1275,149,150,32,33],"class_list":{"0":"post-106333","1":"post","2":"type-post","3":"status-publish","4":"format-standard","5":"has-post-thumbnail","7":"category-musica","8":"tag-entertainment","9":"tag-entretenimento","10":"tag-famosos-e-celebridades","11":"tag-hailey-bieber","12":"tag-justin-bieber","13":"tag-music","14":"tag-musica","15":"tag-portugal","16":"tag-pt"},"share_on_mastodon":{"url":"","error":""},"_links":{"self":[{"href":"https:\/\/www.europesays.com\/pt\/wp-json\/wp\/v2\/posts\/106333","targetHints":{"allow":["GET"]}}],"collection":[{"href":"https:\/\/www.europesays.com\/pt\/wp-json\/wp\/v2\/posts"}],"about":[{"href":"https:\/\/www.europesays.com\/pt\/wp-json\/wp\/v2\/types\/post"}],"author":[{"embeddable":true,"href":"https:\/\/www.europesays.com\/pt\/wp-json\/wp\/v2\/users\/2"}],"replies":[{"embeddable":true,"href":"https:\/\/www.europesays.com\/pt\/wp-json\/wp\/v2\/comments?post=106333"}],"version-history":[{"count":0,"href":"https:\/\/www.europesays.com\/pt\/wp-json\/wp\/v2\/posts\/106333\/revisions"}],"wp:featuredmedia":[{"embeddable":true,"href":"https:\/\/www.europesays.com\/pt\/wp-json\/wp\/v2\/media\/106334"}],"wp:attachment":[{"href":"https:\/\/www.europesays.com\/pt\/wp-json\/wp\/v2\/media?parent=106333"}],"wp:term":[{"taxonomy":"category","embeddable":true,"href":"https:\/\/www.europesays.com\/pt\/wp-json\/wp\/v2\/categories?post=106333"},{"taxonomy":"post_tag","embeddable":true,"href":"https:\/\/www.europesays.com\/pt\/wp-json\/wp\/v2\/tags?post=106333"}],"curies":[{"name":"wp","href":"https:\/\/api.w.org\/{rel}","templated":true}]}}