{"id":106335,"date":"2025-10-11T13:23:09","date_gmt":"2025-10-11T13:23:09","guid":{"rendered":"https:\/\/www.europesays.com\/pt\/106335\/"},"modified":"2025-10-11T13:23:09","modified_gmt":"2025-10-11T13:23:09","slug":"salvador-atira-se-a-fc-porto-benfica-e-sporting-se-nao-fosse-o-sc-braga","status":"publish","type":"post","link":"https:\/\/www.europesays.com\/pt\/106335\/","title":{"rendered":"Salvador atira-se a FC Porto, Benfica e Sporting: \u00abSe n\u00e3o fosse o SC Braga&#8230;\u00bb"},"content":{"rendered":"<p>Ant\u00f3nio Salvador, presidente do <a target=\"_blank\" class=\"editor-link autolink-enabled\" href=\"https:\/\/www.abola.pt\/futebol\/sc-braga-457\" data-resource-id=\"457\" data-resource-type=\"team\" data-sport=\"football\" rel=\"nofollow noopener\">SC Braga<\/a>, esteve este s\u00e1bado de manh\u00e3 no \u00faltimo dia do Portugal Football Summit e n\u00e3o quis responder diretamente \u00e0s declara\u00e7\u00f5es de Andr\u00e9 Villas-Boas, presidente do <a target=\"_blank\" class=\"editor-link autolink-enabled\" href=\"https:\/\/www.abola.pt\/futebol\/fc-porto-451\" data-resource-id=\"451\" data-resource-type=\"team\" data-sport=\"football\" rel=\"nofollow noopener\">FC Porto<\/a>, no dia anterior, mas enalteceu a import\u00e2ncia da centraliza\u00e7\u00e3o dos direitos televisivos em Portugal e deu exemplos l\u00e1 fora.<\/p>\n<p>\u00abN\u00e3o vou comentar coment\u00e1rios de outros presidentes, o que posso dizer \u00e9 que o <a target=\"_blank\" class=\"editor-link autolink-enabled\" href=\"https:\/\/www.abola.pt\/futebol\/sc-braga-457\" data-resource-id=\"457\" data-resource-type=\"team\" data-sport=\"football\" rel=\"nofollow noopener\">SC Braga<\/a> fez um caminho diferente e definiu tr\u00eas pilares: estabilidade financeira, rodear-se de pessoas competentes em todas as \u00e1reas com vis\u00e3o e estrat\u00e9gia para crescer, e todas as infraestruturas para crescer. <a target=\"_blank\" class=\"editor-link autolink-enabled\" href=\"https:\/\/www.abola.pt\/futebol\/sc-braga-457\" data-resource-id=\"457\" data-resource-type=\"team\" data-sport=\"football\" rel=\"nofollow noopener\">SC Braga<\/a> teve essa vis\u00e3o, compromisso para com o clube e \u00e9 isso que todos os outros clubes deveriam e devem pensar para podermos ter um campeonato mais competitivo\u00bb, come\u00e7ou por dizer, em conversa com Pedro Pinto, lembrando o que acontece na <a target=\"_blank\" class=\"editor-link autolink-enabled\" href=\"https:\/\/www.abola.pt\/futebol\/competicao\/premier-league-3\" data-resource-id=\"3\" data-resource-type=\"competition\" data-sport=\"football\" rel=\"nofollow noopener\">Premier League<\/a> e na <a target=\"_blank\" class=\"editor-link autolink-enabled\" href=\"https:\/\/www.abola.pt\/futebol\/competicao\/uefa-champions-league-27\" data-resource-id=\"27\" data-resource-type=\"competition\" data-sport=\"football\" rel=\"nofollow noopener\">Champions<\/a>.<\/p>\n<p>\u00abA vis\u00e3o demogr\u00e1fica\u2026 na UEFA temos uma centraliza\u00e7\u00e3o de receitas e recebemos uma varia\u00e7\u00e3o mais ou menos igual e em Portugal n\u00e3o. O <a target=\"_blank\" class=\"editor-link autolink-enabled\" href=\"https:\/\/www.abola.pt\/futebol\/liverpool-92\" data-resource-id=\"92\" data-resource-type=\"team\" data-sport=\"football\" rel=\"nofollow noopener\">Liverpool<\/a> no ano passado foi campe\u00e3o e recebeu 1.6% acima do \u00faltimo classificado das receitas da centraliza\u00e7\u00e3o. <a target=\"_blank\" class=\"editor-link autolink-enabled\" href=\"https:\/\/www.abola.pt\/futebol\/liverpool-92\" data-resource-id=\"92\" data-resource-type=\"team\" data-sport=\"football\" rel=\"nofollow noopener\">Liverpool<\/a> tem muito mais dimens\u00e3o do que o <a target=\"_blank\" class=\"editor-link autolink-enabled\" href=\"https:\/\/www.abola.pt\/futebol\/southampton-84\" data-resource-id=\"84\" data-resource-type=\"team\" data-sport=\"football\" rel=\"nofollow noopener\">Southampton<\/a>, portanto n\u00e3o \u00e9 por a\u00ed a diferen\u00e7a. \u00c9 isso a que se chama para ter o campeonato mais competitivo. <a target=\"_blank\" class=\"editor-link autolink-enabled\" href=\"https:\/\/www.abola.pt\/futebol\/fc-porto-451\" data-resource-id=\"451\" data-resource-type=\"team\" data-sport=\"football\" rel=\"nofollow noopener\">FC Porto<\/a>, <a target=\"_blank\" class=\"editor-link autolink-enabled\" href=\"https:\/\/www.abola.pt\/futebol\/benfica-450\" data-resource-id=\"450\" data-resource-type=\"team\" data-sport=\"football\" rel=\"nofollow noopener\">Benfica<\/a> e <a target=\"_blank\" class=\"editor-link autolink-enabled\" href=\"https:\/\/www.abola.pt\/futebol\/sporting-448\" data-resource-id=\"448\" data-resource-type=\"team\" data-sport=\"football\" rel=\"nofollow noopener\">Sporting<\/a> t\u00eam cerca de 2 milh\u00f5es de seguidores no Instagram, <a target=\"_blank\" class=\"editor-link autolink-enabled\" href=\"https:\/\/www.abola.pt\/futebol\/real-madrid-204\" data-resource-id=\"204\" data-resource-type=\"team\" data-sport=\"football\" rel=\"nofollow noopener\">Real Madrid<\/a> tem perto de 200 milh\u00f5es. Se f\u00f4ssemos pela demografia, pela quest\u00e3o social, quanto \u00e9 que esses clubes iam receber da UEFA e quanto iam receber os portugueses? N\u00e3o podemos querer a mesma coisa para o nosso campeonato. Temos de distribuir as receitas para todos para sermos mais competitivos. Os que est\u00e3o na Europa devem receber mais, os outros devem receber menos, mas eu penso enquanto presidente que as receitas devem ser de uma forma diferente para que todos possamos ter um campeonato mais competitivo em Portugal\u00bb, explicou, afirmando que o clube teve um papel muito importante no ranking nestes \u00faltimos anos.<\/p>\n<p>\u00ab\u00c9 preciso que se diga, aquilo que o <a target=\"_blank\" class=\"editor-link autolink-enabled\" href=\"https:\/\/www.abola.pt\/futebol\/sc-braga-457\" data-resource-id=\"457\" data-resource-type=\"team\" data-sport=\"football\" rel=\"nofollow noopener\">SC Braga<\/a> fez nos \u00faltimos 20 anos, se n\u00e3o fosse o <a target=\"_blank\" class=\"editor-link autolink-enabled\" href=\"https:\/\/www.abola.pt\/futebol\/sc-braga-457\" data-resource-id=\"457\" data-resource-type=\"team\" data-sport=\"football\" rel=\"nofollow noopener\">SC Braga<\/a>, <a target=\"_blank\" class=\"editor-link autolink-enabled\" href=\"https:\/\/www.abola.pt\/futebol\/fc-porto-451\" data-resource-id=\"451\" data-resource-type=\"team\" data-sport=\"football\" rel=\"nofollow noopener\">FC Porto<\/a>, <a target=\"_blank\" class=\"editor-link autolink-enabled\" href=\"https:\/\/www.abola.pt\/futebol\/benfica-450\" data-resource-id=\"450\" data-resource-type=\"team\" data-sport=\"football\" rel=\"nofollow noopener\">Benfica<\/a> e <a target=\"_blank\" class=\"editor-link autolink-enabled\" href=\"https:\/\/www.abola.pt\/futebol\/sporting-448\" data-resource-id=\"448\" data-resource-type=\"team\" data-sport=\"football\" rel=\"nofollow noopener\">Sporting<\/a> n\u00e3o estavam os tr\u00eas na Liga dos Campe\u00f5es, era imposs\u00edvel poderem estar. O <a target=\"_blank\" class=\"editor-link autolink-enabled\" href=\"https:\/\/www.abola.pt\/futebol\/sc-braga-457\" data-resource-id=\"457\" data-resource-type=\"team\" data-sport=\"football\" rel=\"nofollow noopener\">SC Braga<\/a> \u00e9 fundamental para aquilo que \u00e9 o trajeto destes tr\u00eas clubes. E \u00e9 importante tamb\u00e9m ter clubes permanentemente na <a target=\"_blank\" class=\"editor-link autolink-enabled\" href=\"https:\/\/www.abola.pt\/futebol\/competicao\/uefa-conference-league-569\" data-resource-id=\"569\" data-resource-type=\"competition\" data-sport=\"football\" rel=\"nofollow noopener\">Conference<\/a> para o quarto lugar entrar diretamente na Liga Europa e n\u00e3o desgastar-se no in\u00edcio da \u00e9poca\u00bb, atirou, voltando \u00e0 quest\u00e3o da centraliza\u00e7\u00e3o e das receitas que pode melhorar o n\u00edvel de competitividade no pa\u00eds.<\/p>\n<p>\u00abAjudam, porque traz mais visibilidade, mais proje\u00e7\u00e3o, portanto \u00e9 bom que n\u00e3o estejam s\u00f3 quatro clubes na UEFA, mas cinco. \u00c9 preciso que haja uma centraliza\u00e7\u00e3o diferente, que as entidades que regulam o futebol portugu\u00eas deem condi\u00e7\u00f5es de trabalho para que possamos ser sete, oito clubes fortes para estarmos permanentemente na UEFA e nos traga mais visibilidade, e valor a uma futura centraliza\u00e7\u00e3o que tem de ser feita de imediato\u00bb, garantiu, avisando para mais problemas que possam acontecer no futuro se isso n\u00e3o acontecer.<\/p>\n<p>\u00abLan\u00e7\u00e1mos o desafio h\u00e1 anos, alert\u00e1mos do que podia a acontecer, perdemos o sexto lugar e acredito muito que em vez de o recuperar, podemos cair. Tem um impacto grande, porque em vez de estarem v\u00e1rias equipas na <a class=\"autolink-enabled\" data-resource-id=\"27\" data-resource-type=\"competition\" data-sport=\"football\" href=\"https:\/\/www.abola.pt\/futebol\/competicao\/uefa-champions-league-27\" rel=\"nofollow noopener\" target=\"_blank\">Champions<\/a>, outras t\u00eam de passar eliminat\u00f3rias e isso \u00e9 um risco, o <a class=\"autolink-enabled\" data-resource-id=\"457\" data-resource-type=\"team\" data-sport=\"football\" href=\"https:\/\/www.abola.pt\/futebol\/sc-braga-457\" rel=\"nofollow noopener\" target=\"_blank\">SC Braga<\/a> corre um risco enorme em termos de receitas para a sua \u00e9poca, porque tem de fazer seis jogos. E pode ser eliminado, foc\u00e1mo-nos fortemente nessa passagem para evitar isso. Est\u00e1 a correr bem, ganh\u00e1mos aos l\u00edderes de campeonatos na fase de liga, dissemos que estamos presentes e vamos fazer uma boa campanha, e pontuar para Portugal, para voltar a ter tr\u00eas equipas na <a class=\"autolink-enabled\" data-resource-id=\"27\" data-resource-type=\"competition\" data-sport=\"football\" href=\"https:\/\/www.abola.pt\/futebol\/competicao\/uefa-champions-league-27\" rel=\"nofollow noopener\" target=\"_blank\">Champions<\/a> e para que o quarto entre diretamente na fase regular\u00bb, afirmou, partilhando a opini\u00e3o de que est\u00e1 a ser cada vez mais dif\u00edcil contratar &#8211; valores sobem &#8211; e que apenas os clubes da Liga devem receber as receitas e n\u00e3o da <a class=\"autolink-enabled\" data-resource-id=\"111\" data-resource-type=\"competition\" data-sport=\"football\" href=\"https:\/\/www.abola.pt\/futebol\/competicao\/liga-portugal-2-meu-super-111\" rel=\"nofollow noopener\" target=\"_blank\">Liga 2<\/a>.<\/p>\n<p>\u00abA UEFA deve distribuir apenas pelas equipas da primeira divis\u00e3o, a <a target=\"_blank\" class=\"editor-link autolink-enabled\" href=\"https:\/\/www.abola.pt\/futebol\/competicao\/liga-portugal-betclic-13\" data-resource-id=\"13\" data-resource-type=\"competition\" data-sport=\"football\" rel=\"nofollow noopener\">Liga<\/a> decidiu distribuir pela 1\u00aa e 2\u00aa. Eu n\u00e3o sou a favor disso, mas para isso acho que esses recursos deviam ser direcionados todos para as equipas que podem entrar na Europa. Porque isto est\u00e1 muito mais dif\u00edcil de contratar jogadores l\u00e1 fora, porque a concorr\u00eancia assim o quer e n\u00e3o deixa, mas definimos um teto salarial para os nossos jogadores e alguns [poss\u00edveis refor\u00e7os] n\u00e3o acreditam. A nossa aposta \u00e9 na forma\u00e7\u00e3o, tem sido singrada at\u00e9 aqui e vai continuar. Depois do fecho vendemos um grande jogador e uma grande venda da forma\u00e7\u00e3o, e \u00e9 essa a aposta dos clubes no futuro para continuar a ter sustentabilidade, porque cada vez \u00e9 mais dif\u00edcil contratar l\u00e1 fora\u00bb, finalizou, lembrando a grande venda de <a target=\"_blank\" class=\"editor-link autolink-enabled\" href=\"https:\/\/www.abola.pt\/futebol\/jogador\/roger-fernandes-245176\" data-resource-id=\"245176\" data-resource-type=\"player\" data-sport=\"football\" rel=\"nofollow noopener\">Roger Fernandes<\/a> ao <a target=\"_blank\" class=\"editor-link autolink-enabled\" href=\"https:\/\/www.abola.pt\/futebol\/al-ittihad-5877\" data-resource-id=\"5877\" data-resource-type=\"team\" data-sport=\"football\" rel=\"nofollow noopener\">Al Ittihad<\/a>, agora de S\u00e9rgio Concei\u00e7\u00e3o, por 32 milh\u00f5es de euros fixos mais 2,5 em objetivos, j\u00e1 depois do fecho do mercado em Portugal.<\/p>\n","protected":false},"excerpt":{"rendered":"Ant\u00f3nio Salvador, presidente do SC Braga, esteve este s\u00e1bado de manh\u00e3 no \u00faltimo dia do Portugal Football Summit&hellip;\n","protected":false},"author":2,"featured_media":106336,"comment_status":"","ping_status":"","sticky":false,"template":"","format":"standard","meta":{"footnotes":""},"categories":[87],"tags":[135,32,33,134],"class_list":{"0":"post-106335","1":"post","2":"type-post","3":"status-publish","4":"format-standard","5":"has-post-thumbnail","7":"category-desporto","8":"tag-desporto","9":"tag-portugal","10":"tag-pt","11":"tag-sports"},"share_on_mastodon":{"url":"","error":""},"_links":{"self":[{"href":"https:\/\/www.europesays.com\/pt\/wp-json\/wp\/v2\/posts\/106335","targetHints":{"allow":["GET"]}}],"collection":[{"href":"https:\/\/www.europesays.com\/pt\/wp-json\/wp\/v2\/posts"}],"about":[{"href":"https:\/\/www.europesays.com\/pt\/wp-json\/wp\/v2\/types\/post"}],"author":[{"embeddable":true,"href":"https:\/\/www.europesays.com\/pt\/wp-json\/wp\/v2\/users\/2"}],"replies":[{"embeddable":true,"href":"https:\/\/www.europesays.com\/pt\/wp-json\/wp\/v2\/comments?post=106335"}],"version-history":[{"count":0,"href":"https:\/\/www.europesays.com\/pt\/wp-json\/wp\/v2\/posts\/106335\/revisions"}],"wp:featuredmedia":[{"embeddable":true,"href":"https:\/\/www.europesays.com\/pt\/wp-json\/wp\/v2\/media\/106336"}],"wp:attachment":[{"href":"https:\/\/www.europesays.com\/pt\/wp-json\/wp\/v2\/media?parent=106335"}],"wp:term":[{"taxonomy":"category","embeddable":true,"href":"https:\/\/www.europesays.com\/pt\/wp-json\/wp\/v2\/categories?post=106335"},{"taxonomy":"post_tag","embeddable":true,"href":"https:\/\/www.europesays.com\/pt\/wp-json\/wp\/v2\/tags?post=106335"}],"curies":[{"name":"wp","href":"https:\/\/api.w.org\/{rel}","templated":true}]}}