{"id":106343,"date":"2025-10-11T13:29:13","date_gmt":"2025-10-11T13:29:13","guid":{"rendered":"https:\/\/www.europesays.com\/pt\/106343\/"},"modified":"2025-10-11T13:29:13","modified_gmt":"2025-10-11T13:29:13","slug":"ofereceu-ajuda-a-vitima-num-apeadeiro-agora-foi-detido-por-suspeita-de-tentativa-de-violacao","status":"publish","type":"post","link":"https:\/\/www.europesays.com\/pt\/106343\/","title":{"rendered":"Ofereceu ajuda \u00e0 v\u00edtima num apeadeiro, (agora) foi detido por suspeita de tentativa de viola\u00e7\u00e3o"},"content":{"rendered":"<p class=\"category\"><a href=\"https:\/\/sicnoticias.pt\/pais\" rel=\"nofollow noopener\" target=\"_blank\">Pa\u00eds<\/a><\/p>\n<p class=\"g-article-lead lead\" data-field=\"lead\">Tudo aconteceu em mar\u00e7o deste ano em Vilarinho, vila no concelho de Santo Tirso, mas s\u00f3 esta sexta-feira a Pol\u00edcia Judici\u00e1ria localizou e deteve o suspeito, um homem de 36 anos.<\/p>\n<p><img decoding=\"async\" src=\"https:\/\/www.europesays.com\/pt\/wp-content\/uploads\/2025\/10\/1760189353_708_original.webp\" alt=\"Ofereceu ajuda \u00e0 v\u00edtima num apeadeiro, (agora) foi detido por suspeita de tentativa de viola\u00e7\u00e3o\"\/><\/p>\n<p>Canva<\/p>\n<p><strong>Um homem de 36 anos foi detido na sexta-feira &#8220;pela presum\u00edvel autoria do crime de tentativa de viola\u00e7\u00e3o agravada&#8221; em Vilarinho, uma vila no concelho de Santo Tirso, informou hoje a Pol\u00edcia Judici\u00e1ria (PJ).<\/strong><\/p>\n<p>De acordo com a PJ, a v\u00edtima apanhou um comboio para regressar a casa ap\u00f3s o trabalho e, n\u00e3o tendo conseguindo sair no apeadeiro que pretendia, saiu no seguinte, onde saiu tamb\u00e9m o alegado agressor.<\/p>\n<blockquote>\n<p>&#8220;Desorientada, a mulher pediu-lhe ajuda para regressar ao seu destino, pedido ao qual o homem acedeu. Com o prop\u00f3sito de orientar a v\u00edtima, disp\u00f4s-se a acompanh\u00e1-la (\u2026) Posteriormente, agarrou a mulher e tentou agredi-la sexualmente, acabando esta por conseguir p\u00f4r-se em fuga&#8221;, poder ler-se no <a href=\"https:\/\/www.policiajudiciaria.pt\/detido-por-de-tentativa-de-violacao-em-santo-tirso\/\" target=\"_blank\" rel=\"noopener noreferrer nofollow\">comunicado da Judici\u00e1ria<\/a>.<\/p>\n<\/blockquote>\n<p>Os factos remontam a 18 de mar\u00e7o mas o suspeito s\u00f3 foi localizado esta sexta-feira, 10 de outubro, \u201cap\u00f3s incessantes investiga\u00e7\u00f5es\u201d.<\/p>\n<p>O homem foi detido e presente a primeiro interrogat\u00f3rio judicial no TIC de Matosinhos &#8220;<strong>ficando sujeito \u00e0s medidas de coa\u00e7\u00e3o de apresenta\u00e7\u00f5es peri\u00f3dicas \u00e0s autoridades e proibi\u00e7\u00e3o de contactos com a v\u00edtima<\/strong>&#8220;.<\/p>\n<p>A PJ revela ainda que o <strong>suspeito tem \u201cantecedentes criminais por crimes contra a propriedade\u201d e pelos quais chegou a cumprir &#8220;pena efetiva de pris\u00e3o&#8221;<\/strong>.<\/p>\n","protected":false},"excerpt":{"rendered":"Pa\u00eds Tudo aconteceu em mar\u00e7o deste ano em Vilarinho, vila no concelho de Santo Tirso, mas s\u00f3 esta&hellip;\n","protected":false},"author":2,"featured_media":106344,"comment_status":"","ping_status":"","sticky":false,"template":"","format":"standard","meta":{"footnotes":""},"categories":[10],"tags":[27,28,15,16,14,25,26,21,22,12,13,19,20,32,23,24,33,17,18,29,30,31],"class_list":{"0":"post-106343","1":"post","2":"type-post","3":"status-publish","4":"format-standard","5":"has-post-thumbnail","7":"category-portugal","8":"tag-breaking-news","9":"tag-breakingnews","10":"tag-featured-news","11":"tag-featurednews","12":"tag-headlines","13":"tag-latest-news","14":"tag-latestnews","15":"tag-main-news","16":"tag-mainnews","17":"tag-news","18":"tag-noticias","19":"tag-noticias-principais","20":"tag-noticiasprincipais","21":"tag-portugal","22":"tag-principais-noticias","23":"tag-principaisnoticias","24":"tag-pt","25":"tag-top-stories","26":"tag-topstories","27":"tag-ultimas","28":"tag-ultimas-noticias","29":"tag-ultimasnoticias"},"share_on_mastodon":{"url":"","error":""},"_links":{"self":[{"href":"https:\/\/www.europesays.com\/pt\/wp-json\/wp\/v2\/posts\/106343","targetHints":{"allow":["GET"]}}],"collection":[{"href":"https:\/\/www.europesays.com\/pt\/wp-json\/wp\/v2\/posts"}],"about":[{"href":"https:\/\/www.europesays.com\/pt\/wp-json\/wp\/v2\/types\/post"}],"author":[{"embeddable":true,"href":"https:\/\/www.europesays.com\/pt\/wp-json\/wp\/v2\/users\/2"}],"replies":[{"embeddable":true,"href":"https:\/\/www.europesays.com\/pt\/wp-json\/wp\/v2\/comments?post=106343"}],"version-history":[{"count":0,"href":"https:\/\/www.europesays.com\/pt\/wp-json\/wp\/v2\/posts\/106343\/revisions"}],"wp:featuredmedia":[{"embeddable":true,"href":"https:\/\/www.europesays.com\/pt\/wp-json\/wp\/v2\/media\/106344"}],"wp:attachment":[{"href":"https:\/\/www.europesays.com\/pt\/wp-json\/wp\/v2\/media?parent=106343"}],"wp:term":[{"taxonomy":"category","embeddable":true,"href":"https:\/\/www.europesays.com\/pt\/wp-json\/wp\/v2\/categories?post=106343"},{"taxonomy":"post_tag","embeddable":true,"href":"https:\/\/www.europesays.com\/pt\/wp-json\/wp\/v2\/tags?post=106343"}],"curies":[{"name":"wp","href":"https:\/\/api.w.org\/{rel}","templated":true}]}}