{"id":106346,"date":"2025-10-11T13:35:12","date_gmt":"2025-10-11T13:35:12","guid":{"rendered":"https:\/\/www.europesays.com\/pt\/106346\/"},"modified":"2025-10-11T13:35:12","modified_gmt":"2025-10-11T13:35:12","slug":"radio-educadora-90-3-fm-previsao-do-tempo-para-os-proximos-5-dias-em-santa-catarina-63","status":"publish","type":"post","link":"https:\/\/www.europesays.com\/pt\/106346\/","title":{"rendered":"R\u00e1dio Educadora 90.3 FM \u00bb Previs\u00e3o do tempo para os pr\u00f3ximos 5 dias em Santa Catarina"},"content":{"rendered":"<p>                                <a href=\"\" title=\"Previs\u00e3o do tempo para os pr\u00f3ximos 5 dias em Santa Catarina\">&#13;<br \/>\n                                    <img decoding=\"async\" src=\"https:\/\/www.europesays.com\/pt\/wp-content\/uploads\/2025\/10\/1760189708_167_whatsapp-image-2024-07-11-at-17-35-22.jpeg\" title=\"Previs\u00e3o do tempo para os pr\u00f3ximos 5 dias em Santa Catarina\" alt=\"Previs\u00e3o do tempo para os pr\u00f3ximos 5 dias em Santa Catarina\"\/>&#13;<br \/>\n                                <\/a><\/p>\n<p class=\"has-text-align-center\" style=\"text-align: center;\" data-raofz=\"16\"><strong>Elaborado em:<\/strong>\u00a011\/10\/2025 \u00e0s 05:00 \u2013 N\u00b0 284\/2025<\/p>\n<p style=\"text-align: center;\" data-raofz=\"16\">\u00a0<\/p>\n<p class=\"has-text-align-center\" style=\"text-align: center;\" data-raofz=\"16\"><strong>Meteorologista:\u00a0<\/strong>Pedro Souza<\/p>\n<p style=\"text-align: center;\" data-raofz=\"16\">\u00a0<\/p>\n<p class=\"has-text-align-center\" style=\"text-align: center;\" data-raofz=\"16\"><strong>S\u00c1BADO (11)<\/strong><\/p>\n<p data-raofz=\"16\">\u00a0<\/p>\n<p data-raofz=\"16\">Neste<strong>\u00a0s\u00e1bado (11),\u00a0<\/strong>a circula\u00e7\u00e3o mar\u00edtima perde for\u00e7a, mas mant\u00e9m maior nebulosidade e condi\u00e7\u00f5es para chuvas fracas r\u00e1pidas, especialmente nos extremos do dia, entre o Vale do Itaja\u00ed, Grd. Florian\u00f3polis e Litoral Norte. Nas demais \u00e1reas, o sol aparece entre nuvens. Com o aquecimento e a umidade, n\u00e3o se descarta a ocorr\u00eancia de pancadas de chuva e temporais bem isolados no Grande Oeste e Planaltos entre a tarde e a noite, com\u00a0<strong>risco baixo a pontualmente moderado para ocorr\u00eancias associadas.<\/strong>\u00a0No amanhecer, as temperaturas ficam mais altas do que nos dias anteriores. \u00c0 tarde, as temperaturas sobem mais devido ao quadro pr\u00e9-frontal, ficando pr\u00f3ximas dos 31\u00b0C\/33\u00b0C no Oeste. No Litoral Sul, chegam a 28\u00b0C\/30\u00b0C e nas demais regi\u00f5es variam entre 22\u00b0C e 26\u00b0C, com valores menores nas \u00e1reas serranas.<\/p>\n<p data-raofz=\"16\">\u00a0<\/p>\n<p><img decoding=\"async\" loading=\"lazy\" class=\"wp-image-12235 aligncenter\" src=\"https:\/\/www.europesays.com\/pt\/wp-content\/uploads\/2025\/10\/image-67-1024x700.png\"   alt=\"\" width=\"557\" height=\"381\"\/><\/p>\n<p data-raofz=\"16\">\u00a0<\/p>\n<p class=\"has-text-align-center\" style=\"text-align: center;\" data-raofz=\"16\"><strong>DOMINGO (12)<\/strong><\/p>\n<p data-raofz=\"16\">\u00a0<\/p>\n<p class=\"has-text-align-left\" data-raofz=\"16\">No\u00a0<strong>domingo (12),\u00a0<\/strong>o r\u00e1pido deslocamento de \u00e1reas de baixa press\u00e3o atmosf\u00e9rica por diferentes n\u00edveis da atmosfera, favorecem a forma\u00e7\u00e3o de um Ciclone Extratropical entre a Argentina e Uruguai e impulsionam o avan\u00e7o de uma frente fria por SC. Essa condi\u00e7\u00e3o deixa a atmosfera inst\u00e1vel no estado e contribui para a forma\u00e7\u00e3o de temporais com chuva intensa, raios, fortes rajadas de vento e eventual precipita\u00e7\u00e3o de granizo,\u00a0<strong>especialmente no<\/strong>\u00a0<strong>Grande Oeste e Norte catarinense<\/strong>. A instabilidade alcan\u00e7a o Oeste entre a madrugada e manh\u00e3 e avan\u00e7a para as demais \u00e1reas em menor intensidade, ao longo do dia.\u00a0<strong>O risco \u00e9 moderado a alto para ocorr\u00eancias associadas a alagamentos e enxurradas pontuais, destelhamentos, queda de galhos e \u00e1rvores e danos na rede el\u00e9trica.\u00a0<\/strong>Durante \u00e0 tarde, as temperaturas ainda sobem no norte e leste catarinense, mas n\u00e3o chegam a 20\u00b0C no Oeste.<\/p>\n<p data-raofz=\"16\">\u00a0<\/p>\n<p><img decoding=\"async\" loading=\"lazy\" class=\"wp-image-12236 aligncenter\" src=\"https:\/\/www.europesays.com\/pt\/wp-content\/uploads\/2025\/10\/image-68-1024x696.png\"   alt=\"\" width=\"561\" height=\"381\"\/><\/p>\n<p class=\"has-text-align-left\" data-raofz=\"16\">\u00a0<\/p>\n<p class=\"has-text-align-center\" style=\"text-align: center;\" data-raofz=\"16\"><strong>SEGUNDA-FEIRA (13)<\/strong><\/p>\n<p data-raofz=\"16\">\u00a0<\/p>\n<p class=\"has-text-align-left\" data-raofz=\"16\">Na<strong>\u00a0segunda-feira (13)<\/strong>, o sistema se afasta gradativamente e o tempo volta a ficar mais est\u00e1vel em todas as regi\u00f5es do estado. Durante o dia, no entanto, ainda haver\u00e1 condi\u00e7\u00f5es para pancadas de chuva e temporais bastante isolados devido ao aquecimento da superf\u00edcie e \u00e0 umidade, especialmente entre o Meio-Oeste e Litoral. \u00c0 tarde ainda faz calor no Litoral com marcas entre 25\u00b0C e 30\u00b0C. \u00c0 noite, com o ingresso de ar mais frio, as temperaturas entram em decl\u00ednio, especialmente entre o Oeste e os Planaltos, com m\u00ednimas entre 7 e 14\u00b0C, no per\u00edodo.<\/p>\n<p data-raofz=\"16\">\u00a0<\/p>\n<p><img decoding=\"async\" loading=\"lazy\" class=\"wp-image-12237 aligncenter\" src=\"https:\/\/www.europesays.com\/pt\/wp-content\/uploads\/2025\/10\/image-69-1024x700.png\"   alt=\"\" width=\"557\" height=\"381\"\/><\/p>\n<p class=\"has-text-align-left\" data-raofz=\"16\">\u00a0<\/p>\n<p class=\"has-text-align-center\" style=\"text-align: center;\" data-raofz=\"16\"><strong>TEND\u00caNCIA PARA OS PR\u00d3XIMOS DIAS<\/strong><\/p>\n<p data-raofz=\"16\">\u00a0<\/p>\n<p data-raofz=\"16\">Na\u00a0<strong>ter\u00e7a-feira (14)<\/strong>, a chegada de uma massa de ar seco favorece o tempo est\u00e1vel, com predom\u00ednio de sol em SC. O amanhecer de ser\u00e1 marcado por temperaturas mais baixas, fazendo entre 7\u00b0C e 13\u00b0C na maioria das regi\u00f5es, com valores ainda menores nas \u00e1reas mais altas da serra. Na\u00a0<strong>quarta-feira (15)<\/strong>, o tempo segue firme em praticamente todo o estado, com predom\u00ednio de sol e poucas nuvens. No Litoral, o sol aparece entre nuvens, mas tamb\u00e9m h\u00e1 condi\u00e7\u00f5es para chuva fraca e isolada nos extremos do dia, devido a circula\u00e7\u00e3o mar\u00edtima.\u00a0<\/p>\n<p data-raofz=\"16\">\u00a0<\/p>\n<p><img decoding=\"async\" loading=\"lazy\" class=\"wp-image-7834 aligncenter\" src=\"https:\/\/www.europesays.com\/pt\/wp-content\/uploads\/2025\/08\/image-26.png\"   alt=\"\" width=\"553\" height=\"129\"\/><\/p>\n<p>\u00a0<\/p>\n<p>                Fonte: Secretaria de Estado de Prote\u00e7\u00e3o e Defesa Civil                <\/p>\n","protected":false},"excerpt":{"rendered":"&#13; &#13; Elaborado em:\u00a011\/10\/2025 \u00e0s 05:00 \u2013 N\u00b0 284\/2025 \u00a0 Meteorologista:\u00a0Pedro Souza \u00a0 S\u00c1BADO (11) \u00a0 Neste\u00a0s\u00e1bado (11),\u00a0a&hellip;\n","protected":false},"author":2,"featured_media":88836,"comment_status":"","ping_status":"","sticky":false,"template":"","format":"standard","meta":{"footnotes":""},"categories":[141],"tags":[114,115,149,150,32,33],"class_list":{"0":"post-106346","1":"post","2":"type-post","3":"status-publish","4":"format-standard","5":"has-post-thumbnail","7":"category-musica","8":"tag-entertainment","9":"tag-entretenimento","10":"tag-music","11":"tag-musica","12":"tag-portugal","13":"tag-pt"},"share_on_mastodon":{"url":"","error":""},"_links":{"self":[{"href":"https:\/\/www.europesays.com\/pt\/wp-json\/wp\/v2\/posts\/106346","targetHints":{"allow":["GET"]}}],"collection":[{"href":"https:\/\/www.europesays.com\/pt\/wp-json\/wp\/v2\/posts"}],"about":[{"href":"https:\/\/www.europesays.com\/pt\/wp-json\/wp\/v2\/types\/post"}],"author":[{"embeddable":true,"href":"https:\/\/www.europesays.com\/pt\/wp-json\/wp\/v2\/users\/2"}],"replies":[{"embeddable":true,"href":"https:\/\/www.europesays.com\/pt\/wp-json\/wp\/v2\/comments?post=106346"}],"version-history":[{"count":0,"href":"https:\/\/www.europesays.com\/pt\/wp-json\/wp\/v2\/posts\/106346\/revisions"}],"wp:featuredmedia":[{"embeddable":true,"href":"https:\/\/www.europesays.com\/pt\/wp-json\/wp\/v2\/media\/88836"}],"wp:attachment":[{"href":"https:\/\/www.europesays.com\/pt\/wp-json\/wp\/v2\/media?parent=106346"}],"wp:term":[{"taxonomy":"category","embeddable":true,"href":"https:\/\/www.europesays.com\/pt\/wp-json\/wp\/v2\/categories?post=106346"},{"taxonomy":"post_tag","embeddable":true,"href":"https:\/\/www.europesays.com\/pt\/wp-json\/wp\/v2\/tags?post=106346"}],"curies":[{"name":"wp","href":"https:\/\/api.w.org\/{rel}","templated":true}]}}