{"id":106353,"date":"2025-10-11T13:42:10","date_gmt":"2025-10-11T13:42:10","guid":{"rendered":"https:\/\/www.europesays.com\/pt\/106353\/"},"modified":"2025-10-11T13:42:10","modified_gmt":"2025-10-11T13:42:10","slug":"trump-anuncia-sobretaxa-de-100-a-importacoes-da-china-a-partir-de-novembro-expresso","status":"publish","type":"post","link":"https:\/\/www.europesays.com\/pt\/106353\/","title":{"rendered":"Trump anuncia sobretaxa de 100% a importa\u00e7\u00f5es da China a partir de novembro &#8211; Expresso"},"content":{"rendered":"<ol>\n<li><a href=\"https:\/\/news.google.com\/rss\/articles\/CBMi1gFBVV95cUxOM09YamtKbV94SXlnYmtkT2l1RDRBV0NPZTRJN3QxYVRrRTdLeDFLRUJldlNGaEp4QzNlaEpoOWVBLUhuaEROR0JITkRreVRLdWZSUUN1c2tKOEU3YmdfQ3pCaEFzdjZTY0dLZ1BkTlZuNWFQZEZEd2pUOTZ5YWRfbHFUZmRZcS15NjR6TTVmcTRWbDdpdnRtdmdFTFRPbEJGOW5rbFJKY080UkRpcEpCRGlCOWVQV280SjJQNXJLYVdWSjJjWjBXTlVfb1JkczVuaXdOcXdB0gHbAUFVX3lxTE9sVm14R2xkUHZ2VklOaF9XSWJ4RXRHUUllMU5OSzllaWJjcTdDSzRSSTlKYVFwZkhYS0p0SUh2cnIzaFBTVFEtRVZYcENhVENfMjU2YWlwbE5HNmIxNXlBYmJTaEJrNUYzWXlqb2lJRzNERllSZlNlMnhyUFZvTE1FVVBrS3I4S21GOGJxeEtNQ041c1FoR0t3ZEN3QlJxZlFUTFFFeXRfOERxa280SHdBaXU2TGNkMS1oaUpxcXpYTEdZZ3VkWk1NcWdfVVhFN3JtVVU4ZzhnQnliMA?oc=5\" target=\"_blank\" rel=\"nofollow noopener\">Trump anuncia sobretaxa de 100% a importa\u00e7\u00f5es da China a partir de novembro<\/a>&nbsp;&nbsp;Expresso<\/li>\n<li><a href=\"https:\/\/news.google.com\/rss\/articles\/CBMiqAFBVV95cUxOejBIR0VNMHNuRnF2dW5MYnowZ3RXUktpVWsxbmkyRlZncjhBd1RmQzlGY1ZCVmh3aWFDSmhUZVBYdVpteHMyMDZOMjQ5VlZQZWFZaFVhbHlQTEJ0bExuOHdGd3NPQUVlbVNzdjZJNVFZQ0VidXZHb0tyVUdyOXd3T25ZREF4V1BXTGRfZHNWRUhRb0ZURko4b0ZMZ1FGSjVPQXRFdU9JOW3SAbcBQVVfeXFMTmF0WmVQRXN2TE01RFJ6cHhVa0JObk1PVzMtOENKUFc1am1KS2ZqREZENUU0WlB0SG1xdi1FUnAwZlMteFNrUEJjcUkxNjlxOFR6MVdSR2hVZTlPUDB0RlBPcUlpWGlsNUtVS1BlWjZZUDRFa0E1M1NwSWFhM2hhMUI2d29ldm5WRnh6RkpqaFNaVTZuWmZKVzlISFU5Sy1SRXFaSml2SnVJLWhFM2Y2SDBiMVVvQ25j?oc=5\" target=\"_blank\" rel=\"nofollow noopener\">Trump anuncia tarifa de 100% sobre a China a partir de novembro<\/a>&nbsp;&nbsp;O Globo<\/li>\n<li><a href=\"https:\/\/news.google.com\/rss\/articles\/CBMi0AFBVV95cUxPNGNqd0NWWjZLTVZLUDRWNG42RFpyMnJhN3dhMGFWbFhOdFdWeVZERkhKckFYRWlJT3dwZlNQLVRXWHdDQnpOS3ZqS1RHb0JQTDRWRUpna2ZWaVFVcVF3LWdtNzJwQXV4bURGRnBYb2NxZ0RhN3NJcUFqa0lFcmJTOFAzNU14NHJxdEFDR0NDY2YxalFnUTlSX1BFaVBKZ2hZY2pYU3B6dngwYUlxRE5QX2hjZ1FLUGV6UWl0ZUhYa0VrWHA2dlN6MnFYWHVISHJl?oc=5\" target=\"_blank\" rel=\"nofollow noopener\">Daniela Lima: China se prepara para briga comercial com EUA h\u00e1 tempos<\/a>&nbsp;&nbsp;UOL Not\u00edcias<\/li>\n<li><a href=\"https:\/\/news.google.com\/rss\/articles\/CBMixwFBVV95cUxQR0d6dGxVUHdOYV9YLTI1a3h1SXBVb0w0aWo4QUtpWTJyelVxcXROcU9qM3J1cGFiQ2RRSWxTS2dQTlgzUGNxVEE2ZzRpUlh5RTZCbTRtWU16bUlMWVhJQVROR0FsSXNaM0x2cnMtajNXbi1jdTVaR1dsVjE5SzlmX1lkdlZjME14c1NSR3F2dk4ySmFHTy0wSExaNjh3RzY5QjlONHQwVnNRcUVsMEtjc3hQcmNoa3J0bnB1T243QUloTGtEd0FB?oc=5\" target=\"_blank\" rel=\"nofollow noopener\">Trump amea\u00e7a controles de exporta\u00e7\u00e3o de pe\u00e7as da Boeing em resposta \u00e0 China<\/a>&nbsp;&nbsp;CNN Brasil<\/li>\n<li><a href=\"https:\/\/news.google.com\/rss\/articles\/CBMizgFBVV95cUxOSlJYT2paWExwNThFM0dxVEpSOEtKbm82a2pBZTdBOFdlalRaWWJrMDh3QWpveWIzV0tmQ3Uyc0ZQN0V0ZGswa1MwbEFZNXUtV3dRbWpDajdpVWx2ZnFteFcwandDNnhEcnVJcmNqVjlNaWdTemhzcTZKU0s5S1ZfQVY5WjNra1ZLbTgzQVdQSExwenczSHB1YVdoZi1oQ29BcGM1bEw4SWVRTTVfZmN1Sm5vQzNTQVBUX2hjVVFTX0drdGZodDJVMF9jUVVxQQ?oc=5\" target=\"_blank\" rel=\"nofollow noopener\">Novo tarifa\u00e7o de Trump: qual foi o gatilho para o an\u00fancio de 100% de taxa adicional para a China<\/a>&nbsp;&nbsp;Estad\u00e3o<\/li>\n<\/ol>\n","protected":false},"excerpt":{"rendered":"Trump anuncia sobretaxa de 100% a importa\u00e7\u00f5es da China a partir de novembro&nbsp;&nbsp;Expresso Trump anuncia tarifa de 100%&hellip;\n","protected":false},"author":2,"featured_media":105934,"comment_status":"","ping_status":"","sticky":false,"template":"","format":"standard","meta":{"footnotes":""},"categories":[50],"tags":[27,28,15,16,14,25,26,21,22,62,12,13,19,20,23,24,17,18,29,30,31,63,64,65],"class_list":{"0":"post-106353","1":"post","2":"type-post","3":"status-publish","4":"format-standard","5":"has-post-thumbnail","7":"category-mundo","8":"tag-breaking-news","9":"tag-breakingnews","10":"tag-featured-news","11":"tag-featurednews","12":"tag-headlines","13":"tag-latest-news","14":"tag-latestnews","15":"tag-main-news","16":"tag-mainnews","17":"tag-mundo","18":"tag-news","19":"tag-noticias","20":"tag-noticias-principais","21":"tag-noticiasprincipais","22":"tag-principais-noticias","23":"tag-principaisnoticias","24":"tag-top-stories","25":"tag-topstories","26":"tag-ultimas","27":"tag-ultimas-noticias","28":"tag-ultimasnoticias","29":"tag-world","30":"tag-world-news","31":"tag-worldnews"},"share_on_mastodon":{"url":"","error":""},"_links":{"self":[{"href":"https:\/\/www.europesays.com\/pt\/wp-json\/wp\/v2\/posts\/106353","targetHints":{"allow":["GET"]}}],"collection":[{"href":"https:\/\/www.europesays.com\/pt\/wp-json\/wp\/v2\/posts"}],"about":[{"href":"https:\/\/www.europesays.com\/pt\/wp-json\/wp\/v2\/types\/post"}],"author":[{"embeddable":true,"href":"https:\/\/www.europesays.com\/pt\/wp-json\/wp\/v2\/users\/2"}],"replies":[{"embeddable":true,"href":"https:\/\/www.europesays.com\/pt\/wp-json\/wp\/v2\/comments?post=106353"}],"version-history":[{"count":0,"href":"https:\/\/www.europesays.com\/pt\/wp-json\/wp\/v2\/posts\/106353\/revisions"}],"wp:featuredmedia":[{"embeddable":true,"href":"https:\/\/www.europesays.com\/pt\/wp-json\/wp\/v2\/media\/105934"}],"wp:attachment":[{"href":"https:\/\/www.europesays.com\/pt\/wp-json\/wp\/v2\/media?parent=106353"}],"wp:term":[{"taxonomy":"category","embeddable":true,"href":"https:\/\/www.europesays.com\/pt\/wp-json\/wp\/v2\/categories?post=106353"},{"taxonomy":"post_tag","embeddable":true,"href":"https:\/\/www.europesays.com\/pt\/wp-json\/wp\/v2\/tags?post=106353"}],"curies":[{"name":"wp","href":"https:\/\/api.w.org\/{rel}","templated":true}]}}