{"id":106368,"date":"2025-10-11T13:57:11","date_gmt":"2025-10-11T13:57:11","guid":{"rendered":"https:\/\/www.europesays.com\/pt\/106368\/"},"modified":"2025-10-11T13:57:11","modified_gmt":"2025-10-11T13:57:11","slug":"chefe-de-gabinete-da-agricultura-denunciado-por-assedio-observador","status":"publish","type":"post","link":"https:\/\/www.europesays.com\/pt\/106368\/","title":{"rendered":"Chefe de gabinete da Agricultura denunciado por ass\u00e9dio \u2013 Observador"},"content":{"rendered":"<p>Nataniel Ara\u00fajo, chefe de gabinete do ministro da Agricultura, foi denunciado por ass\u00e9dio sexual por uma antiga assessora de Jos\u00e9 Manuel Fernandes, avan\u00e7a o <a href=\"https:\/\/www.cmjornal.pt\/politica\/detalhe\/chefe-de-gabinete-do-ministro-da-agricultura-esta-a-ser-acusado-de-assedio-sexual\" rel=\"nofollow noopener\" target=\"_blank\">Correio da Manh\u00e3<\/a>, que d\u00e1 conta que a conduta est\u00e1 agora a ser investigada pela Inspe\u00e7\u00e3o-Geral da Agricultura, do Mar, do Ambiente e do Ordenamento do Territ\u00f3rio (IGAMAOT).<\/p>\n<p>A v\u00edtima, de 29 anos, denuncia que o ass\u00e9dio come\u00e7ou quando o Executivo de Lu\u00eds Montenegro tomou posse, em junho, e afirma ter guardadas mensagens que mostram que era coagida por Nataniel Ara\u00fajo, que, segundo a mesma, abusava do seu poder.<\/p>\n<p>Haver\u00e1 tamb\u00e9m testemunhas de que o chefe de gabinete de Jos\u00e9 Manuel Fernandes perseguia a mulher desde o trabalho at\u00e9 casa, ficando por v\u00e1rias horas \u00e0 sua porta.<\/p>\n<p>Face ao ass\u00e9dio, a v\u00edtima acabou por deixar o cargo de assessora tr\u00eas meses depois de ter sido nomeada, indica o CM, que adianta ainda que em Di\u00e1rio da Rep\u00fablica consta que foi exonerada a pedido da pr\u00f3pria. Nataniel Ara\u00fajo continua em fun\u00e7\u00f5es.<\/p>\n<p>                            Se tiver uma hist\u00f3ria que queira partilhar sobre irregularidades na sua autarquia, preencha<br \/>\n                            <a href=\"https:\/\/forms.gle\/uQ1gDpSwmRd7ezUf8\" target=\"_blank\" rel=\"noopener noreferrer nofollow\">este formul\u00e1rio an\u00f3nimo<\/a>.<\/p>\n","protected":false},"excerpt":{"rendered":"Nataniel Ara\u00fajo, chefe de gabinete do ministro da Agricultura, foi denunciado por ass\u00e9dio sexual por uma antiga assessora&hellip;\n","protected":false},"author":2,"featured_media":106369,"comment_status":"","ping_status":"","sticky":false,"template":"","format":"standard","meta":{"footnotes":""},"categories":[10],"tags":[2674,27,28,604,15,16,14,25,26,21,22,19235,12,13,19,20,302,32,23,24,33,58,17,18,29,30,31],"class_list":{"0":"post-106368","1":"post","2":"type-post","3":"status-publish","4":"format-standard","5":"has-post-thumbnail","7":"category-portugal","8":"tag-assu00e9dio-sexual","9":"tag-breaking-news","10":"tag-breakingnews","11":"tag-crime","12":"tag-featured-news","13":"tag-featurednews","14":"tag-headlines","15":"tag-latest-news","16":"tag-latestnews","17":"tag-main-news","18":"tag-mainnews","19":"tag-ministu00e9rio-da-agricultura","20":"tag-news","21":"tag-noticias","22":"tag-noticias-principais","23":"tag-noticiasprincipais","24":"tag-polu00edtica","25":"tag-portugal","26":"tag-principais-noticias","27":"tag-principaisnoticias","28":"tag-pt","29":"tag-sociedade","30":"tag-top-stories","31":"tag-topstories","32":"tag-ultimas","33":"tag-ultimas-noticias","34":"tag-ultimasnoticias"},"share_on_mastodon":{"url":"","error":""},"_links":{"self":[{"href":"https:\/\/www.europesays.com\/pt\/wp-json\/wp\/v2\/posts\/106368","targetHints":{"allow":["GET"]}}],"collection":[{"href":"https:\/\/www.europesays.com\/pt\/wp-json\/wp\/v2\/posts"}],"about":[{"href":"https:\/\/www.europesays.com\/pt\/wp-json\/wp\/v2\/types\/post"}],"author":[{"embeddable":true,"href":"https:\/\/www.europesays.com\/pt\/wp-json\/wp\/v2\/users\/2"}],"replies":[{"embeddable":true,"href":"https:\/\/www.europesays.com\/pt\/wp-json\/wp\/v2\/comments?post=106368"}],"version-history":[{"count":0,"href":"https:\/\/www.europesays.com\/pt\/wp-json\/wp\/v2\/posts\/106368\/revisions"}],"wp:featuredmedia":[{"embeddable":true,"href":"https:\/\/www.europesays.com\/pt\/wp-json\/wp\/v2\/media\/106369"}],"wp:attachment":[{"href":"https:\/\/www.europesays.com\/pt\/wp-json\/wp\/v2\/media?parent=106368"}],"wp:term":[{"taxonomy":"category","embeddable":true,"href":"https:\/\/www.europesays.com\/pt\/wp-json\/wp\/v2\/categories?post=106368"},{"taxonomy":"post_tag","embeddable":true,"href":"https:\/\/www.europesays.com\/pt\/wp-json\/wp\/v2\/tags?post=106368"}],"curies":[{"name":"wp","href":"https:\/\/api.w.org\/{rel}","templated":true}]}}