{"id":106378,"date":"2025-10-11T14:07:38","date_gmt":"2025-10-11T14:07:38","guid":{"rendered":"https:\/\/www.europesays.com\/pt\/106378\/"},"modified":"2025-10-11T14:07:38","modified_gmt":"2025-10-11T14:07:38","slug":"lisa-schincariol-critica-casa-dos-segredos-apos-polemica-do-ovo-ja-estou-enjoada","status":"publish","type":"post","link":"https:\/\/www.europesays.com\/pt\/106378\/","title":{"rendered":"Lisa Schincariol critica \u201cCasa dos Segredos\u201d ap\u00f3s pol\u00e9mica do ovo: \u201cJ\u00e1 estou enjoada\u201d"},"content":{"rendered":"<p><img width=\"780\" height=\"470\" src=\"https:\/\/www.europesays.com\/pt\/wp-content\/uploads\/2025\/10\/Lisa-Schincariol--780x470.png\" class=\"attachment-jannah-image-post size-jannah-image-post wp-post-image\" alt=\"Lisa Schincariol sem papas na l\u00edngua! Descartava Diogo Bordin na final &quot;banalizou muitos temas&quot;\" data-main-img=\"1\" decoding=\"async\" fetchpriority=\"high\"\/>  Lisa Schincariol sem papas na l\u00edngua! Descartava Diogo Bordin na final &#8220;banalizou muitos temas&#8221;Lisa Schincariol, participou na edi\u00e7\u00e3o 2025 do \u201cBig Brother\u201d, e tem acompanhado de perto o regresso da \u201cCasa dos Segredos\u201d \u00e0 TVI e decidiu reagir \u00e0 pol\u00e9mica que envolve tr\u00eas dos atuais participantes: Marisa, F\u00e1bio e Dylan.<\/p>\n<p>Tudo come\u00e7ou com o epis\u00f3dio conhecido como a \u201cpol\u00e9mica do ovo\u201d, que tem gerado intensas discuss\u00f5es entre f\u00e3s do programa nas redes sociais. Lisa n\u00e3o ficou indiferente e, atrav\u00e9s do \u201cX\u201d (antigo Twitter), partilhou o seu desagrado com o que viu.<\/p>\n<p>\u201c<strong>Meti agora no \u00daltima Hora e j\u00e1 estou enjoada. Vamos brincar todos? Vamos come\u00e7ar a meter as m\u00e3os onde n\u00e3o devemos uns aos outros? Super fixe\u201d<\/strong>, escreveu.<\/p>\n<p>Mas a jovem n\u00e3o se ficou por a\u00ed, <strong>\u201cSe \u00e9 s\u00f3 uma brincadeira\u2026 expliquem-me o choro do F\u00e1bio? E peso na consci\u00eancia porque sabe que o que fez foi invas\u00e3o de espa\u00e7o e intimidade!!!!!!!!\u201d<\/strong>, acrescentou.<\/p>\n<p><a href=\"https:\/\/www.europesays.com\/pt\/wp-content\/uploads\/2025\/10\/lisa.png\">  <img loading=\"lazy\" decoding=\"async\" src=\"https:\/\/www.europesays.com\/pt\/wp-content\/uploads\/2025\/10\/lisa.png\" alt=\"Lisa Schincariol critica \u201cCasa dos Segredos\u201d ap\u00f3s pol\u00e9mica do ovo: \u201cJ\u00e1 estou enjoada\u201d\" width=\"631\" height=\"330\"  \/>  <\/a><\/p>\n<p><a href=\"https:\/\/www.europesays.com\/pt\/wp-content\/uploads\/2025\/10\/lisa-1.png\">  <img loading=\"lazy\" decoding=\"async\" src=\"https:\/\/www.europesays.com\/pt\/wp-content\/uploads\/2025\/10\/lisa-1.png\" alt=\"Lisa Schincariol critica \u201cCasa dos Segredos\u201d ap\u00f3s pol\u00e9mica do ovo: \u201cJ\u00e1 estou enjoada\u201d\" width=\"629\" height=\"668\"  \/>  <\/a><\/p>\n","protected":false},"excerpt":{"rendered":"Lisa Schincariol sem papas na l\u00edngua! Descartava Diogo Bordin na final &#8220;banalizou muitos temas&#8221;Lisa Schincariol, participou na edi\u00e7\u00e3o&hellip;\n","protected":false},"author":2,"featured_media":106379,"comment_status":"","ping_status":"","sticky":false,"template":"","format":"standard","meta":{"footnotes":""},"categories":[85],"tags":[114,115,11014,32,33],"class_list":{"0":"post-106378","1":"post","2":"type-post","3":"status-publish","4":"format-standard","5":"has-post-thumbnail","7":"category-entretenimento","8":"tag-entertainment","9":"tag-entretenimento","10":"tag-lisa-schincariol","11":"tag-portugal","12":"tag-pt"},"share_on_mastodon":{"url":"","error":""},"_links":{"self":[{"href":"https:\/\/www.europesays.com\/pt\/wp-json\/wp\/v2\/posts\/106378","targetHints":{"allow":["GET"]}}],"collection":[{"href":"https:\/\/www.europesays.com\/pt\/wp-json\/wp\/v2\/posts"}],"about":[{"href":"https:\/\/www.europesays.com\/pt\/wp-json\/wp\/v2\/types\/post"}],"author":[{"embeddable":true,"href":"https:\/\/www.europesays.com\/pt\/wp-json\/wp\/v2\/users\/2"}],"replies":[{"embeddable":true,"href":"https:\/\/www.europesays.com\/pt\/wp-json\/wp\/v2\/comments?post=106378"}],"version-history":[{"count":0,"href":"https:\/\/www.europesays.com\/pt\/wp-json\/wp\/v2\/posts\/106378\/revisions"}],"wp:featuredmedia":[{"embeddable":true,"href":"https:\/\/www.europesays.com\/pt\/wp-json\/wp\/v2\/media\/106379"}],"wp:attachment":[{"href":"https:\/\/www.europesays.com\/pt\/wp-json\/wp\/v2\/media?parent=106378"}],"wp:term":[{"taxonomy":"category","embeddable":true,"href":"https:\/\/www.europesays.com\/pt\/wp-json\/wp\/v2\/categories?post=106378"},{"taxonomy":"post_tag","embeddable":true,"href":"https:\/\/www.europesays.com\/pt\/wp-json\/wp\/v2\/tags?post=106378"}],"curies":[{"name":"wp","href":"https:\/\/api.w.org\/{rel}","templated":true}]}}