{"id":106382,"date":"2025-10-11T14:11:09","date_gmt":"2025-10-11T14:11:09","guid":{"rendered":"https:\/\/www.europesays.com\/pt\/106382\/"},"modified":"2025-10-11T14:11:09","modified_gmt":"2025-10-11T14:11:09","slug":"autarquicas-ha-razoes-adicionais-para-pessoas-irem-votar-nestas-eleicoes-alerta-presidente","status":"publish","type":"post","link":"https:\/\/www.europesays.com\/pt\/106382\/","title":{"rendered":"Aut\u00e1rquicas. H\u00e1 raz\u00f5es adicionais para pessoas irem votar nestas elei\u00e7\u00f5es, alerta Presidente"},"content":{"rendered":"<p>                    O Presidente da Rep\u00fablica fala hoje ao pa\u00eds, quando forem 19h00. <\/p>\n<p>&#8220;\u00c9 melhor esperar por ouvir, mas \u00e9, naturalmente, como todo o apelo ao voto, o tentar explicar por que \u00e9  que nesta elei\u00e7\u00e3o h\u00e1 um ou dois motivos adicionais para as pessoas irem votar&#8221;, declarou Marcelo Rebelo de Sousa em declara\u00e7\u00f5es aos jornalistas em Tallin, no final de uma desloca\u00e7\u00e3o \u00e0 Est\u00f3nia.<\/p>\n<p>&#8220;Normalmente (os portugueses) v\u00e3o votar muito nas elei\u00e7\u00f5es locais, mas desta vez acho que h\u00e1 raz\u00f5es para votarem mais&#8221;, refor\u00e7ou, sem dar mais pormenores. <br \/>&#13;\n<\/p>\n<p>          <img decoding=\"async\" itemprop=\"image\" class=\"img-fluid\"   src=\"https:\/\/www.europesays.com\/pt\/wp-content\/uploads\/2025\/10\/3920d437a83dd4b0e7ca5436a788c117_N.jpg\"\/><\/p>\n<p>\nSer\u00e1 a &#8220;\u00faltima mensagem ao longo de dois mandatos de apelo ao voto&#8221;.<\/p>\n<p>A campanha oficial para as elei\u00e7\u00f5es aut\u00e1rquicas terminou na sexta-feira para mais de 800 grupos de cidad\u00e3os e for\u00e7as pol\u00edticas, que candidataram cerca de 12.860 listas a autarquias de todo o pa\u00eds, de acordo com dados provis\u00f3rios da Comiss\u00e3o Nacional de Elei\u00e7\u00f5es.<\/p>\n<p>Nas elei\u00e7\u00f5es aut\u00e1rquicas, que decorrem entre as 08h00 e as 19h00 de domingo, os eleitores v\u00e3o escolher os \u00f3rg\u00e3os dirigentes de 308 c\u00e2maras municipais, 308 assembleias municipais e 3.221 assembleias de freguesia.<\/p>\n<p>Outras 37 freguesias v\u00e3o escolher o executivo em plen\u00e1rios de cidad\u00e3os, por terem menos de 150 votantes.<\/p>\n","protected":false},"excerpt":{"rendered":"O Presidente da Rep\u00fablica fala hoje ao pa\u00eds, quando forem 19h00. &#8220;\u00c9 melhor esperar por ouvir, mas \u00e9,&hellip;\n","protected":false},"author":2,"featured_media":106383,"comment_status":"","ping_status":"","sticky":false,"template":"","format":"standard","meta":{"footnotes":""},"categories":[10],"tags":[27,28,15,16,14,25,26,21,22,12,13,19,20,32,23,24,33,420,421,17,18,29,30,31],"class_list":{"0":"post-106382","1":"post","2":"type-post","3":"status-publish","4":"format-standard","5":"has-post-thumbnail","7":"category-portugal","8":"tag-breaking-news","9":"tag-breakingnews","10":"tag-featured-news","11":"tag-featurednews","12":"tag-headlines","13":"tag-latest-news","14":"tag-latestnews","15":"tag-main-news","16":"tag-mainnews","17":"tag-news","18":"tag-noticias","19":"tag-noticias-principais","20":"tag-noticiasprincipais","21":"tag-portugal","22":"tag-principais-noticias","23":"tag-principaisnoticias","24":"tag-pt","25":"tag-rtp","26":"tag-rtp-noticias","27":"tag-top-stories","28":"tag-topstories","29":"tag-ultimas","30":"tag-ultimas-noticias","31":"tag-ultimasnoticias"},"share_on_mastodon":{"url":"","error":""},"_links":{"self":[{"href":"https:\/\/www.europesays.com\/pt\/wp-json\/wp\/v2\/posts\/106382","targetHints":{"allow":["GET"]}}],"collection":[{"href":"https:\/\/www.europesays.com\/pt\/wp-json\/wp\/v2\/posts"}],"about":[{"href":"https:\/\/www.europesays.com\/pt\/wp-json\/wp\/v2\/types\/post"}],"author":[{"embeddable":true,"href":"https:\/\/www.europesays.com\/pt\/wp-json\/wp\/v2\/users\/2"}],"replies":[{"embeddable":true,"href":"https:\/\/www.europesays.com\/pt\/wp-json\/wp\/v2\/comments?post=106382"}],"version-history":[{"count":0,"href":"https:\/\/www.europesays.com\/pt\/wp-json\/wp\/v2\/posts\/106382\/revisions"}],"wp:featuredmedia":[{"embeddable":true,"href":"https:\/\/www.europesays.com\/pt\/wp-json\/wp\/v2\/media\/106383"}],"wp:attachment":[{"href":"https:\/\/www.europesays.com\/pt\/wp-json\/wp\/v2\/media?parent=106382"}],"wp:term":[{"taxonomy":"category","embeddable":true,"href":"https:\/\/www.europesays.com\/pt\/wp-json\/wp\/v2\/categories?post=106382"},{"taxonomy":"post_tag","embeddable":true,"href":"https:\/\/www.europesays.com\/pt\/wp-json\/wp\/v2\/tags?post=106382"}],"curies":[{"name":"wp","href":"https:\/\/api.w.org\/{rel}","templated":true}]}}