{"id":106386,"date":"2025-10-11T14:14:09","date_gmt":"2025-10-11T14:14:09","guid":{"rendered":"https:\/\/www.europesays.com\/pt\/106386\/"},"modified":"2025-10-11T14:14:09","modified_gmt":"2025-10-11T14:14:09","slug":"eduardo-moscovis-faz-aparicao-rara-com-a-mae-e-as-filhas-reunidas-saiba-quem-sao-elas","status":"publish","type":"post","link":"https:\/\/www.europesays.com\/pt\/106386\/","title":{"rendered":"Eduardo Moscovis faz apari\u00e7\u00e3o rara com a m\u00e3e e as filhas reunidas. Saiba quem s\u00e3o elas"},"content":{"rendered":"\n<p class=\" content-text__container \" data-track-category=\"Link no Texto\" data-track-links=\"\"> A trama se passa durante uma noite de Ano Novo, quando o desabamento de uma ponte durante uma tempestade provoca o encontro improv\u00e1vel entre Elsa (Malu) e Oswaldo (Moscovis), nos escombros de um pr\u00e9dio abandonado no Rio de Janeiro. <\/p>\n<p class=\" content-text__container \" data-track-category=\"Link no Texto\" data-track-links=\"\"> Gabriela, de 26 anos, e Sofia, de 24, s\u00e3o frutos do casamento de Moscovis com a diretora Roberta Richard. J\u00e1 Manuela, de 18, \u00e9 fruto do relacionamento com a ex-modelo Cynthia Howlett. <\/p>\n<p class=\" content-text__container \" data-track-category=\"Link no Texto\" data-track-links=\"\"> Recentemente, Manuela tamb\u00e9m iniciou a carreira de modelo. Al\u00e9m dela, o ator e Cynthia tamb\u00e9m s\u00e3o pais de Rodrigo, de 13. <\/p>\n","protected":false},"excerpt":{"rendered":"A trama se passa durante uma noite de Ano Novo, quando o desabamento de uma ponte durante uma&hellip;\n","protected":false},"author":2,"featured_media":106387,"comment_status":"","ping_status":"","sticky":false,"template":"","format":"standard","meta":{"footnotes":""},"categories":[145],"tags":[211,210,4393,114,115,2926,4379,32,33,679],"class_list":{"0":"post-106386","1":"post","2":"type-post","3":"status-publish","4":"format-standard","5":"has-post-thumbnail","7":"category-celebridades","8":"tag-celebridades","9":"tag-celebrities","10":"tag-eduardo-moscovis","11":"tag-entertainment","12":"tag-entretenimento","13":"tag-malu-galli","14":"tag-miguel-falabella","15":"tag-portugal","16":"tag-pt","17":"tag-reportagem"},"share_on_mastodon":{"url":"","error":""},"_links":{"self":[{"href":"https:\/\/www.europesays.com\/pt\/wp-json\/wp\/v2\/posts\/106386","targetHints":{"allow":["GET"]}}],"collection":[{"href":"https:\/\/www.europesays.com\/pt\/wp-json\/wp\/v2\/posts"}],"about":[{"href":"https:\/\/www.europesays.com\/pt\/wp-json\/wp\/v2\/types\/post"}],"author":[{"embeddable":true,"href":"https:\/\/www.europesays.com\/pt\/wp-json\/wp\/v2\/users\/2"}],"replies":[{"embeddable":true,"href":"https:\/\/www.europesays.com\/pt\/wp-json\/wp\/v2\/comments?post=106386"}],"version-history":[{"count":0,"href":"https:\/\/www.europesays.com\/pt\/wp-json\/wp\/v2\/posts\/106386\/revisions"}],"wp:featuredmedia":[{"embeddable":true,"href":"https:\/\/www.europesays.com\/pt\/wp-json\/wp\/v2\/media\/106387"}],"wp:attachment":[{"href":"https:\/\/www.europesays.com\/pt\/wp-json\/wp\/v2\/media?parent=106386"}],"wp:term":[{"taxonomy":"category","embeddable":true,"href":"https:\/\/www.europesays.com\/pt\/wp-json\/wp\/v2\/categories?post=106386"},{"taxonomy":"post_tag","embeddable":true,"href":"https:\/\/www.europesays.com\/pt\/wp-json\/wp\/v2\/tags?post=106386"}],"curies":[{"name":"wp","href":"https:\/\/api.w.org\/{rel}","templated":true}]}}