{"id":106398,"date":"2025-10-11T14:25:09","date_gmt":"2025-10-11T14:25:09","guid":{"rendered":"https:\/\/www.europesays.com\/pt\/106398\/"},"modified":"2025-10-11T14:25:09","modified_gmt":"2025-10-11T14:25:09","slug":"o-que-e-o-permafrost-microbios-com-40-mil-anos-acordam-do-gelo-e-voltam-a-viver","status":"publish","type":"post","link":"https:\/\/www.europesays.com\/pt\/106398\/","title":{"rendered":"O que \u00e9 o permafrost? Micr\u00f3bios com 40 mil anos \u201cacordam\u201d do gelo e voltam a viver"},"content":{"rendered":"<p><strong>Micr\u00f3bios antigos que estavam presos no gelo h\u00e1 cerca de 40.000 anos foram ressuscitados por uma equipa de cientistas dos Estados Unidos (EUA).<\/strong><\/p>\n<blockquote>\n<p>&#8220;Ge\u00f3logos e bi\u00f3logos liderados pela Universidade do Colorado em Boulder ressuscitaram micr\u00f3bios antigos que estavam presos no gelo, em alguns casos h\u00e1 cerca de 40 mil anos&#8221;, refere a <a href=\"https:\/\/www.europapress.es\/ciencia\/habitat\/noticia-resucitan-microbios-atrapados-40000-anos-suelos-congelados-20251003104411.html\" target=\"_blank\" rel=\"noreferrer noopener nofollow\">Europa Press<\/a>.<\/p>\n<\/blockquote>\n<p>O autor principal da investiga\u00e7\u00e3o, Tristan Caro, disse que <strong>&#8220;n\u00e3o s\u00e3o amostras mortas, nem de longe&#8221;<\/strong>, em comunicado, referindo-se \u00e0s subst\u00e2ncias recolhidas.<\/p>\n<p>Tristan Caro indicou que <strong>os micr\u00f3bios conseguem sustentar vida, decompor mat\u00e9ria org\u00e2nica e libert\u00e1-la como di\u00f3xido de carbono.<\/strong><\/p>\n<p><strong>O que \u00e9 o permafrost?<\/strong><\/p>\n<p>O estudo \u00e9 <strong>uma amostra do permafrost do planeta<\/strong>, uma mistura congelada de solo, gelo e rochas que se encontra abaixo de quase um quarto da superf\u00edcie terrestre no hemisf\u00e9rio norte.<\/p>\n<p>O <strong>permafrost \u00e9 um cemit\u00e9rio gelado onde restos de animais e plantas, juntamente com bact\u00e9rias e outros microrganismos abundantes, ficaram retidos no tempo<\/strong>, segundo a investiga\u00e7\u00e3o.<\/p>\n<p><strong>Micr\u00f3bios pr\u00e9-hist\u00f3ricos voltam \u00e0 vida no laborat\u00f3rio<\/strong><\/p>\n<p>O grupo, liderado pela Universidade do Colorado em Boulder, descobriu que, se o permafrost derreter, ap\u00f3s alguns meses os <strong>micr\u00f3bios presentes na mistura ativam-se, reproduzirem-se e come\u00e7am a formar col\u00f3nias.<\/strong><\/p>\n<p><strong>Passado seis meses, algumas col\u00f3nias bacterianas produziram estruturas viscosas chamadas &#8220;biofilmes&#8221;,<\/strong> que podem ser vistas a olho nu.<\/p>\n<p>Para obter os dados, os investigadores viajaram at\u00e9 ao T\u00fanel de Permafrost do Corpo de Engenheiros do Ex\u00e9rcito dos EUA, <strong>uma instala\u00e7\u00e3o no solo gelado sob o centro do Alasca.<\/strong><\/p>\n<p><strong>Degelo acelerado e risco para o clima<\/strong><\/p>\n<p>De acordo com a <a href=\"https:\/\/agupubs.onlinelibrary.wiley.com\/doi\/abs\/10.1029\/2025JG008759\" target=\"_blank\" rel=\"noreferrer noopener nofollow\"><strong>investiga\u00e7\u00e3o, publicada na revista cientifica Journal of Geophysical Research: Biogeosciences<\/strong><\/a>, <strong>o permafrost mundial est\u00e1 a descongelar a um &#8220;ritmo alarmante&#8221; devido \u00e0s <\/strong><a href=\"https:\/\/sicnoticias.pt\/especiais\/alteracoes-climaticas\" target=\"_blank\" rel=\"noreferrer noopener nofollow\"><strong>altera\u00e7\u00f5es clim\u00e1ticas.<\/strong><\/a><\/p>\n<p>Os cientistas alertaram que <strong>\u00e0 medida que o permafrost derrete, os micr\u00f3bios que vivem no solo come\u00e7ar\u00e3o a decompor a mat\u00e9ria org\u00e2nica, libertando-a para o ar como di\u00f3xido de carbono e metano<\/strong>, ambos gases com efeito de estufa, um fen\u00f3meno em que certos gases na atmosfera ret\u00eam o calor do sol e mant\u00e9m a temperatura do planeta habit\u00e1vel.<\/p>\n","protected":false},"excerpt":{"rendered":"Micr\u00f3bios antigos que estavam presos no gelo h\u00e1 cerca de 40.000 anos foram ressuscitados por uma equipa de&hellip;\n","protected":false},"author":2,"featured_media":106399,"comment_status":"","ping_status":"","sticky":false,"template":"","format":"standard","meta":{"footnotes":""},"categories":[50],"tags":[27,28,15,16,14,25,26,21,22,62,12,13,19,20,23,24,17,18,29,30,31,63,64,65],"class_list":{"0":"post-106398","1":"post","2":"type-post","3":"status-publish","4":"format-standard","5":"has-post-thumbnail","7":"category-mundo","8":"tag-breaking-news","9":"tag-breakingnews","10":"tag-featured-news","11":"tag-featurednews","12":"tag-headlines","13":"tag-latest-news","14":"tag-latestnews","15":"tag-main-news","16":"tag-mainnews","17":"tag-mundo","18":"tag-news","19":"tag-noticias","20":"tag-noticias-principais","21":"tag-noticiasprincipais","22":"tag-principais-noticias","23":"tag-principaisnoticias","24":"tag-top-stories","25":"tag-topstories","26":"tag-ultimas","27":"tag-ultimas-noticias","28":"tag-ultimasnoticias","29":"tag-world","30":"tag-world-news","31":"tag-worldnews"},"share_on_mastodon":{"url":"","error":""},"_links":{"self":[{"href":"https:\/\/www.europesays.com\/pt\/wp-json\/wp\/v2\/posts\/106398","targetHints":{"allow":["GET"]}}],"collection":[{"href":"https:\/\/www.europesays.com\/pt\/wp-json\/wp\/v2\/posts"}],"about":[{"href":"https:\/\/www.europesays.com\/pt\/wp-json\/wp\/v2\/types\/post"}],"author":[{"embeddable":true,"href":"https:\/\/www.europesays.com\/pt\/wp-json\/wp\/v2\/users\/2"}],"replies":[{"embeddable":true,"href":"https:\/\/www.europesays.com\/pt\/wp-json\/wp\/v2\/comments?post=106398"}],"version-history":[{"count":0,"href":"https:\/\/www.europesays.com\/pt\/wp-json\/wp\/v2\/posts\/106398\/revisions"}],"wp:featuredmedia":[{"embeddable":true,"href":"https:\/\/www.europesays.com\/pt\/wp-json\/wp\/v2\/media\/106399"}],"wp:attachment":[{"href":"https:\/\/www.europesays.com\/pt\/wp-json\/wp\/v2\/media?parent=106398"}],"wp:term":[{"taxonomy":"category","embeddable":true,"href":"https:\/\/www.europesays.com\/pt\/wp-json\/wp\/v2\/categories?post=106398"},{"taxonomy":"post_tag","embeddable":true,"href":"https:\/\/www.europesays.com\/pt\/wp-json\/wp\/v2\/tags?post=106398"}],"curies":[{"name":"wp","href":"https:\/\/api.w.org\/{rel}","templated":true}]}}