{"id":106415,"date":"2025-10-11T14:40:13","date_gmt":"2025-10-11T14:40:13","guid":{"rendered":"https:\/\/www.europesays.com\/pt\/106415\/"},"modified":"2025-10-11T14:40:13","modified_gmt":"2025-10-11T14:40:13","slug":"pj-detem-homem-de-36-anos-por-tentativa-de-violacao-observador","status":"publish","type":"post","link":"https:\/\/www.europesays.com\/pt\/106415\/","title":{"rendered":"PJ det\u00e9m homem de 36 anos por tentativa de viola\u00e7\u00e3o \u2013 Observador"},"content":{"rendered":"<p>Um homem de 36 anos foi esta sexta-feira detido pela Pol\u00edcia Judici\u00e1ria (PJ) por tentativa de viola\u00e7\u00e3o agravada a uma mulher na esta\u00e7\u00e3o de Santo Tirso no passado dia 18 de mar\u00e7o, avan\u00e7ou a PJ em comunicado.<\/p>\n<p>De acordo com a den\u00fancia, a v\u00edtima apanhou o comboio para ir para casa depois do trabalho mas acabou por sair na paragem a seguir ao seu destino, onde o agressor, que viajava no mesmo comboio, tamb\u00e9m saiu. Sem conhecer aquele apeadeiro, acabou por pedir ajuda ao homem, que acedeu ao pedido.<\/p>\n<p>\u201cCom o prop\u00f3sito de orientar a v\u00edtima, disp\u00f4s-se a acompanh\u00e1-la, sendo que ao longo do percurso foi estabelecendo um di\u00e1logo com troca de informa\u00e7\u00e3o pessoal. Posteriormente, agarrou a mulher e tentou agredi-la sexualmente, acabando esta por conseguir p\u00f4r-se em fuga\u201d, l\u00ea-se no comunicado da PJ.<\/p>\n<p>O detido, que tinha antecedentes por crimes contra a propriedade, foi este s\u00e1bado presente a primeiro interrogat\u00f3rio judicial no Tribunal Central de Instru\u00e7\u00e3o Criminal de Matosinhos ficando sujeito \u00e0s medidas de coa\u00e7\u00e3o de apresenta\u00e7\u00f5es peri\u00f3dicas \u00e0s autoridades e a proibi\u00e7\u00e3o de contacto com a v\u00edtima.<\/p>\n","protected":false},"excerpt":{"rendered":"Um homem de 36 anos foi esta sexta-feira detido pela Pol\u00edcia Judici\u00e1ria (PJ) por tentativa de viola\u00e7\u00e3o agravada&hellip;\n","protected":false},"author":2,"featured_media":106416,"comment_status":"","ping_status":"","sticky":false,"template":"","format":"standard","meta":{"footnotes":""},"categories":[10],"tags":[27,28,1403,15,16,14,300,25,26,21,22,12,13,19,20,3918,32,23,24,33,2004,58,17,18,29,30,31,8145],"class_list":{"0":"post-106415","1":"post","2":"type-post","3":"status-publish","4":"format-standard","5":"has-post-thumbnail","7":"category-portugal","8":"tag-breaking-news","9":"tag-breakingnews","10":"tag-comportamento","11":"tag-featured-news","12":"tag-featurednews","13":"tag-headlines","14":"tag-justiu00e7a","15":"tag-latest-news","16":"tag-latestnews","17":"tag-main-news","18":"tag-mainnews","19":"tag-news","20":"tag-noticias","21":"tag-noticias-principais","22":"tag-noticiasprincipais","23":"tag-polu00edcia-judiciu00e1ria","24":"tag-portugal","25":"tag-principais-noticias","26":"tag-principaisnoticias","27":"tag-pt","28":"tag-seguranu00e7a","29":"tag-sociedade","30":"tag-top-stories","31":"tag-topstories","32":"tag-ultimas","33":"tag-ultimas-noticias","34":"tag-ultimasnoticias","35":"tag-violau00e7u00e3o"},"share_on_mastodon":{"url":"","error":""},"_links":{"self":[{"href":"https:\/\/www.europesays.com\/pt\/wp-json\/wp\/v2\/posts\/106415","targetHints":{"allow":["GET"]}}],"collection":[{"href":"https:\/\/www.europesays.com\/pt\/wp-json\/wp\/v2\/posts"}],"about":[{"href":"https:\/\/www.europesays.com\/pt\/wp-json\/wp\/v2\/types\/post"}],"author":[{"embeddable":true,"href":"https:\/\/www.europesays.com\/pt\/wp-json\/wp\/v2\/users\/2"}],"replies":[{"embeddable":true,"href":"https:\/\/www.europesays.com\/pt\/wp-json\/wp\/v2\/comments?post=106415"}],"version-history":[{"count":0,"href":"https:\/\/www.europesays.com\/pt\/wp-json\/wp\/v2\/posts\/106415\/revisions"}],"wp:featuredmedia":[{"embeddable":true,"href":"https:\/\/www.europesays.com\/pt\/wp-json\/wp\/v2\/media\/106416"}],"wp:attachment":[{"href":"https:\/\/www.europesays.com\/pt\/wp-json\/wp\/v2\/media?parent=106415"}],"wp:term":[{"taxonomy":"category","embeddable":true,"href":"https:\/\/www.europesays.com\/pt\/wp-json\/wp\/v2\/categories?post=106415"},{"taxonomy":"post_tag","embeddable":true,"href":"https:\/\/www.europesays.com\/pt\/wp-json\/wp\/v2\/tags?post=106415"}],"curies":[{"name":"wp","href":"https:\/\/api.w.org\/{rel}","templated":true}]}}