{"id":106425,"date":"2025-10-11T14:49:28","date_gmt":"2025-10-11T14:49:28","guid":{"rendered":"https:\/\/www.europesays.com\/pt\/106425\/"},"modified":"2025-10-11T14:49:28","modified_gmt":"2025-10-11T14:49:28","slug":"com-84-da-populacao-imunizada-vacina-da-covid-nao-esta-mais-disponivel-para-todos-em-ms-entenda-o-porque","status":"publish","type":"post","link":"https:\/\/www.europesays.com\/pt\/106425\/","title":{"rendered":"Com 84% da popula\u00e7\u00e3o imunizada, vacina da covid n\u00e3o est\u00e1 mais dispon\u00edvel para todos em MS; entenda o porqu\u00ea"},"content":{"rendered":"<p>Vacina\u00e7\u00e3o est\u00e1 dispon\u00edvel apenas para grupos priorit\u00e1rios e em situa\u00e7\u00e3o de vulnerabilidade <\/p>\n<p>Se, h\u00e1 alguns anos, a popula\u00e7\u00e3o aguardava ansiosamente pela libera\u00e7\u00e3o da vacina da covid-19 por faixa et\u00e1ria e grupo, atualmente, a vacina\u00e7\u00e3o contra o v\u00edrus em <a href=\"https:\/\/midiamax.uol.com.br\/tag\/mato-grosso-do-sul\/\" class=\"st_tag internal_tag \" rel=\"tag nofollow noopener\" title=\"Mais not\u00edcias de Mato Grosso do Sul\" target=\"_blank\">Mato Grosso do Sul<\/a> passa por mudan\u00e7as. Com o avan\u00e7o da imuniza\u00e7\u00e3o e a estabiliza\u00e7\u00e3o dos casos da doen\u00e7a, o imunizante deixou de ser oferecido a toda a popula\u00e7\u00e3o, e hoje a aplica\u00e7\u00e3o \u00e9 concentrada em grupos com maior risco de adoecimento e agravamento do quadro cl\u00ednico.<\/p>\n<p>O novo cen\u00e1rio reflete uma etapa de controle da pandemia, na qual a vacina\u00e7\u00e3o deixa de ter car\u00e1ter emergencial e passa a compor o calend\u00e1rio regular do Minist\u00e9rio da Sa\u00fade. De acordo com dados da SES (Secretaria Estadual de Sa\u00fade), em Mato Grosso do Sul, 84% da popula\u00e7\u00e3o completou o esquema vacinal.\u00a0<\/p>\n<p>\u2705 <a href=\"https:\/\/www.instagram.com\/midiamax\/\" rel=\"nofollow noopener\" target=\"_blank\"><strong>Clique aqui para seguir o Jornal Midiamax no Instagram<\/strong><\/a><\/p>\n<p>No Estado, 2.314.814 pessoas foram imunizadas com pelo menos duas doses; e 416.996 receberam ao menos uma dose. O painel de dados n\u00e3o contabiliza o n\u00famero de pessoas que n\u00e3o tomaram nenhuma dose. Os dados s\u00e3o acumulativos, ou seja, consideram as doses que foram administradas desde o in\u00edcio da campanha.\u00a0<\/p>\n<p><strong>Cen\u00e1rio atual\u00a0<\/strong><\/p>\n<p>Inicialmente, a vacina\u00e7\u00e3o era aberta a todos os p\u00fablicos, o que contribuiu para frear as contamina\u00e7\u00f5es do v\u00edrus da covid e reduzir o n\u00famero de casos graves. Com a normaliza\u00e7\u00e3o do cen\u00e1rio da pandemia, as estrat\u00e9gias da imuniza\u00e7\u00e3o tamb\u00e9m passaram por mudan\u00e7as, conforme explica o coordenador de imuniza\u00e7\u00e3o da SES, Frederico de Moraes.\u00a0<\/p>\n<p>Desde 2024, a vacina\u00e7\u00e3o contra o v\u00edrus n\u00e3o est\u00e1 mais aberta a todos os p\u00fablicos. Atualmente, ela segue o calend\u00e1rio de imuniza\u00e7\u00e3o do Minist\u00e9rio de Sa\u00fade, que preconiza pessoas em situa\u00e7\u00e3o de vulnerabilidade e com maior risco de adoecimento e agravamento no quadro de sa\u00fade.\u00a0<\/p>\n<p>Fazem parte do grupo priorit\u00e1rio crian\u00e7as entre 6 meses e 5 anos de idade, idosos, gestantes, popula\u00e7\u00e3o ind\u00edgena, pessoas vivendo em situa\u00e7\u00e3o de rua, ribeirinhos, quilombolas, pessoas com comorbidades, trabalhadores de sa\u00fade e pessoas com defici\u00eancia permanente.<\/p>\n<p><img loading=\"lazy\" decoding=\"async\" width=\"1024\" height=\"599\" src=\"https:\/\/www.europesays.com\/pt\/wp-content\/uploads\/2025\/10\/IMG_4926-1024x599.jpg\" alt=\"\" class=\"wp-image-2481431\"  \/>Coordenador de imuniza\u00e7\u00e3o da SES, Frederico de Moraes, durante entrevista ao Jornal Midiamax. (Foto: Eduardo Anderson, Jornal Midiamax)<\/p>\n<p>O esquema vacinal tamb\u00e9m varia de acordo com a faixa et\u00e1ria e o grupo. Os beb\u00eas recebem tr\u00eas doses, a primeira aos seis meses, a segunda aos sete meses e a terceira aos nove meses de idade. Gestantes recebem uma dose por gesta\u00e7\u00e3o, os idosos uma dose a cada seis meses e os demais grupos uma dose por ano.<\/p>\n<p>Al\u00e9m disso, atualmente n\u00e3o existe mais uma variedade de vacinas dispon\u00edveis, como durante a pandemia. O Minist\u00e9rio da Sa\u00fade trabalha conforme as aquisi\u00e7\u00f5es, ou seja, pode haver uma varia\u00e7\u00e3o no fabricante de tempos em tempos. No momento, a vacina mais atualizada dispon\u00edvel no Brasil \u00e9 a Pfizer, com a variante JN1.\u00a0<\/p>\n<p><strong>Por que a vacina n\u00e3o est\u00e1 mais dispon\u00edvel para todos?\u00a0<\/strong><\/p>\n<p>Conforme explica o coordenador de imuniza\u00e7\u00e3o da SES, Frederico de Moraes, o Minist\u00e9rio de Sa\u00fade classifica a epidemiologia de uma doen\u00e7a de acordo com as hospitaliza\u00e7\u00f5es, interna\u00e7\u00f5es e \u00f3bitos. Como n\u00e3o existe mais um cen\u00e1rio de emerg\u00eancia envolvendo a covid-19, como aconteceu entre os anos de 2020 e 2022, o Minist\u00e9rio determinou que a manuten\u00e7\u00e3o da vacina deveria ser feita apenas pelos grupos priorit\u00e1rios.\u00a0<\/p>\n<p>Dessa forma, todos aqueles que receberam ao menos uma dose da vacina e que n\u00e3o fa\u00e7am parte de algum grupo de risco n\u00e3o precisam mais do imunizante. No entanto, a vacina ainda segue dispon\u00edvel para qualquer pessoa que n\u00e3o tenha recebido nenhuma dose e queira se imunizar.\u00a0<\/p>\n<p>\u201cSe algum indiv\u00edduo n\u00e3o recebeu nenhuma vez a vacina e procurar a Unidade de Sa\u00fade, essa pessoa ainda pode se vacinar. Mas as pessoas que, ao longo dos anos, j\u00e1 receberam a sua vacina, essas n\u00e3o precisam mais. Considera-se o esquema vacinal adulto [completo] \u00e0 pessoa que recebeu pelo menos uma dose de vacina\u201d, refor\u00e7a.\u00a0<\/p>\n<p>Tem alguma <strong>den\u00fancia<\/strong>, <strong>flagrante<\/strong>, <strong>reclama\u00e7\u00e3o <\/strong>ou <strong>sugest\u00e3o <\/strong>de pauta para o <strong>Jornal Midiamax<\/strong>? <\/p>\n<p>\ud83d\udde3\ufe0f Envie direto para nossos jornalistas pelo <a href=\"https:\/\/api.whatsapp.com\/send?phone=5567992074330&amp;text=Digite%20aqui%20sua%20den%C3%BAncia.%20Se%20tiver%20fotos%20e%20v%C3%ADdeo%2C%20envie%20tamb%C3%A9m.\" rel=\"nofollow noopener\" target=\"_blank\">WhatsApp (67) 99207-4330<\/a>. O sigilo est\u00e1 garantido na lei.<\/p>\n<p>\u2705 Clique no nome de qualquer uma das plataformas abaixo para nos encontrar nas redes sociais: <br \/><a href=\"https:\/\/www.instagram.com\/midiamax\/\" rel=\"nofollow noopener\" target=\"_blank\">Instagram<\/a>, <a href=\"https:\/\/www.facebook.com\/midiamax\" rel=\"nofollow noopener\" target=\"_blank\">Facebook<\/a>, <a href=\"https:\/\/www.tiktok.com\/@midiamax\" rel=\"nofollow noopener\" target=\"_blank\">TikTok<\/a>, <a href=\"https:\/\/www.youtube.com\/@jornal.midiamax\" rel=\"nofollow noopener\" target=\"_blank\">YouTube<\/a>, <a href=\"https:\/\/whatsapp.com\/channel\/0029Va7FGJa9cDDXCIIEOn3d\" rel=\"nofollow noopener\" target=\"_blank\">WhatsApp<\/a>, <a href=\"https:\/\/bsky.app\/profile\/midiamax.bsky.social\" rel=\"nofollow noopener\" target=\"_blank\">Bluesky<\/a> e <a href=\"https:\/\/www.threads.net\/@midiamax?hl=pt-br\" rel=\"nofollow noopener\" target=\"_blank\">Threads<\/a>. <\/p>\n<p>(Revis\u00e3o: D\u00e1fini Lisboa)<\/p>\n<p>        <script async src=\"\/\/www.instagram.com\/embed.js\"><\/script><script async src=\"\/\/www.tiktok.com\/embed.js\"><\/script><\/p>\n","protected":false},"excerpt":{"rendered":"Vacina\u00e7\u00e3o est\u00e1 dispon\u00edvel apenas para grupos priorit\u00e1rios e em situa\u00e7\u00e3o de vulnerabilidade Se, h\u00e1 alguns anos, a popula\u00e7\u00e3o&hellip;\n","protected":false},"author":2,"featured_media":106426,"comment_status":"","ping_status":"","sticky":false,"template":"","format":"standard","meta":{"footnotes":""},"categories":[86],"tags":[116,4064,32,33,117,25501],"class_list":{"0":"post-106425","1":"post","2":"type-post","3":"status-publish","4":"format-standard","5":"has-post-thumbnail","7":"category-saude","8":"tag-health","9":"tag-mato-grosso-do-sul","10":"tag-portugal","11":"tag-pt","12":"tag-saude","13":"tag-secretaria-estadual-de-saude"},"share_on_mastodon":{"url":"","error":""},"_links":{"self":[{"href":"https:\/\/www.europesays.com\/pt\/wp-json\/wp\/v2\/posts\/106425","targetHints":{"allow":["GET"]}}],"collection":[{"href":"https:\/\/www.europesays.com\/pt\/wp-json\/wp\/v2\/posts"}],"about":[{"href":"https:\/\/www.europesays.com\/pt\/wp-json\/wp\/v2\/types\/post"}],"author":[{"embeddable":true,"href":"https:\/\/www.europesays.com\/pt\/wp-json\/wp\/v2\/users\/2"}],"replies":[{"embeddable":true,"href":"https:\/\/www.europesays.com\/pt\/wp-json\/wp\/v2\/comments?post=106425"}],"version-history":[{"count":0,"href":"https:\/\/www.europesays.com\/pt\/wp-json\/wp\/v2\/posts\/106425\/revisions"}],"wp:featuredmedia":[{"embeddable":true,"href":"https:\/\/www.europesays.com\/pt\/wp-json\/wp\/v2\/media\/106426"}],"wp:attachment":[{"href":"https:\/\/www.europesays.com\/pt\/wp-json\/wp\/v2\/media?parent=106425"}],"wp:term":[{"taxonomy":"category","embeddable":true,"href":"https:\/\/www.europesays.com\/pt\/wp-json\/wp\/v2\/categories?post=106425"},{"taxonomy":"post_tag","embeddable":true,"href":"https:\/\/www.europesays.com\/pt\/wp-json\/wp\/v2\/tags?post=106425"}],"curies":[{"name":"wp","href":"https:\/\/api.w.org\/{rel}","templated":true}]}}