{"id":106431,"date":"2025-10-11T14:54:12","date_gmt":"2025-10-11T14:54:12","guid":{"rendered":"https:\/\/www.europesays.com\/pt\/106431\/"},"modified":"2025-10-11T14:54:12","modified_gmt":"2025-10-11T14:54:12","slug":"imigrantes-no-porto-pago-220-euros-por-mes-e-as-condicoes-sao-muito-mas","status":"publish","type":"post","link":"https:\/\/www.europesays.com\/pt\/106431\/","title":{"rendered":"Imigrantes no Porto. &#8220;Pago 220 euros por m\u00eas e as condi\u00e7\u00f5es s\u00e3o muito m\u00e1s&#8221;"},"content":{"rendered":"<p>O n\u00famero 322 da Rua do Campo Lindo, no Porto, \u00e9 uma pequena porta que separa uma garagem coletiva de uma oficina de autom\u00f3veis. O edif\u00edcio \u00e9 vetusto, mas nada na parede de pedra limpa tem relev\u00e2ncia suficiente para captar a aten\u00e7\u00e3o de quem caminha numa das movimentadas art\u00e9rias do centro da Invicta. Seria apenas mais um pr\u00e9dio, n\u00e3o fosse a indignidade que grassa no interior.<\/p>\n<p data-remotead-prev-elm=\"true\" data-remotead-elm-id=\"inread\">Ali, entre a sujidade e o cheiro nauseabundo, vivem 12 dos cerca de 460 imigrantes fiscalizados, apenas no \u00faltimo ano, pelo N\u00facleo de Estrangeiros e Controlo Fronteiri\u00e7o (NECF) do Porto da PSP. S\u00e3o todos homens e seis partilham um s\u00f3 quarto com beliches feita \u00e0 medida para aquela e outras cinco divis\u00f5es dos dois andares do edif\u00edcio.<\/p>\n","protected":false},"excerpt":{"rendered":"O n\u00famero 322 da Rua do Campo Lindo, no Porto, \u00e9 uma pequena porta que separa uma garagem&hellip;\n","protected":false},"author":2,"featured_media":106432,"comment_status":"","ping_status":"","sticky":false,"template":"","format":"standard","meta":{"footnotes":""},"categories":[10],"tags":[27,28,15,16,14,1865,603,25,26,21,22,12,13,19,20,32,23,24,33,17,18,29,30,31],"class_list":{"0":"post-106431","1":"post","2":"type-post","3":"status-publish","4":"format-standard","5":"has-post-thumbnail","7":"category-portugal","8":"tag-breaking-news","9":"tag-breakingnews","10":"tag-featured-news","11":"tag-featurednews","12":"tag-headlines","13":"tag-imigrantes","14":"tag-justica","15":"tag-latest-news","16":"tag-latestnews","17":"tag-main-news","18":"tag-mainnews","19":"tag-news","20":"tag-noticias","21":"tag-noticias-principais","22":"tag-noticiasprincipais","23":"tag-portugal","24":"tag-principais-noticias","25":"tag-principaisnoticias","26":"tag-pt","27":"tag-top-stories","28":"tag-topstories","29":"tag-ultimas","30":"tag-ultimas-noticias","31":"tag-ultimasnoticias"},"share_on_mastodon":{"url":"","error":""},"_links":{"self":[{"href":"https:\/\/www.europesays.com\/pt\/wp-json\/wp\/v2\/posts\/106431","targetHints":{"allow":["GET"]}}],"collection":[{"href":"https:\/\/www.europesays.com\/pt\/wp-json\/wp\/v2\/posts"}],"about":[{"href":"https:\/\/www.europesays.com\/pt\/wp-json\/wp\/v2\/types\/post"}],"author":[{"embeddable":true,"href":"https:\/\/www.europesays.com\/pt\/wp-json\/wp\/v2\/users\/2"}],"replies":[{"embeddable":true,"href":"https:\/\/www.europesays.com\/pt\/wp-json\/wp\/v2\/comments?post=106431"}],"version-history":[{"count":0,"href":"https:\/\/www.europesays.com\/pt\/wp-json\/wp\/v2\/posts\/106431\/revisions"}],"wp:featuredmedia":[{"embeddable":true,"href":"https:\/\/www.europesays.com\/pt\/wp-json\/wp\/v2\/media\/106432"}],"wp:attachment":[{"href":"https:\/\/www.europesays.com\/pt\/wp-json\/wp\/v2\/media?parent=106431"}],"wp:term":[{"taxonomy":"category","embeddable":true,"href":"https:\/\/www.europesays.com\/pt\/wp-json\/wp\/v2\/categories?post=106431"},{"taxonomy":"post_tag","embeddable":true,"href":"https:\/\/www.europesays.com\/pt\/wp-json\/wp\/v2\/tags?post=106431"}],"curies":[{"name":"wp","href":"https:\/\/api.w.org\/{rel}","templated":true}]}}