{"id":106437,"date":"2025-10-11T15:02:14","date_gmt":"2025-10-11T15:02:14","guid":{"rendered":"https:\/\/www.europesays.com\/pt\/106437\/"},"modified":"2025-10-11T15:02:14","modified_gmt":"2025-10-11T15:02:14","slug":"ruben-amorim-trabalha-medio-do-manchester-united-para-ser-o-sucessor-de-bruno-fernandes","status":"publish","type":"post","link":"https:\/\/www.europesays.com\/pt\/106437\/","title":{"rendered":"Ruben Amorim trabalha m\u00e9dio do Manchester United para ser o sucessor de Bruno Fernandes"},"content":{"rendered":"<p>&#8211; Advertisement &#8211;<\/p>\n<p><strong>O Manchester United est\u00e1 a trabalhar individualmente com Kobbie Mainoo. O m\u00e9dio ingl\u00eas \u00e9 visto como o sucessor de Bruno Fernandes. <\/strong><\/p>\n<p>O Manchester United est\u00e1 a trabalhar com um plano individual em Kobbie Mainoo. O objetivo dos red devils \u00e9, de acordo com o Football Insider, preparar o ingl\u00eas para suceder a Bruno Fernandes.<\/p>\n<p>O futuro do portugu\u00eas em Inglaterra \u2013 a longo prazo \u2013 est\u00e1 indefinido com a Ar\u00e1bia Saudita a afirmar-se como interessada em levar o m\u00e9dio para o M\u00e9dio Oriente. Neste contexto, e antes de olhar para o mercado, o Manchester United quer olhar para dentro. Ruben Amorim, recorde-se, j\u00e1 falou sobre o m\u00e9dio e confirmou que o v\u00ea jogar em posi\u00e7\u00f5es mais avan\u00e7adas. <\/p>\n<p>Com poucos minutos esta \u00e9poca, Kobbie Mainoo tem sido associado a uma sa\u00edda, <a href=\"https:\/\/bolanarede.pt\/especial-bola-na-rede\/atualidade\/kobbie-mainoo-pode-deixar-manchester-united-em-janeiro-e-principal-interessado-joga-em-italia\/\" target=\"_blank\" rel=\"noreferrer noopener nofollow\">com o N\u00e1poles interessado no jogador<\/a>. Esta \u00e9poca, o m\u00e9dio de 20 anos soma 233 minutos em seis jogos pelo Manchester United. <\/p>\n<blockquote class=\"twitter-tweet\" data-width=\"550\" data-dnt=\"true\">\n<p lang=\"en\" dir=\"ltr\">\ud83d\udea8 Instead of turning to the transfer market for a potential Bruno Fernandes replacement, Manchester United see Kobbie Mainoo as his successor. <\/p>\n<p>(Source: Football Insider) <a href=\"https:\/\/t.co\/TkeByS9ERr\" rel=\"nofollow\">pic.twitter.com\/TkeByS9ERr<\/a><\/p>\n<p>\u2014 Transfer News Live (@DeadlineDayLive) <a href=\"https:\/\/twitter.com\/DeadlineDayLive\/status\/1976768765556675059?ref_src=twsrc%5Etfw\" rel=\"nofollow noopener\" target=\"_blank\">October 10, 2025<\/a><\/p><\/blockquote>\n<p><script async src=\"https:\/\/platform.twitter.com\/widgets.js\" charset=\"utf-8\"><\/script><\/p>\n","protected":false},"excerpt":{"rendered":"&#8211; Advertisement &#8211; O Manchester United est\u00e1 a trabalhar individualmente com Kobbie Mainoo. O m\u00e9dio ingl\u00eas \u00e9 visto&hellip;\n","protected":false},"author":2,"featured_media":6978,"comment_status":"","ping_status":"","sticky":false,"template":"","format":"standard","meta":{"footnotes":""},"categories":[87],"tags":[260,5532,135,13330,663,32,666,33,1052,134],"class_list":{"0":"post-106437","1":"post","2":"type-post","3":"status-publish","4":"format-standard","5":"has-post-thumbnail","7":"category-desporto","8":"tag-atualidade","9":"tag-bruno-fernandes","10":"tag-desporto","11":"tag-kobbie-mainoo","12":"tag-manchester-united","13":"tag-portugal","14":"tag-premier-league","15":"tag-pt","16":"tag-ruben-amorim","17":"tag-sports"},"share_on_mastodon":{"url":"","error":""},"_links":{"self":[{"href":"https:\/\/www.europesays.com\/pt\/wp-json\/wp\/v2\/posts\/106437","targetHints":{"allow":["GET"]}}],"collection":[{"href":"https:\/\/www.europesays.com\/pt\/wp-json\/wp\/v2\/posts"}],"about":[{"href":"https:\/\/www.europesays.com\/pt\/wp-json\/wp\/v2\/types\/post"}],"author":[{"embeddable":true,"href":"https:\/\/www.europesays.com\/pt\/wp-json\/wp\/v2\/users\/2"}],"replies":[{"embeddable":true,"href":"https:\/\/www.europesays.com\/pt\/wp-json\/wp\/v2\/comments?post=106437"}],"version-history":[{"count":0,"href":"https:\/\/www.europesays.com\/pt\/wp-json\/wp\/v2\/posts\/106437\/revisions"}],"wp:featuredmedia":[{"embeddable":true,"href":"https:\/\/www.europesays.com\/pt\/wp-json\/wp\/v2\/media\/6978"}],"wp:attachment":[{"href":"https:\/\/www.europesays.com\/pt\/wp-json\/wp\/v2\/media?parent=106437"}],"wp:term":[{"taxonomy":"category","embeddable":true,"href":"https:\/\/www.europesays.com\/pt\/wp-json\/wp\/v2\/categories?post=106437"},{"taxonomy":"post_tag","embeddable":true,"href":"https:\/\/www.europesays.com\/pt\/wp-json\/wp\/v2\/tags?post=106437"}],"curies":[{"name":"wp","href":"https:\/\/api.w.org\/{rel}","templated":true}]}}