{"id":106438,"date":"2025-10-11T15:03:08","date_gmt":"2025-10-11T15:03:08","guid":{"rendered":"https:\/\/www.europesays.com\/pt\/106438\/"},"modified":"2025-10-11T15:03:08","modified_gmt":"2025-10-11T15:03:08","slug":"energisa-reforca-cuidados-em-atividades-proximas-a-rede-eletrica","status":"publish","type":"post","link":"https:\/\/www.europesays.com\/pt\/106438\/","title":{"rendered":"Energisa refor\u00e7a cuidados em atividades pr\u00f3ximas \u00e0 rede el\u00e9trica"},"content":{"rendered":"<p>\t\t\t\t\t\t\t\t\t\t<a href=\"https:\/\/www.europesays.com\/pt\/wp-content\/uploads\/2025\/10\/Saiba-os-principais-cuidados-com-a-rede-eletrica-durante-reformas-em-residencias-foto-divulgacao.gif\"><img loading=\"lazy\" decoding=\"async\" class=\"wp-image-583160 size-full\" src=\"https:\/\/www.europesays.com\/pt\/wp-content\/uploads\/2025\/10\/Saiba-os-principais-cuidados-com-a-rede-eletrica-durante-reformas-em-residencias-foto-divulgacao.gif\" alt=\"\" width=\"550\" height=\"330\"\/><\/a>Outro ponto de aten\u00e7\u00e3o \u00e9 a constru\u00e7\u00e3o de segundo e terceiro pavimentos<\/p>\n<p style=\"font-weight: 400;\">A realiza\u00e7\u00e3o de atividades pr\u00f3ximas \u00e0 rede el\u00e9trica exige planejamento e aten\u00e7\u00e3o redobrada para garantir a seguran\u00e7a de todos. A Energisa Sergipe orienta sobre os principais cuidados que devem ser adotados e refor\u00e7a que apenas profissionais autorizados e capacitados pela distribuidora est\u00e3o habilitados para realizar qualquer interven\u00e7\u00e3o na rede el\u00e9trica.<\/p>\n<p style=\"font-weight: 400;\">A coordenadora de Sa\u00fade e Seguran\u00e7a, Roberta Santos, destaca a import\u00e2ncia de respeitar as dist\u00e2ncias de seguran\u00e7a durante a execu\u00e7\u00e3o dos servi\u00e7os: \u201cEm obras ou pinturas em fachadas de resid\u00eancias, a aten\u00e7\u00e3o deve ser redobrada e as dist\u00e2ncias de seguran\u00e7a precisam ser respeitadas. Andaimes e varas met\u00e1licas s\u00e3o as principais estruturas que ocasionam acidentes durante essas atividades. A dist\u00e2ncia m\u00ednima entre a estrutura e a rede el\u00e9trica deve ser de dois metros na horizontal e tr\u00eas metros na vertical\u201d, afirma.<\/p>\n<p style=\"font-weight: 400;\">Outro ponto de aten\u00e7\u00e3o \u00e9 a constru\u00e7\u00e3o de segundo e terceiro pavimentos, que ficam pr\u00f3ximos \u00e0 rede de m\u00e9dia tens\u00e3o. A orienta\u00e7\u00e3o \u00e9 nunca tocar na rede el\u00e9trica nem tentar afast\u00e1-la do local. Al\u00e9m disso, ao instalar placas ou qualquer estrutura pr\u00f3xima \u00e0 rede el\u00e9trica, tamb\u00e9m \u00e9 preciso redobrar os cuidados, pois o toque acidental pode ocasionar acidentes fatais.<\/p>\n<p style=\"font-weight: 400;\">Na \u00e1rea rural, \u00e9 essencial ter aten\u00e7\u00e3o ao descarregar caminh\u00f5es, manusear tratores e operar m\u00e1quinas agr\u00edcolas. \u00c9 necess\u00e1rio reconhecer o local, planejar a atividade e verificar se a m\u00e1quina manter\u00e1 uma dist\u00e2ncia segura da rede el\u00e9trica.<\/p>\n<p style=\"font-weight: 400;\"><strong>Acidentes com a rede el\u00e9trica<br \/><\/strong><\/p>\n<p style=\"font-weight: 400;\">A colis\u00e3o de ve\u00edculos com postes de eletricidade pode causar s\u00e9rios riscos ao condutor e impactar o fornecimento de energia na regi\u00e3o. Somente este ano, j\u00e1 foram registradas 150 ocorr\u00eancias em Sergipe. A orienta\u00e7\u00e3o \u00e9 permanecer dentro do ve\u00edculo, sempre que poss\u00edvel, e acionar imediatamente a Energisa. Para quem pretende prestar socorro ao condutor, \u00e9 fundamental manter dist\u00e2ncia, pois pode haver cabos energizados no ch\u00e3o.<\/p>\n<p style=\"font-weight: 400;\">Em casos de objetos ou galhos de \u00e1rvores na rede el\u00e9trica, a recomenda\u00e7\u00e3o tamb\u00e9m \u00e9 manter dist\u00e2ncia e entrar em contato com a Energisa pelo telefone 0800 079 0196, para que todos os procedimentos sejam realizados com seguran\u00e7a.<\/p>\n<p>Fonte: Energisa<\/p>\n","protected":false},"excerpt":{"rendered":"Outro ponto de aten\u00e7\u00e3o \u00e9 a constru\u00e7\u00e3o de segundo e terceiro pavimentos A realiza\u00e7\u00e3o de atividades pr\u00f3ximas \u00e0&hellip;\n","protected":false},"author":2,"featured_media":106439,"comment_status":"","ping_status":"","sticky":false,"template":"","format":"standard","meta":{"footnotes":""},"categories":[86],"tags":[25502,116,32,33,25503,117,7694],"class_list":{"0":"post-106438","1":"post","2":"type-post","3":"status-publish","4":"format-standard","5":"has-post-thumbnail","7":"category-saude","8":"tag-energisa","9":"tag-health","10":"tag-portugal","11":"tag-pt","12":"tag-redeeletrica","13":"tag-saude","14":"tag-subdestaque"},"share_on_mastodon":{"url":"","error":""},"_links":{"self":[{"href":"https:\/\/www.europesays.com\/pt\/wp-json\/wp\/v2\/posts\/106438","targetHints":{"allow":["GET"]}}],"collection":[{"href":"https:\/\/www.europesays.com\/pt\/wp-json\/wp\/v2\/posts"}],"about":[{"href":"https:\/\/www.europesays.com\/pt\/wp-json\/wp\/v2\/types\/post"}],"author":[{"embeddable":true,"href":"https:\/\/www.europesays.com\/pt\/wp-json\/wp\/v2\/users\/2"}],"replies":[{"embeddable":true,"href":"https:\/\/www.europesays.com\/pt\/wp-json\/wp\/v2\/comments?post=106438"}],"version-history":[{"count":0,"href":"https:\/\/www.europesays.com\/pt\/wp-json\/wp\/v2\/posts\/106438\/revisions"}],"wp:featuredmedia":[{"embeddable":true,"href":"https:\/\/www.europesays.com\/pt\/wp-json\/wp\/v2\/media\/106439"}],"wp:attachment":[{"href":"https:\/\/www.europesays.com\/pt\/wp-json\/wp\/v2\/media?parent=106438"}],"wp:term":[{"taxonomy":"category","embeddable":true,"href":"https:\/\/www.europesays.com\/pt\/wp-json\/wp\/v2\/categories?post=106438"},{"taxonomy":"post_tag","embeddable":true,"href":"https:\/\/www.europesays.com\/pt\/wp-json\/wp\/v2\/tags?post=106438"}],"curies":[{"name":"wp","href":"https:\/\/api.w.org\/{rel}","templated":true}]}}