{"id":106446,"date":"2025-10-11T15:09:08","date_gmt":"2025-10-11T15:09:08","guid":{"rendered":"https:\/\/www.europesays.com\/pt\/106446\/"},"modified":"2025-10-11T15:09:08","modified_gmt":"2025-10-11T15:09:08","slug":"benfica-sporting-em-direto-futsal-2","status":"publish","type":"post","link":"https:\/\/www.europesays.com\/pt\/106446\/","title":{"rendered":"Benfica-Sporting em direto &#8211; Futsal"},"content":{"rendered":"<p>                            &#13;<br \/>\n                                Nuno Dias: \u00abSporting est\u00e1 forte\u00bb&#13;<\/p>\n<p class=\" timeline-editorial__card__text\">&#13;<br \/>\n        \u00c9 com confian\u00e7a que o treinador da equipa de futsal do Sporting, Nuno Dias, encara o d\u00e9rbi com o Benfica neste s\u00e1bado (16 horas), no Pavilh\u00e3o da Luz, em jogo da 5\u00aa jornada da Liga Placard. &#8220;Sinto que a equipa est\u00e1 num bom momento, est\u00e1 confiante em todos os momentos do jogo, est\u00e1 forte, est\u00e1 a conseguir fazer bem as coisas, est\u00e1 a ser eficaz nos momentos decisivos e a conseguir alargar vantagens quando os jogos est\u00e3o muito equilibrados&#8221;, salientou Dias aos meios de comunica\u00e7\u00e3o do clube, refor\u00e7ando depois: &#8220;Essa \u00e9 uma carater\u00edstica das grandes equipas e \u00e9 o que estamos a sentir nestes primeiros tempos de trabalho: uma equipa confiante, que trabalha e sabe que as op\u00e7\u00f5es s\u00e3o muitas. Essa competitividade interna leva a que redobremos as aten\u00e7\u00f5es e o empenho. E, quando assim \u00e9, para mim est\u00e1 tudo bem. \u00c9 dif\u00edcil escolher quando chegamos ao fim-de-semana, mas \u00e9 uma dor de cabe\u00e7a positiva.&#8221;&#13;\n    <\/p>\n<p class=\" timeline-editorial__card__text\">&#13;<br \/>\n        O t\u00e9cnico n\u00e3o esquece a goleada aos encarnados na Superta\u00e7a (6-1), mas salientou as diferen\u00e7as que existem em cada d\u00e9rbi. &#8220;O jogo foi dif\u00edcil. Estar 4-0 ao intervalo e termos vencido por uma margem larga n\u00e3o tem nada a ver com o que aconteceu dentro do campo e nos 40 minutos. Mais uma vez, conseguimos alargar em momentos pontuais e fomos eficazes. O jogo teve nuances diferentes&#8221;, disse, notando: &#8220;Todos os jogos e todos os d\u00e9rbis s\u00e3o diferentes, todos t\u00eam hist\u00f3rias distintas. Espero que a hist\u00f3ria deste seja parecida, pelo menos no que diz respeito \u00e0 vit\u00f3ria final, mas sabemos que ser\u00e1 um jogo completamente diferente de todos os outros e ser\u00e1 dif\u00edcil com toda a certeza.&#8221;&#13;\n    <\/p>\n<p class=\" timeline-editorial__card__text\">&#13;<br \/>\n        Nuno Dias frisa que este n\u00e3o \u00e9 um jogo decisivo, bem longe disso. &#8220;Ainda faltam tantas jornadas e, com tantos advers\u00e1rios, este jogo \u00e9 importante, como todos s\u00e3o, mas decisivo nunca h\u00e1 de ser. Nunca haver\u00e1 um jogo decisivo \u00e0 5\u00aa jornada. Temos muitas jornadas pela frente, muitos advers\u00e1rios dif\u00edceis, e, ao m\u00ednimo deslize, \u00e0 m\u00ednima desaten\u00e7\u00e3o, podemos perder pontos e n\u00e3o queremos. No ano passado, na fase regular, empat\u00e1mos os dois jogos com o Benfica. Ou seja, n\u00e3o foi nessas partidas que o primeiro lugar se decidiu, foi frente a outros advers\u00e1rios.&#8221;&#13;\n    <\/p>\n<p>                    &#13;<br \/>\n                        <a class=\"timeline-editorial__card__image__ratio photoswipe--children\" href=\"https:\/\/cdn.record.pt\/images\/2025-09\/img_920x518uu2025-09-04-01-26-21-2387778.jpg\" data-pswp-width=\"920\" data-pswp-height=\"518\" title=\"\" rel=\"nofollow noopener\" target=\"_blank\">&#13;<br \/>\n                            <img decoding=\"async\" draggable=\"false\" class=\"b-lazy\" src-m=\"https:\/\/cdn.record.pt\/images\/2025-09\/img_355x200uu2025-09-04-01-26-21-2387778.jpg\" src-t=\"https:\/\/www.europesays.com\/pt\/wp-content\/uploads\/2025\/10\/img_678x382uu2025-09-04-01-26-21-2387778.jpg\" src=\"https:\/\/www.europesays.com\/pt\/wp-content\/uploads\/2025\/10\/img_678x382uu2025-09-04-01-26-21-2387778.jpg\" alt=\"\"\/>&#13;<br \/>\n                        <\/a>&#13;<br \/>\n                        &#13;<br \/>\n                                Nuno Dias&#13;<br \/>\n                                LUSA &#13;<br \/>\n                        &#13;<\/p>\n","protected":false},"excerpt":{"rendered":"&#13; Nuno Dias: \u00abSporting est\u00e1 forte\u00bb&#13; &#13; \u00c9 com confian\u00e7a que o treinador da equipa de futsal do&hellip;\n","protected":false},"author":2,"featured_media":106447,"comment_status":"","ping_status":"","sticky":false,"template":"","format":"standard","meta":{"footnotes":""},"categories":[8],"tags":[27,28,15,16,14,25,26,21,22,12,13,19,20,32,23,24,33,17,18,29,30,31],"class_list":{"0":"post-106446","1":"post","2":"type-post","3":"status-publish","4":"format-standard","5":"has-post-thumbnail","7":"category-principais-noticias","8":"tag-breaking-news","9":"tag-breakingnews","10":"tag-featured-news","11":"tag-featurednews","12":"tag-headlines","13":"tag-latest-news","14":"tag-latestnews","15":"tag-main-news","16":"tag-mainnews","17":"tag-news","18":"tag-noticias","19":"tag-noticias-principais","20":"tag-noticiasprincipais","21":"tag-portugal","22":"tag-principais-noticias","23":"tag-principaisnoticias","24":"tag-pt","25":"tag-top-stories","26":"tag-topstories","27":"tag-ultimas","28":"tag-ultimas-noticias","29":"tag-ultimasnoticias"},"share_on_mastodon":{"url":"","error":""},"_links":{"self":[{"href":"https:\/\/www.europesays.com\/pt\/wp-json\/wp\/v2\/posts\/106446","targetHints":{"allow":["GET"]}}],"collection":[{"href":"https:\/\/www.europesays.com\/pt\/wp-json\/wp\/v2\/posts"}],"about":[{"href":"https:\/\/www.europesays.com\/pt\/wp-json\/wp\/v2\/types\/post"}],"author":[{"embeddable":true,"href":"https:\/\/www.europesays.com\/pt\/wp-json\/wp\/v2\/users\/2"}],"replies":[{"embeddable":true,"href":"https:\/\/www.europesays.com\/pt\/wp-json\/wp\/v2\/comments?post=106446"}],"version-history":[{"count":0,"href":"https:\/\/www.europesays.com\/pt\/wp-json\/wp\/v2\/posts\/106446\/revisions"}],"wp:featuredmedia":[{"embeddable":true,"href":"https:\/\/www.europesays.com\/pt\/wp-json\/wp\/v2\/media\/106447"}],"wp:attachment":[{"href":"https:\/\/www.europesays.com\/pt\/wp-json\/wp\/v2\/media?parent=106446"}],"wp:term":[{"taxonomy":"category","embeddable":true,"href":"https:\/\/www.europesays.com\/pt\/wp-json\/wp\/v2\/categories?post=106446"},{"taxonomy":"post_tag","embeddable":true,"href":"https:\/\/www.europesays.com\/pt\/wp-json\/wp\/v2\/tags?post=106446"}],"curies":[{"name":"wp","href":"https:\/\/api.w.org\/{rel}","templated":true}]}}