{"id":106452,"date":"2025-10-11T15:16:08","date_gmt":"2025-10-11T15:16:08","guid":{"rendered":"https:\/\/www.europesays.com\/pt\/106452\/"},"modified":"2025-10-11T15:16:08","modified_gmt":"2025-10-11T15:16:08","slug":"mundial-2026-martinez-deixa-felix-e-nuno-tavares-de-fora-contra-a-irlanda","status":"publish","type":"post","link":"https:\/\/www.europesays.com\/pt\/106452\/","title":{"rendered":"Mundial 2026: Mart\u00ednez deixa F\u00e9lix e Nuno Tavares de fora contra a Irlanda"},"content":{"rendered":"<p>A UEFA divulgou este s\u00e1bado a lista de 23 convocados de Roberto Mart\u00ednez para o duelo desta noite frente \u00e0 Irlanda.<\/p>\n<p>Na convocat\u00f3ria, o selecionador nacional deixou Jo\u00e3o F\u00e9lix e Nuno Tavares de fora.<\/p>\n<p>O avan\u00e7ado do Al Nassr falhou o treino desta sexta-feira devido a uma mialgia, j\u00e1 o lateral da Lazio foi o \u00faltimo nome chamado na convocat\u00f3ria para suprir a dispensa de Jo\u00e3o Neves.<\/p>\n<p>De recordar, a Sele\u00e7\u00e3o das \u00abquinas\u00bb joga em Alvalade a partir das 19h45 contra a Irlanda, uma partida que ter\u00e1 acompanhamento\u00a0<a href=\"https:\/\/maisfutebol.iol.pt\/jogo\/portugal\/republica-da-irlanda\/13820895\" target=\"_blank\" wbo-id=\"178\" rel=\"nofollow noopener\"><strong>AO MINUTO<\/strong><\/a>, aqui no\u00a0<strong>Maisfutebol<\/strong>.<\/p>\n<p><strong>Veja aqui a lista dos convocados de Mart\u00ednez para o jogo contra a Irlanda:<\/strong><\/p>\n<p><strong>Guarda-redes<\/strong>:\u00a0Diogo Costa,\u00a0Jos\u00e9 S\u00e1\u00a0e\u00a0Rui Silva.<\/p>\n<p><strong>Defesas<\/strong>:\u00a0N\u00e9lson Semedo,\u00a0R\u00faben Dias,\u00a0Ant\u00f3nio Silva,\u00a0Diogo Dalot,\u00a0Renato Veiga,\u00a0Gon\u00e7alo In\u00e1cio\u00a0e\u00a0Nuno Mendes.<\/p>\n<p><strong>M\u00e9dios<\/strong>:\u00a0Jo\u00e3o Palhinha,\u00a0Bruno Fernandes,\u00a0Bernardo Silva,\u00a0Pedro Gon\u00e7alves,\u00a0Matheus Nunes,\u00a0R\u00faben Neves\u00a0e\u00a0Vitinha.<\/p>\n<p><strong>Avan\u00e7ados<\/strong>:\u00a0Cristiano Ronaldo,\u00a0Gon\u00e7alo Ramos,\u00a0Francisco\u00a0Trinc\u00e3o,\u00a0Rafael Le\u00e3o,\u00a0Pedro Neto\u00a0e\u00a0Francisco\u00a0Concei\u00e7\u00e3o.<\/p>\n","protected":false},"excerpt":{"rendered":"A UEFA divulgou este s\u00e1bado a lista de 23 convocados de Roberto Mart\u00ednez para o duelo desta noite&hellip;\n","protected":false},"author":2,"featured_media":106453,"comment_status":"","ping_status":"","sticky":false,"template":"","format":"standard","meta":{"footnotes":""},"categories":[87],"tags":[25504,135,9852,903,46,12632,16525,32,33,47,12996,134],"class_list":{"0":"post-106452","1":"post","2":"type-post","3":"status-publish","4":"format-standard","5":"has-post-thumbnail","7":"category-desporto","8":"tag-convocados","9":"tag-desporto","10":"tag-irlanda","11":"tag-joao-felix","12":"tag-maisfutebol","13":"tag-mundial-2026","14":"tag-nuno-tavares","15":"tag-portugal","16":"tag-pt","17":"tag-pura-paixao","18":"tag-roberto-martinez","19":"tag-sports"},"share_on_mastodon":{"url":"","error":""},"_links":{"self":[{"href":"https:\/\/www.europesays.com\/pt\/wp-json\/wp\/v2\/posts\/106452","targetHints":{"allow":["GET"]}}],"collection":[{"href":"https:\/\/www.europesays.com\/pt\/wp-json\/wp\/v2\/posts"}],"about":[{"href":"https:\/\/www.europesays.com\/pt\/wp-json\/wp\/v2\/types\/post"}],"author":[{"embeddable":true,"href":"https:\/\/www.europesays.com\/pt\/wp-json\/wp\/v2\/users\/2"}],"replies":[{"embeddable":true,"href":"https:\/\/www.europesays.com\/pt\/wp-json\/wp\/v2\/comments?post=106452"}],"version-history":[{"count":0,"href":"https:\/\/www.europesays.com\/pt\/wp-json\/wp\/v2\/posts\/106452\/revisions"}],"wp:featuredmedia":[{"embeddable":true,"href":"https:\/\/www.europesays.com\/pt\/wp-json\/wp\/v2\/media\/106453"}],"wp:attachment":[{"href":"https:\/\/www.europesays.com\/pt\/wp-json\/wp\/v2\/media?parent=106452"}],"wp:term":[{"taxonomy":"category","embeddable":true,"href":"https:\/\/www.europesays.com\/pt\/wp-json\/wp\/v2\/categories?post=106452"},{"taxonomy":"post_tag","embeddable":true,"href":"https:\/\/www.europesays.com\/pt\/wp-json\/wp\/v2\/tags?post=106452"}],"curies":[{"name":"wp","href":"https:\/\/api.w.org\/{rel}","templated":true}]}}