{"id":106454,"date":"2025-10-11T15:17:08","date_gmt":"2025-10-11T15:17:08","guid":{"rendered":"https:\/\/www.europesays.com\/pt\/106454\/"},"modified":"2025-10-11T15:17:08","modified_gmt":"2025-10-11T15:17:08","slug":"relacao-de-remedio-de-calvicie-e-saude-mental-foi-ignorada-por-20-anos-diz-estudo","status":"publish","type":"post","link":"https:\/\/www.europesays.com\/pt\/106454\/","title":{"rendered":"rela\u00e7\u00e3o de rem\u00e9dio de calv\u00edcie e sa\u00fade mental foi ignorada por 20 anos, diz estudo"},"content":{"rendered":"\n<p class=\" content-text__container theme-color-primary-first-letter\" data-track-category=\"Link no Texto\" data-track-links=\"\"> A finasterida tem sido associada h\u00e1 depress\u00e3o e ao suic\u00eddio h\u00e1 mais de 20 anos sem que autoridades de sa\u00fade conduzam investiga\u00e7\u00f5es aprofundadas a respeito, aponta uma nova revis\u00e3o cient\u00edfica. O rem\u00e9dio \u00e9 um dos mais populares do mundo para tratar a calv\u00edcie. <\/p>\n<ul class=\"content-unordered-list\">\n<li><strong>Sempre alerta<\/strong>: <a class=\"\" href=\"https:\/\/oglobo.globo.com\/saude\/noticia\/2025\/10\/11\/o-que-significa-acordar-varias-vezes-durante-a-madrugada-segundo-a-psicologia.ghtml\" rel=\"nofollow noopener\" target=\"_blank\">o que significa acordar v\u00e1rias vezes durante a noite?<\/a><\/li>\n<li><strong>Moda insegura<\/strong>: <a class=\"\" href=\"https:\/\/oglobo.globo.com\/saude\/noticia\/2025\/10\/10\/as-cores-que-as-pessoas-com-baixa-autoestima-geralmente-usam-segundo-a-psicologia.ghtml\" rel=\"nofollow noopener\" target=\"_blank\">as cores preferidas de quem tem baixa autoestima<\/a><\/li>\n<\/ul>\n<p class=\" content-text__container \" data-track-category=\"Link no Texto\" data-track-links=\"\"> Um dos mais recentes posicionamentos a respeito da rela\u00e7\u00e3o foi em maio deste ano, quando a Ag\u00eancia Europeia de Medicamentos emitiu um comunicado ressaltando o surgimento de altera\u00e7\u00f5es de humor, incluindo depress\u00e3o, humor deprimido e idea\u00e7\u00e3o suicida com o uso do rem\u00e9dio, principalmente em sua vers\u00e3o de 1mg. <\/p>\n<p class=\" content-text__container \" data-track-category=\"Link no Texto\" data-track-links=\"\"> O novo trabalho, de Universidade Hebraica de Jerusal\u00e9m, baseou-se em dados globais de notifica\u00e7\u00f5es de eventos adversos e bancos de dados de sa\u00fade. Segundo o autor principal, o professor Mayer Brezis, profissionais de sa\u00fade e ag\u00eancias reguladoras ignoraram repetidamente sinais de alerta sobre a associa\u00e7\u00e3o, deixando de agir diante de provas crescentes sobre os potenciais efeitos psiqui\u00e1tricos graves da subst\u00e2ncia. <\/p>\n<p class=\" content-text__container \" data-track-category=\"Link no Texto\" data-track-links=\"\"> A revis\u00e3o conduzida por Brezis se baseou em oito grandes estudos publicados entre 2017 e 2023, todos apontando o mesmo padr\u00e3o: indiv\u00edduos que tomaram finasterida apresentaram maior probabilidade de desenvolver transtornos de humor ou pensamentos suicidas do que aqueles que n\u00e3o usaram o medicamento. Os resultados foram consistentes em diferentes pa\u00edses e sistemas de dados, incluindo os registros da FDA e bancos nacionais de sa\u00fade da Su\u00e9cia, do Canad\u00e1 e de Israel. <\/p>\n<p class=\" content-text__container \" data-track-category=\"Link no Texto\" data-track-links=\"\"> Brezis alerta que, pesar das evid\u00eancias acumuladas, nem a farmac\u00eautica Merck nem a FDA, ag\u00eancia reguladora dos EUA, conduziram investiga\u00e7\u00f5es de seguran\u00e7a adequadas. O pesquisador pede reformas urgentes na forma como os medicamentos s\u00e3o avaliados e monitorados ap\u00f3s a aprova\u00e7\u00e3o. <\/p>\n<p class=\" content-text__container \" data-track-category=\"Link no Texto\" data-track-links=\"\"> \u201cAs evid\u00eancias deixaram de ser aned\u00f3ticas. Agora vemos padr\u00f5es consistentes em diversas popula\u00e7\u00f5es \u2014 e as consequ\u00eancias podem ter sido tr\u00e1gicas\u201d, afirmou. <\/p>\n<p class=\" content-text__container \" data-track-category=\"Link no Texto\" data-track-links=\"\"> A FDA reconheceu a depress\u00e3o como poss\u00edvel efeito colateral apenas em 2011, e o risco de suic\u00eddio s\u00f3 foi inclu\u00eddo no r\u00f3tulo em 2022, embora pesquisadores j\u00e1 alertassem desde 2002. Em 2011, o \u00f3rg\u00e3o havia registrado apenas 18 casos de suic\u00eddio relacionados \u00e0 finasterida. Mas, com base nas taxas de uso globais, esse n\u00famero deveria estar na casa dos milhares. <\/p>\n<p class=\" content-text__container \" data-track-category=\"Link no Texto\" data-track-links=\"\"> A finasterida bloqueia a convers\u00e3o de testosterona em di-hidrotestosterona (DHT), mas com isso tamb\u00e9m pode interferir em neuroesteroides como a alopregnanolona, subst\u00e2ncia ligada \u00e0 regula\u00e7\u00e3o do humor no c\u00e9rebro. Estudos em animais mostram efeitos duradouros sobre a neuroinflama\u00e7\u00e3o e at\u00e9 altera\u00e7\u00f5es estruturais no hipocampo. <\/p>\n<p class=\" content-text__container \" data-track-category=\"Link no Texto\" data-track-links=\"\"> Em alguns pacientes, os sintomas persistem mesmo ap\u00f3s a suspens\u00e3o do rem\u00e9dio. Casos relatados como \u201cs\u00edndrome p\u00f3s-finasterida\u201d incluem ins\u00f4nia, crises de p\u00e2nico, dificuldades cognitivas e pensamentos suicidas que duram meses ou anos depois do fim do tratamento. <\/p>\n<p class=\" content-text__container \" data-track-category=\"Link no Texto\" data-track-links=\"\"> O estudo aponta que, diferentemente de medicamentos para emagrecimento ou de uso psiqui\u00e1trico, a finasterida tem car\u00e1ter cosm\u00e9tico, e por isso pode ter escapado de investiga\u00e7\u00f5es mais aprofundadas sobre seus efeitos colaterais. <\/p>\n","protected":false},"excerpt":{"rendered":"A finasterida tem sido associada h\u00e1 depress\u00e3o e ao suic\u00eddio h\u00e1 mais de 20 anos sem que autoridades&hellip;\n","protected":false},"author":2,"featured_media":106455,"comment_status":"","ping_status":"","sticky":false,"template":"","format":"standard","meta":{"footnotes":""},"categories":[86],"tags":[116,32,33,117],"class_list":{"0":"post-106454","1":"post","2":"type-post","3":"status-publish","4":"format-standard","5":"has-post-thumbnail","7":"category-saude","8":"tag-health","9":"tag-portugal","10":"tag-pt","11":"tag-saude"},"share_on_mastodon":{"url":"","error":""},"_links":{"self":[{"href":"https:\/\/www.europesays.com\/pt\/wp-json\/wp\/v2\/posts\/106454","targetHints":{"allow":["GET"]}}],"collection":[{"href":"https:\/\/www.europesays.com\/pt\/wp-json\/wp\/v2\/posts"}],"about":[{"href":"https:\/\/www.europesays.com\/pt\/wp-json\/wp\/v2\/types\/post"}],"author":[{"embeddable":true,"href":"https:\/\/www.europesays.com\/pt\/wp-json\/wp\/v2\/users\/2"}],"replies":[{"embeddable":true,"href":"https:\/\/www.europesays.com\/pt\/wp-json\/wp\/v2\/comments?post=106454"}],"version-history":[{"count":0,"href":"https:\/\/www.europesays.com\/pt\/wp-json\/wp\/v2\/posts\/106454\/revisions"}],"wp:featuredmedia":[{"embeddable":true,"href":"https:\/\/www.europesays.com\/pt\/wp-json\/wp\/v2\/media\/106455"}],"wp:attachment":[{"href":"https:\/\/www.europesays.com\/pt\/wp-json\/wp\/v2\/media?parent=106454"}],"wp:term":[{"taxonomy":"category","embeddable":true,"href":"https:\/\/www.europesays.com\/pt\/wp-json\/wp\/v2\/categories?post=106454"},{"taxonomy":"post_tag","embeddable":true,"href":"https:\/\/www.europesays.com\/pt\/wp-json\/wp\/v2\/tags?post=106454"}],"curies":[{"name":"wp","href":"https:\/\/api.w.org\/{rel}","templated":true}]}}