{"id":106456,"date":"2025-10-11T15:18:07","date_gmt":"2025-10-11T15:18:07","guid":{"rendered":"https:\/\/www.europesays.com\/pt\/106456\/"},"modified":"2025-10-11T15:18:07","modified_gmt":"2025-10-11T15:18:07","slug":"este-outono-precisa-de-pelo-menos-um-destes-15-vestidos-da-zara-no-armario-nit","status":"publish","type":"post","link":"https:\/\/www.europesays.com\/pt\/106456\/","title":{"rendered":"Este outono, precisa de pelo menos um destes 15 vestidos da Zara no arm\u00e1rio \u2014 NiT"},"content":{"rendered":"<p>Tons inesperados, frescos e delicados de rosa p\u00e1lido surgem discretamente nos escaparates da Zara, quase como se estivessem perdidos num mar de castanho e bord\u00f4. Se, por um lado, a marca espanhola segue a paleta achocolatada da esta\u00e7\u00e3o, n\u00e3o deixa escapar os apontamentos que d\u00e3o alguma cor ao guarda-roupa.<\/p>\n<p>Sabemos que podemos contar com a marca espanhola para nos trazer as tend\u00eancias da nova esta\u00e7\u00e3o antes de todos os outros. As \u00faltimas novidades d\u00e3o, por isso, uma ideia das cores que continuar\u00e3o em alta nos pr\u00f3ximos meses atrav\u00e9s de pe\u00e7as ideais para a transi\u00e7\u00e3o.<\/p>\n<p>A mais recente cole\u00e7\u00e3o est\u00e1 repleta de pe\u00e7as sofisticadas, especialmente vestidos que n\u00e3o podem faltar mesmo durante a esta\u00e7\u00e3o fria. Para facilitar a pesquisa, a NiT reuniu 15 op\u00e7\u00f5es de modelos para encontrar aquele indispens\u00e1vel que pode transformar os looks dos pr\u00f3ximos meses.<\/p>\n<p>Inclu\u00eddas neste mix est\u00e3o as cores outonais que j\u00e1 conhecemos, como o castanho caf\u00e9, mas tamb\u00e9m algumas tonalidades inesperadamente leves e frescas, como o creme. Algumas propostas apostam at\u00e9 nesse contraste numa s\u00f3 pe\u00e7a, provando que n\u00e3o s\u00e3o incompat\u00edveis.<\/p>\n<p>Isto n\u00e3o significa que os padr\u00f5es ficam de fora. Em destaque est\u00e1 o animal print, que regressa em for\u00e7a na meia-esta\u00e7\u00e3o e que faz parte da hist\u00f3ria da moda, mas tamb\u00e9m novas varia\u00e7\u00f5es do xadrez e vers\u00f5es outonais do floral (n\u00e3o, n\u00e3o se usa apenas durante a primavera).<\/p>\n<p>Entre as propostas mais femininas, tamb\u00e9m h\u00e1 espa\u00e7o para silhuetas mais imaginativas (imagine-se cinturas exageradas, golas diferenciadas e cortes ousados), a eleg\u00e2ncia do workwear atrav\u00e9s de conjuntos intemporais e com mat\u00e9rias-primas elevadas e, por fim, todos os elementos da moda boho que est\u00e1 em todo o lado.<\/p>\n<p>Carregue na galeria para conhecer algumas das pe\u00e7as da Zara \u00e0s quais deve estar atenta nos saldos de ver\u00e3o.<\/p>\n","protected":false},"excerpt":{"rendered":"Tons inesperados, frescos e delicados de rosa p\u00e1lido surgem discretamente nos escaparates da Zara, quase como se estivessem&hellip;\n","protected":false},"author":2,"featured_media":106457,"comment_status":"","ping_status":"","sticky":false,"template":"","format":"standard","meta":{"footnotes":""},"categories":[85],"tags":[114,115,32,33],"class_list":{"0":"post-106456","1":"post","2":"type-post","3":"status-publish","4":"format-standard","5":"has-post-thumbnail","7":"category-entretenimento","8":"tag-entertainment","9":"tag-entretenimento","10":"tag-portugal","11":"tag-pt"},"share_on_mastodon":{"url":"","error":""},"_links":{"self":[{"href":"https:\/\/www.europesays.com\/pt\/wp-json\/wp\/v2\/posts\/106456","targetHints":{"allow":["GET"]}}],"collection":[{"href":"https:\/\/www.europesays.com\/pt\/wp-json\/wp\/v2\/posts"}],"about":[{"href":"https:\/\/www.europesays.com\/pt\/wp-json\/wp\/v2\/types\/post"}],"author":[{"embeddable":true,"href":"https:\/\/www.europesays.com\/pt\/wp-json\/wp\/v2\/users\/2"}],"replies":[{"embeddable":true,"href":"https:\/\/www.europesays.com\/pt\/wp-json\/wp\/v2\/comments?post=106456"}],"version-history":[{"count":0,"href":"https:\/\/www.europesays.com\/pt\/wp-json\/wp\/v2\/posts\/106456\/revisions"}],"wp:featuredmedia":[{"embeddable":true,"href":"https:\/\/www.europesays.com\/pt\/wp-json\/wp\/v2\/media\/106457"}],"wp:attachment":[{"href":"https:\/\/www.europesays.com\/pt\/wp-json\/wp\/v2\/media?parent=106456"}],"wp:term":[{"taxonomy":"category","embeddable":true,"href":"https:\/\/www.europesays.com\/pt\/wp-json\/wp\/v2\/categories?post=106456"},{"taxonomy":"post_tag","embeddable":true,"href":"https:\/\/www.europesays.com\/pt\/wp-json\/wp\/v2\/tags?post=106456"}],"curies":[{"name":"wp","href":"https:\/\/api.w.org\/{rel}","templated":true}]}}