{"id":106462,"date":"2025-10-11T15:22:27","date_gmt":"2025-10-11T15:22:27","guid":{"rendered":"https:\/\/www.europesays.com\/pt\/106462\/"},"modified":"2025-10-11T15:22:27","modified_gmt":"2025-10-11T15:22:27","slug":"fim-de-semana-estavel-em-portugal-continental-mas-possivel-agravamento-do-estado-do-tempo-nos-acores-a-partir-de-dia-14","status":"publish","type":"post","link":"https:\/\/www.europesays.com\/pt\/106462\/","title":{"rendered":"Fim de semana est\u00e1vel em Portugal Continental, mas poss\u00edvel agravamento do estado do tempo nos A\u00e7ores a partir de dia 14"},"content":{"rendered":"<p> <img decoding=\"async\" fetchpriority=\"high\" src=\"https:\/\/www.europesays.com\/pt\/wp-content\/uploads\/2025\/10\/dailymotion-x9ryxoe_1024.jpg\"  width=\"768\" height=\"432\" id=\"x9ryxoe\"\/>  <\/p>\n<p>Este fim de semana dever\u00e1 manter Portugal Continental sob um regime de tempo calmo e maioritariamente seco, sustentado pela persist\u00eancia de um anticiclone sobre a Pen\u00ednsula Ib\u00e9rica. No entanto, uma nova depress\u00e3o atl\u00e2ntica prepara-se para atravessar os A\u00e7ores, e poder\u00e1 trazer muita chuva, vento e agita\u00e7\u00e3o mar\u00edtima.<\/p>\n<p>    <img decoding=\"async\" fetchpriority=\"high\" src=\"https:\/\/www.europesays.com\/pt\/wp-content\/uploads\/2025\/10\/marta-godinho.jpg\" alt=\"Marta Godinho\" width=\"40\" height=\"40\"\/>    <a class=\"nombre text-hv\" href=\"https:\/\/www.tempo.pt\/autor\/marta-godinho\/\" title=\"Marta Godinho\" rel=\"nofollow noopener\" target=\"_blank\">Marta Godinho<\/a>      11\/10\/2025 09:40   5 min   <\/p>\n<p>Este fim de semana dever\u00e1 manter <strong>Portugal Continental sob um regime de tempo calmo e maioritariamente seco<\/strong>, sustentado pela persist\u00eancia de um anticiclone sobre a Pen\u00ednsula Ib\u00e9rica. No entanto, uma nova <strong>depress\u00e3o atl\u00e2ntica prepara-se para atravessar os A\u00e7ores<\/strong>, e poder\u00e1 trazer muita chuva, vento e agita\u00e7\u00e3o mar\u00edtima.<\/p>\n<p>Seja o primeiro a receber as previs\u00f5es gra\u00e7as ao <strong><a href=\"https:\/\/www.whatsapp.com\/channel\/0029VaxX6njIyPtRY4lOMd1b\" target=\"_blank\" rel=\"nofollow noopener\">nosso canal do WhatsApp<\/a><\/strong>. Siga-nos e ative as notifica\u00e7\u00f5es. <\/p>\n<p>S\u00e1bado amanheceu com c\u00e9u pouco nublado na maioria das regi\u00f5es. <strong>As manh\u00e3s dos pr\u00f3ximos dias trar\u00e3o alguma nebulosidade<\/strong>, que por vezes poder\u00e3o traduzir-se em neblinas ou nuvens baixas, particularmente junto \u00e0 costa norte, mas que tender\u00e3o a dissipar-se com o avan\u00e7o do dia. <\/p>\n<p>As temperaturas continuam altas e as m\u00e1ximas dever\u00e3o variar entre <strong>22 <strong>\u00b0C<\/strong> a 24 \u00b0C no Norte<\/strong>, <strong>25 <strong>\u00b0C<\/strong> a 27 \u00b0C no Centro<\/strong> e at\u00e9 <strong>28-30 \u00b0C em zonas abrigadas do Alentejo<\/strong><strong>,<\/strong><strong> Algarve<\/strong><strong> e na regi\u00e3o da Grande Lisboa<\/strong>. <\/p>\n<p><img loading=\"lazy\" decoding=\"async\" fetchpriority=\"low\" class=\"lazy \" src=\"https:\/\/www.europesays.com\/pt\/wp-content\/uploads\/2025\/10\/fim-de-semana-estavel-em-portugal-continental-mas-possivel-agravamento-do-estado-do-tempo-nos-acores.png\"  width=\"768\" height=\"432\" alt=\"Mapa atmosf\u00e9rico: Temperatura\" title=\"Mapa atmosf\u00e9rico: Temperatura\" data-image=\"yc1gnj5qqmh4\"\/>As temperaturas altas continuam a fazer-se sentir em todo o pa\u00eds. Este padr\u00e3o ir\u00e1 manter-se at\u00e9 ao in\u00edcio da proxima semana.<\/p>\n<p>O vento ser\u00e1 predominantemente de noroeste, fraco a moderado no interior e mais intenso junto \u00e0s zonas costeiras, com rajadas que poder\u00e3o chegar aos <strong>35-40 km\/h<\/strong>. <\/p>\n<p>Este padr\u00e3o clim\u00e1tico de temperaturas elevadas ir\u00e1 permanecer em Portugal Continental, pelo menos at\u00e9 segunda-feira, dia 13.<\/p>\n<p>A <strong>depress\u00e3o Alice<\/strong> no decorrer dos pr\u00f3ximos dias ir\u00e1 continuar a deslocar-se para leste e <strong>n\u00e3o ter\u00e1 impacto significativo em Portugal Continental<\/strong>, permanecendo afastada o suficiente para que a influ\u00eancia direta seja nula. No entanto, uma <strong>ligeira mudan\u00e7a no padr\u00e3o atmosf\u00e9rico, poder\u00e1 permitir a aproxima\u00e7\u00e3o de n\u00facleos de instabilidade mais debilitados ao Norte do pa\u00eds no domingo<\/strong>.<\/p>\n<p><img loading=\"lazy\" decoding=\"async\" fetchpriority=\"low\" class=\"lazy \" src=\"https:\/\/www.europesays.com\/pt\/wp-content\/uploads\/2025\/10\/1760196146_184_fim-de-semana-estavel-em-portugal-continental-mas-possivel-agravamento-do-estado-do-tempo-nos-acores.png\"  width=\"768\" height=\"432\" data-image=\"xw1xswp8g4tu\"\/>Chuvas fracas e pontuais poder\u00e3o ocorrer entre as regi\u00f5es da Guarda e Viseu na ordem dos 0.5 mm.<\/p>\n<p> <strong>Chuvas fracas e pontuais<\/strong> poder\u00e3o ocorrer entre as regi\u00f5es da <strong>Guarda e Viseu,<\/strong> especialmente durante a tarde.<\/p>\n<p>O que esperar do tempo para o in\u00edcio da semana?<\/p>\n<p>Segunda-feira dever\u00e1 apresentar c\u00e9u com nebulosidade vari\u00e1vel, principalmente nas regi\u00f5es interiores. As <strong>temperaturas m\u00e1ximas<\/strong> dever\u00e3o manter-se entre <strong>23 e 27 \u00b0C<\/strong> na maioria das zonas, com <strong>m\u00ednimas mais baixas mas mesmo assim sem grande amplitude t\u00e9rmica di\u00e1ria<\/strong>. <\/p>\n<p><strong>Ter\u00e7a-feira poder\u00e1 trazer alguma instabilidade residual nas primeiras horas<\/strong>, mas espera-se que o tempo tenda a melhorar progressivamente, com o sol a regressar as temperaturas a aumentar ao longo do dia.<\/p>\n<p>Nova depress\u00e3o ir\u00e1 afetar o arquip\u00e9lago dos A\u00e7ores j\u00e1 a partir de ter\u00e7a-feira<\/p>\n<p>Os campos de <strong>press\u00e3o atmosf\u00e9rica <\/strong><strong>v\u00e3o <\/strong><strong>a<\/strong><strong>fetar<\/strong><strong> de forma significativa o arquip\u00e9lago<\/strong><strong> dos A\u00e7ores<\/strong>, com o n\u00facleo depressivo a atingir valores pr\u00f3ximos dos <strong>990 hPa<\/strong>, gerando <strong>vento forte a muito forte<\/strong>, especialmente nas ilhas dos <strong>grupos Central e Oriental<\/strong>. <\/p>\n<p> Depois de um in\u00edcio de semana relativamente tranquilo em Portugal Continental, ter\u00e7a-feira, 14 de outubro, trar\u00e1 novo agravamento do estado do tempo nos A\u00e7ores, devido \u00e0 aproxima\u00e7\u00e3o de mais uma depress\u00e3o atl\u00e2ntica.<\/p>\n<p>As <strong>rajadas poder\u00e3o exceder os 80 km\/h<\/strong>, com <strong>chuva por vezes forte e persistente<\/strong>, associada a bandas frontais bem organizadas, como j\u00e1 se observa nos modelos de precipita\u00e7\u00e3o acumulada.<\/p>\n<p><img loading=\"lazy\" decoding=\"async\" fetchpriority=\"low\" class=\"lazy \" src=\"https:\/\/www.europesays.com\/pt\/wp-content\/uploads\/2025\/10\/1760196147_5_fim-de-semana-estavel-em-portugal-continental-mas-possivel-agravamento-do-estado-do-tempo-nos-acores.png\"  width=\"768\" height=\"432\" alt=\"Mapa atmosf\u00e9rico: Vento\" title=\"Mapa atmosf\u00e9rico: Vento\" data-image=\"j8g0kmtp8dua\"\/>As rajadas poder\u00e3o ultrapassar os 60 km\/h nas ilhas do Grupo Central e Oriental, com circula\u00e7\u00e3o mais intensa junto aos n\u00facleos convectivos associados \u00e0 frente fria.<\/p>\n<p>Prev\u00ea-se tamb\u00e9m <strong>agravamento da agita\u00e7\u00e3o mar\u00edtima<\/strong>, com <strong>ondas superiores a 4-5 metros<\/strong>, o que poder\u00e1 motivar <strong>avisos meteorol\u00f3gicos laranja<\/strong>.<\/p>\n<p><a class=\"imagen \" href=\"https:\/\/www.tempo.pt\/noticias\/previsao\/antes-de-uma-possivel-mudanca-as-temperaturas-voltam-a-aumentar-eis-o-tempo-para-os-dias-entre-13-e-15-de-outubro.html\" title=\"Antes de uma poss\u00edvel mudan\u00e7a, as temperaturas voltam a aumentar: eis o tempo para os dias entre 13 e 15 de outubro\" rel=\"nofollow noopener\" target=\"_blank\"><img loading=\"lazy\" decoding=\"async\" fetchpriority=\"low\" class=\"lazy img-body non-editable\" src=\"https:\/\/www.europesays.com\/pt\/wp-content\/uploads\/2025\/10\/1760196147_637_antes-de-uma-possivel-mudanca-as-temperaturas-voltam-a-aumentar-eis-o-tempo-para-os-dias-entre-13-e-.png\"  width=\"320\" height=\"225\" alt=\"Antes de uma poss\u00edvel mudan\u00e7a, as temperaturas voltam a aumentar: eis o tempo para os dias entre 13 e 15 de outubro\"\/><\/a><\/p>\n<p>Em contraste, <strong>Portugal Continental permanecer\u00e1 relativamente protegido<\/strong>, sob influ\u00eancia de campos de <strong>alta press\u00e3o<\/strong> que continuam a bloquear o avan\u00e7o destas frentes durante o decorrer da semana. <\/p>\n","protected":false},"excerpt":{"rendered":"Este fim de semana dever\u00e1 manter Portugal Continental sob um regime de tempo calmo e maioritariamente seco, sustentado&hellip;\n","protected":false},"author":2,"featured_media":106463,"comment_status":"","ping_status":"","sticky":false,"template":"","format":"standard","meta":{"footnotes":""},"categories":[10],"tags":[351,27,28,2834,15,16,14,25,26,21,22,606,12,13,19,20,32,4834,23,24,33,17,18,29,30,31],"class_list":{"0":"post-106462","1":"post","2":"type-post","3":"status-publish","4":"format-standard","5":"has-post-thumbnail","7":"category-portugal","8":"tag-acores","9":"tag-breaking-news","10":"tag-breakingnews","11":"tag-calor","12":"tag-featured-news","13":"tag-featurednews","14":"tag-headlines","15":"tag-latest-news","16":"tag-latestnews","17":"tag-main-news","18":"tag-mainnews","19":"tag-meteorologia","20":"tag-news","21":"tag-noticias","22":"tag-noticias-principais","23":"tag-noticiasprincipais","24":"tag-portugal","25":"tag-previsao-tempo","26":"tag-principais-noticias","27":"tag-principaisnoticias","28":"tag-pt","29":"tag-top-stories","30":"tag-topstories","31":"tag-ultimas","32":"tag-ultimas-noticias","33":"tag-ultimasnoticias"},"share_on_mastodon":{"url":"","error":""},"_links":{"self":[{"href":"https:\/\/www.europesays.com\/pt\/wp-json\/wp\/v2\/posts\/106462","targetHints":{"allow":["GET"]}}],"collection":[{"href":"https:\/\/www.europesays.com\/pt\/wp-json\/wp\/v2\/posts"}],"about":[{"href":"https:\/\/www.europesays.com\/pt\/wp-json\/wp\/v2\/types\/post"}],"author":[{"embeddable":true,"href":"https:\/\/www.europesays.com\/pt\/wp-json\/wp\/v2\/users\/2"}],"replies":[{"embeddable":true,"href":"https:\/\/www.europesays.com\/pt\/wp-json\/wp\/v2\/comments?post=106462"}],"version-history":[{"count":0,"href":"https:\/\/www.europesays.com\/pt\/wp-json\/wp\/v2\/posts\/106462\/revisions"}],"wp:featuredmedia":[{"embeddable":true,"href":"https:\/\/www.europesays.com\/pt\/wp-json\/wp\/v2\/media\/106463"}],"wp:attachment":[{"href":"https:\/\/www.europesays.com\/pt\/wp-json\/wp\/v2\/media?parent=106462"}],"wp:term":[{"taxonomy":"category","embeddable":true,"href":"https:\/\/www.europesays.com\/pt\/wp-json\/wp\/v2\/categories?post=106462"},{"taxonomy":"post_tag","embeddable":true,"href":"https:\/\/www.europesays.com\/pt\/wp-json\/wp\/v2\/tags?post=106462"}],"curies":[{"name":"wp","href":"https:\/\/api.w.org\/{rel}","templated":true}]}}