{"id":106464,"date":"2025-10-11T15:23:13","date_gmt":"2025-10-11T15:23:13","guid":{"rendered":"https:\/\/www.europesays.com\/pt\/106464\/"},"modified":"2025-10-11T15:23:13","modified_gmt":"2025-10-11T15:23:13","slug":"sugestao-de-trump-de-expulsar-espanha-da-nato-nao-faz-sentido-diz-presidente-marcelo","status":"publish","type":"post","link":"https:\/\/www.europesays.com\/pt\/106464\/","title":{"rendered":"Sugest\u00e3o de Trump de expulsar Espanha da NATO &#8220;n\u00e3o faz sentido&#8221;, diz Presidente Marcelo"},"content":{"rendered":"<p class=\"category\"><a href=\"https:\/\/sicnoticias.pt\/pais\" rel=\"nofollow noopener\" target=\"_blank\">Pa\u00eds<\/a><\/p>\n<p class=\"g-article-lead lead\" data-field=\"lead\">A observa\u00e7\u00e3o do chefe de Estado portugu\u00eas surge depois de Trump sugerir ao hom\u00f3logo finland\u00eas que &#8220;talvez devessem expulsar&#8221; Espanha da NATO por n\u00e3o cumprir os compromissos de gastos com a defesa da alian\u00e7a.<\/p>\n<p><img decoding=\"async\" src=\"https:\/\/www.europesays.com\/pt\/wp-content\/uploads\/2025\/10\/1760196193_966_mw-1200.webp\" alt=\"\"\/><\/p>\n<p>Loading&#8230;<\/p>\n<p><strong>O Presidente da Rep\u00fablica considerou que a sugest\u00e3o do Presidente norte-americano de expulsar a Espanha da NATO, por n\u00e3o cumprir os seus compromissos de gastos com a Defesa, &#8220;n\u00e3o faz sentido&#8221; e \u00e9 &#8220;uma forma de press\u00e3o&#8221;.<\/strong><\/p>\n<blockquote>\n<p>&#8220;Sejamos claros que a expuls\u00e3o de um pa\u00eds da NATO n\u00e3o \u00e9 assim uma coisa do p\u00e9 para a m\u00e3o. N\u00e3o faz sentido. \u00c9 uma for\u00e7a de express\u00e3o, uma forma de press\u00e3o, uma forma de exteriorizar diverg\u00eancias ou pontos de vista diferentes&#8221;, disse Marcelo Rebelo de Sousa, quando questionado sobre o assunto em Tallin, \u00e0 margem de um encontro bilateral com o seu hom\u00f3logo da Est\u00f3nia, Alar Karis.<\/p>\n<\/blockquote>\n<p>O <strong>chefe de Estado sublinhou que &#8220;a Espanha n\u00e3o recusou vir a aumentar o seu investimento na Defesa, apenas disse que isso ia ser num tempo um pouco diverso e depois, na f\u00f3rmula final, chegou-se at\u00e9 a um ponto de consenso que foi aceite pela NATO&#8221;<\/strong>.<\/p>\n<p>Marcelo Rebelo de Sousa acrescentou que, &#8220;no caso portugu\u00eas, Portugal, j\u00e1 no or\u00e7amento para o ano que vem [OE2026], que foi apresentado, refor\u00e7a o investimento em Defesa, est\u00e1 a refor\u00e7ar em capacidades e est\u00e1 a refor\u00e7ar, e deve refor\u00e7ar, em recursos humanos&#8221;.<\/p>\n<blockquote>\n<p>&#8220;E um dos pontos que eu tenho insistido, e vou insistir at\u00e9 ao fim do meu mandato [&#8230;] , \u00e9 o do estatuto da condi\u00e7\u00e3o militar. N\u00f3s precisamos de ter mais militares, mas, para isso, temos de oferecer melhores condi\u00e7\u00f5es aos militares, sen\u00e3o eles n\u00e3o entram ou entram e depois saem [&#8230;] e n\u00f3s precisamos de manter For\u00e7as Armadas com um elemento fundamental, que \u00e9 o elemento humano&#8221;, disse.<\/p>\n<\/blockquote>\n<p>Num encontro em Washington na \u00faltima quinta-feira, Trump sugeriu ao seu hom\u00f3logo finland\u00eas, Alexander Stubb, que &#8220;talvez devessem expulsar&#8221; Espanha da NATO por n\u00e3o cumprir os compromissos de gastos com a defesa da alian\u00e7a.<\/p>\n<p>&#8220;<strong>N\u00e3o t\u00eam desculpa para n\u00e3o o fazer. Mas est\u00e1 tudo bem. Talvez devessem expuls\u00e1-los da NATO, francamente&#8221;<\/strong>, frisou o Presidente norte-americano.<\/p>\n<blockquote>\n<p>&#8220;Tivemos um retardat\u00e1rio, que foi Espanha&#8221;, salientou Trump na Sala Oval, referindo-se ao acordo da Alian\u00e7a Atl\u00e2ntica, da qual Portugal faz parte, de alocar 5% do PIB dos pa\u00edses-membros para as despesas de defesa.<\/p>\n<\/blockquote>\n<p>A \u00faltima cimeira da NATO, em junho nos Pa\u00edses Baixos, resultou na concord\u00e2ncia geral dos aliados com um novo compromisso de elevar gradualmente, at\u00e9 2035, o investimento anual em Defesa e despesas relacionadas para 5% do PIB. <\/p>\n<p>No entanto, a Espanha rejeitou esta meta mais elevada de 5%, considerando-a &#8220;irracional&#8221; e, em alternativa, chegou a um acordo para ficar de fora do compromisso, ficando-se pelas suas obriga\u00e7\u00f5es com a alian\u00e7a de gastar 2,1% do PIB em Defesa. <\/p>\n<p>Espanha j\u00e1 tinha declarado a sua inten\u00e7\u00e3o de atingir antecipadamente a anterior meta da NATO de 2% do PIB em despesas de Defesa at\u00e9 ao final de 2025, em vez da data original de 2029.<\/p>\n","protected":false},"excerpt":{"rendered":"Pa\u00eds A observa\u00e7\u00e3o do chefe de Estado portugu\u00eas surge depois de Trump sugerir ao hom\u00f3logo finland\u00eas que &#8220;talvez&hellip;\n","protected":false},"author":2,"featured_media":106465,"comment_status":"","ping_status":"","sticky":false,"template":"","format":"standard","meta":{"footnotes":""},"categories":[8],"tags":[27,28,15,16,14,25,26,21,22,12,13,19,20,32,23,24,33,17,18,29,30,31],"class_list":{"0":"post-106464","1":"post","2":"type-post","3":"status-publish","4":"format-standard","5":"has-post-thumbnail","7":"category-principais-noticias","8":"tag-breaking-news","9":"tag-breakingnews","10":"tag-featured-news","11":"tag-featurednews","12":"tag-headlines","13":"tag-latest-news","14":"tag-latestnews","15":"tag-main-news","16":"tag-mainnews","17":"tag-news","18":"tag-noticias","19":"tag-noticias-principais","20":"tag-noticiasprincipais","21":"tag-portugal","22":"tag-principais-noticias","23":"tag-principaisnoticias","24":"tag-pt","25":"tag-top-stories","26":"tag-topstories","27":"tag-ultimas","28":"tag-ultimas-noticias","29":"tag-ultimasnoticias"},"share_on_mastodon":{"url":"","error":""},"_links":{"self":[{"href":"https:\/\/www.europesays.com\/pt\/wp-json\/wp\/v2\/posts\/106464","targetHints":{"allow":["GET"]}}],"collection":[{"href":"https:\/\/www.europesays.com\/pt\/wp-json\/wp\/v2\/posts"}],"about":[{"href":"https:\/\/www.europesays.com\/pt\/wp-json\/wp\/v2\/types\/post"}],"author":[{"embeddable":true,"href":"https:\/\/www.europesays.com\/pt\/wp-json\/wp\/v2\/users\/2"}],"replies":[{"embeddable":true,"href":"https:\/\/www.europesays.com\/pt\/wp-json\/wp\/v2\/comments?post=106464"}],"version-history":[{"count":0,"href":"https:\/\/www.europesays.com\/pt\/wp-json\/wp\/v2\/posts\/106464\/revisions"}],"wp:featuredmedia":[{"embeddable":true,"href":"https:\/\/www.europesays.com\/pt\/wp-json\/wp\/v2\/media\/106465"}],"wp:attachment":[{"href":"https:\/\/www.europesays.com\/pt\/wp-json\/wp\/v2\/media?parent=106464"}],"wp:term":[{"taxonomy":"category","embeddable":true,"href":"https:\/\/www.europesays.com\/pt\/wp-json\/wp\/v2\/categories?post=106464"},{"taxonomy":"post_tag","embeddable":true,"href":"https:\/\/www.europesays.com\/pt\/wp-json\/wp\/v2\/tags?post=106464"}],"curies":[{"name":"wp","href":"https:\/\/api.w.org\/{rel}","templated":true}]}}