{"id":106468,"date":"2025-10-11T15:27:08","date_gmt":"2025-10-11T15:27:08","guid":{"rendered":"https:\/\/www.europesays.com\/pt\/106468\/"},"modified":"2025-10-11T15:27:08","modified_gmt":"2025-10-11T15:27:08","slug":"maltrata-toda-a-gente-insulta-toda-a-gente","status":"publish","type":"post","link":"https:\/\/www.europesays.com\/pt\/106468\/","title":{"rendered":"Maltrata toda a gente, insulta toda a gente&#8230;"},"content":{"rendered":"<p>\t\t\t\t\t\t\t\t\t\t\t\t\t\tNuno Eir\u00f3 conduziu mais um \u201cEspecial\u201d do \u201cSecret Story 9\u201d na noite de sexta-feira, 10 de outubro.<\/p>\n<p>Durante a liga\u00e7\u00e3o \u00e0 casa, os concorrentes tiveram de atribuir um ovo dourado, ao seu colega preferido, e um ovo podre, \u00e0quele que gostavam de ver pelas costas no domingo.<\/p>\n<p>Liliana foi implac\u00e1vel e atribuiu o ovo podre a Ana Cristina: <strong>\u201cO jogo dela passa por maltratar toda a gente, insultar toda a gente e depois no final fazer-se de v\u00edtima e pedir desculpa para n\u00e3o parecer t\u00e3o mal\u201d<\/strong>.<\/p>\n<p>Em sua defesa, a concorrente nomeada afirmou: <strong>\u201cEu n\u00e3o maltrato, toda a gente usa adjetivos menos bons aqui\u201d<\/strong>.<\/p>\n<p><strong>\u201cEm rela\u00e7\u00e3o ao pedido de desculpa, eu n\u00e3o pe\u00e7o desculpa por tudo o que fa\u00e7o. N\u00e3o tenho necessidade de estar sempre a justificar-me e a amenizar as coisas. Eu sei aquilo que eu fa\u00e7o\u201d<\/strong> \u2013 garantiu.<\/p>\n<p>No entanto, Liliana insistiu: <strong>\u201cSabes? Se calhar n\u00e3o sabes. N\u00e3o, n\u00e3o sabes\u201d<\/strong>, sem mais desenvolvimento.<\/p>\n<p><a href=\"https:\/\/tvi.iol.pt\/secretstory\/videos\/liliana-irritada-com-comentarios-de-bruna-mantens-te-no-teu-lugar\/68e978cc0cf29d28d828d08a\" rel=\"nofollow noopener\" target=\"_blank\">Veja o momento aqui.<\/a><\/p>\n","protected":false},"excerpt":{"rendered":"Nuno Eir\u00f3 conduziu mais um \u201cEspecial\u201d do \u201cSecret Story 9\u201d na noite de sexta-feira, 10 de outubro. Durante&hellip;\n","protected":false},"author":2,"featured_media":106469,"comment_status":"","ping_status":"","sticky":false,"template":"","format":"standard","meta":{"footnotes":""},"categories":[142],"tags":[19725,2632,114,115,19016,32,33,16686,151,162],"class_list":{"0":"post-106468","1":"post","2":"type-post","3":"status-publish","4":"format-standard","5":"has-post-thumbnail","7":"category-tv","8":"tag-ana-cristina","9":"tag-casa-dos-segredos","10":"tag-entertainment","11":"tag-entretenimento","12":"tag-liliana","13":"tag-portugal","14":"tag-pt","15":"tag-secret-story-9","16":"tag-tv","17":"tag-tvi"},"share_on_mastodon":{"url":"","error":""},"_links":{"self":[{"href":"https:\/\/www.europesays.com\/pt\/wp-json\/wp\/v2\/posts\/106468","targetHints":{"allow":["GET"]}}],"collection":[{"href":"https:\/\/www.europesays.com\/pt\/wp-json\/wp\/v2\/posts"}],"about":[{"href":"https:\/\/www.europesays.com\/pt\/wp-json\/wp\/v2\/types\/post"}],"author":[{"embeddable":true,"href":"https:\/\/www.europesays.com\/pt\/wp-json\/wp\/v2\/users\/2"}],"replies":[{"embeddable":true,"href":"https:\/\/www.europesays.com\/pt\/wp-json\/wp\/v2\/comments?post=106468"}],"version-history":[{"count":0,"href":"https:\/\/www.europesays.com\/pt\/wp-json\/wp\/v2\/posts\/106468\/revisions"}],"wp:featuredmedia":[{"embeddable":true,"href":"https:\/\/www.europesays.com\/pt\/wp-json\/wp\/v2\/media\/106469"}],"wp:attachment":[{"href":"https:\/\/www.europesays.com\/pt\/wp-json\/wp\/v2\/media?parent=106468"}],"wp:term":[{"taxonomy":"category","embeddable":true,"href":"https:\/\/www.europesays.com\/pt\/wp-json\/wp\/v2\/categories?post=106468"},{"taxonomy":"post_tag","embeddable":true,"href":"https:\/\/www.europesays.com\/pt\/wp-json\/wp\/v2\/tags?post=106468"}],"curies":[{"name":"wp","href":"https:\/\/api.w.org\/{rel}","templated":true}]}}