{"id":106474,"date":"2025-10-11T15:31:23","date_gmt":"2025-10-11T15:31:23","guid":{"rendered":"https:\/\/www.europesays.com\/pt\/106474\/"},"modified":"2025-10-11T15:31:23","modified_gmt":"2025-10-11T15:31:23","slug":"marilia-realiza-nova-acao-contra-o-aedes-aegypti-neste-sabado-na-zona-norte-marilia-noticia","status":"publish","type":"post","link":"https:\/\/www.europesays.com\/pt\/106474\/","title":{"rendered":"Mar\u00edlia realiza nova a\u00e7\u00e3o contra o Aedes aegypti neste s\u00e1bado na zona Norte \u2022 Mar\u00edlia Not\u00edcia"},"content":{"rendered":"<p><img fetchpriority=\"high\" decoding=\"async\" width=\"768\" height=\"576\" src=\"https:\/\/www.europesays.com\/pt\/wp-content\/uploads\/2025\/10\/10-10-Segunda-acao-de-combate-ao-Aedes-aegypti-sera-neste-sabado-11-na-zona-Norte1-768x576.jpeg\" alt=\"\" class=\"wp-image-683993\"  \/>Agentes de controle de endemias e agentes comunit\u00e1rios estar\u00e3o pelos bairros da zona Norte (Foto: Divulga\u00e7\u00e3o)<\/p>\n<p>A Prefeitura de Mar\u00edlia, por meio da Secretaria Municipal da Sa\u00fade, realiza neste s\u00e1bado (11), at\u00e9 as 12h30, a segunda a\u00e7\u00e3o de combate ao mosquito Aedes aegypti, no Jardim Renata e bairros pr\u00f3ximos, na zona norte da cidade. A atividade ser\u00e1 coordenada pela Divis\u00e3o de Zoonoses, com participa\u00e7\u00e3o de agentes de controle de endemias (ACEs) e agentes comunit\u00e1rios de sa\u00fade (ACSs).<\/p>\n<p>De acordo com a secret\u00e1ria municipal da Sa\u00fade, Paloma Libanio, o trabalho aos s\u00e1bados tem o objetivo de alcan\u00e7ar im\u00f3veis fechados durante a semana. <\/p>\n<p>\u201cUm dos principais desafios enfrentados pelas nossas equipes s\u00e3o as casas fechadas \u2014 im\u00f3veis em que os agentes n\u00e3o conseguem entrar durante a semana ou cujos moradores n\u00e3o permitem a vistoria. Aos s\u00e1bados, o objetivo \u00e9 ampliar o acesso e garantir que os agentes de sa\u00fade possam eliminar poss\u00edveis criadouros do mosquito\u201d, afirmou.<\/p>\n<p>A Secretaria Municipal de Sa\u00fade utiliza tecnologia de georreferenciamento para identificar \u00e1reas com maior incid\u00eancia de casos suspeitos ou confirmados de arboviroses. <\/p>\n<p>\u201cCom base nessas informa\u00e7\u00f5es, as equipes s\u00e3o direcionadas de forma estrat\u00e9gica para atuar onde h\u00e1 maior risco de transmiss\u00e3o. O trabalho de rotina e as a\u00e7\u00f5es de preven\u00e7\u00e3o continuam de segunda a sexta-feira em todo o territ\u00f3rio da cidade\u201d, explicou a secret\u00e1ria.<\/p>\n<p>Nesta semana, o munic\u00edpio recebeu do Minist\u00e9rio da Sa\u00fade seis nebulizadores costais motorizados, que ser\u00e3o usados nas a\u00e7\u00f5es de combate ao mosquito. <\/p>\n<p>O prefeito Vinicius Camarinha (PSDB) acompanhou a entrega dos equipamentos. \u201cGra\u00e7as ao bom relacionamento que n\u00f3s temos com o Minist\u00e9rio da Sa\u00fade, a nossa cidade est\u00e1 conseguindo equipamentos e recursos para o enfrentamento das arboviroses. A sa\u00fade \u00e9 prioridade do nosso governo. E \u00e9 assim que vamos continuar trabalhando para cuidar do bem-estar da nossa popula\u00e7\u00e3o\u201d, declarou.<\/p>\n","protected":false},"excerpt":{"rendered":"Agentes de controle de endemias e agentes comunit\u00e1rios estar\u00e3o pelos bairros da zona Norte (Foto: Divulga\u00e7\u00e3o) A Prefeitura&hellip;\n","protected":false},"author":2,"featured_media":106475,"comment_status":"","ping_status":"","sticky":false,"template":"","format":"standard","meta":{"footnotes":""},"categories":[86],"tags":[25505,20459,1891,116,25506,25507,32,33,117,25508],"class_list":{"0":"post-106474","1":"post","2":"type-post","3":"status-publish","4":"format-standard","5":"has-post-thumbnail","7":"category-saude","8":"tag-aedes-aegypi","9":"tag-combate-a-dengue","10":"tag-dengue","11":"tag-health","12":"tag-marilia","13":"tag-muitrao","14":"tag-portugal","15":"tag-pt","16":"tag-saude","17":"tag-zona-norte"},"share_on_mastodon":{"url":"","error":""},"_links":{"self":[{"href":"https:\/\/www.europesays.com\/pt\/wp-json\/wp\/v2\/posts\/106474","targetHints":{"allow":["GET"]}}],"collection":[{"href":"https:\/\/www.europesays.com\/pt\/wp-json\/wp\/v2\/posts"}],"about":[{"href":"https:\/\/www.europesays.com\/pt\/wp-json\/wp\/v2\/types\/post"}],"author":[{"embeddable":true,"href":"https:\/\/www.europesays.com\/pt\/wp-json\/wp\/v2\/users\/2"}],"replies":[{"embeddable":true,"href":"https:\/\/www.europesays.com\/pt\/wp-json\/wp\/v2\/comments?post=106474"}],"version-history":[{"count":0,"href":"https:\/\/www.europesays.com\/pt\/wp-json\/wp\/v2\/posts\/106474\/revisions"}],"wp:featuredmedia":[{"embeddable":true,"href":"https:\/\/www.europesays.com\/pt\/wp-json\/wp\/v2\/media\/106475"}],"wp:attachment":[{"href":"https:\/\/www.europesays.com\/pt\/wp-json\/wp\/v2\/media?parent=106474"}],"wp:term":[{"taxonomy":"category","embeddable":true,"href":"https:\/\/www.europesays.com\/pt\/wp-json\/wp\/v2\/categories?post=106474"},{"taxonomy":"post_tag","embeddable":true,"href":"https:\/\/www.europesays.com\/pt\/wp-json\/wp\/v2\/tags?post=106474"}],"curies":[{"name":"wp","href":"https:\/\/api.w.org\/{rel}","templated":true}]}}