{"id":106477,"date":"2025-10-11T15:33:08","date_gmt":"2025-10-11T15:33:08","guid":{"rendered":"https:\/\/www.europesays.com\/pt\/106477\/"},"modified":"2025-10-11T15:33:08","modified_gmt":"2025-10-11T15:33:08","slug":"o-que-e-o-modo-de-consumo-adaptavel-no-iphone-com-o-ios-26","status":"publish","type":"post","link":"https:\/\/www.europesays.com\/pt\/106477\/","title":{"rendered":"O que \u00e9 o Modo de Consumo Adapt\u00e1vel no iPhone com o iOS 26?"},"content":{"rendered":"<p>Consumo adapt\u00e1vel \u00e9 uma <a target=\"_blank\" href=\"https:\/\/pplware.sapo.pt\/apple\/ios-26-esta-finalmente-disponivel-para-todos\/\" rel=\"nofollow noopener\">nova funcionalidade do iOS 26<\/a> dispon\u00edvel no iPhone 15 Pro e modelos posteriores, que atua automaticamente em segundo plano para poupar bateria, com o objetivo de ajudar o utilizador a chegar ao fim do dia com a carga restante.<\/p>\n<p><a target=\"_blank\" href=\"https:\/\/pplware.sapo.pt\/wp-content\/uploads\/2025\/10\/consumo_adaptavel00.webp\" rel=\"nofollow noopener\"><img fetchpriority=\"high\" decoding=\"async\" src=\"https:\/\/www.europesays.com\/pt\/wp-content\/uploads\/2025\/10\/consumo_adaptavel00-720x405.webp.webp\" alt=\"\" width=\"720\" height=\"405\" class=\"aligncenter size-medium wp-image-1082835\"  \/><\/a><\/p>\n<p>Como funciona<\/p>\n<p>Depois de ativar o <strong>Consumo adapt\u00e1vel<\/strong> ou de configurar um novo iPhone 17, 17 Pro ou iPhone Air (onde esta funcionalidade vem ativada de origem), o dispositivo precisa de, pelo menos, <strong>7 dias para aprender os seus h\u00e1bitos de carregamento e utiliza\u00e7\u00e3o<\/strong>.<\/p>\n<p>A partir da\u00ed, sempre que a intelig\u00eancia no dispositivo prever que vai usar mais o iPhone, ou detetar que o uso est\u00e1 acima do habitual, far\u00e1 alguns ajustes (listados abaixo) para poupar bateria.<\/p>\n<p>Estas pequenas altera\u00e7\u00f5es garantem um ligeiro aumento no tempo de utiliza\u00e7\u00e3o com a carga restante. Em equipamentos como o fino iPhone Air (que implica alguns compromissos), estas poupan\u00e7as podem somar-se e <strong>permitir-lhe chegar ao fim do dia com uma \u00fanica carga<\/strong>.<\/p>\n<p>Um ponto importante \u00e9 que o <strong>Consumo adapt\u00e1vel n\u00e3o entra em a\u00e7\u00e3o quando est\u00e1 a realizar tarefas que exigem o m\u00e1ximo desempenho<\/strong> do iPhone, como jogar com o Modo de Jogo ativado, usar a c\u00e2mara, entre outros.<\/p>\n<p>O que acontece durante o modo Consumo adapt\u00e1vel<\/p>\n<p>O <strong>Consumo adapt\u00e1vel<\/strong> pode fazer o seguinte para prolongar o tempo de utiliza\u00e7\u00e3o:<\/p>\n<ul>\n<li>Reduzir o brilho do ecr\u00e3 em 3%.<\/li>\n<li>Limitar a atividade em segundo plano.<\/li>\n<li>Reduzir o esfor\u00e7o do processador, tornando algumas tarefas ligeiramente mais lentas, em troca de menor consumo de energia.<\/li>\n<li>Ativar automaticamente o Modo de Pouca Energia quando a bateria do iPhone atinge os 20%.<\/li>\n<li>Fazer outros ajustes de desempenho para poupar bateria.<\/li>\n<\/ul>\n<p>Dispositivos compat\u00edveis<\/p>\n<p>O Consumo adapt\u00e1vel do iOS 26 est\u00e1 dispon\u00edvel nos seguintes modelos de iPhone:<\/p>\n<ul>\n<li>iPhone 17 Pro Max<\/li>\n<li>iPhone 17 Pro<\/li>\n<li>iPhone Air<\/li>\n<li>iPhone 17<\/li>\n<li>iPhone 16 Pro Max<\/li>\n<li>iPhone 16 Pro<\/li>\n<li>iPhone 16 Plus<\/li>\n<li>iPhone 16<\/li>\n<li>iPhone 16e<\/li>\n<li>iPhone 15 Pro Max<\/li>\n<li>iPhone 15 Pro<\/li>\n<\/ul>\n<p><strong>Nota:<\/strong> O Consumo adapt\u00e1vel vem ativado por defeito nos modelos da s\u00e9rie iPhone 17 e no iPhone Air. Nos outros modelos compat\u00edveis, pode ser ativado manualmente.<\/p>\n<p>De momento, esta funcionalidade n\u00e3o est\u00e1 dispon\u00edvel no Apple Watch, iPad ou MacBook.<\/p>\n<p>Como ativar ou desativar o Consumo adapt\u00e1vel<\/p>\n<ol>\n<li>Abra a aplica\u00e7\u00e3o <strong>Defini\u00e7\u00f5es<\/strong> do iOS 26.<\/li>\n<li>Toque em <strong>Bateria<\/strong>.<\/li>\n<li>Selecione Modo de Energia na parte inferior.<\/li>\n<li>Ativa ou desativa o Consumo adapt\u00e1vel.<\/li>\n<\/ol>\n<p>Tamb\u00e9m pode optar por receber notifica\u00e7\u00f5es silenciosas sempre que o Consumo adapt\u00e1vel \u00e9 ativado. Isto ajuda-lhe a perceber quando o iPhone est\u00e1 a realizar otimiza\u00e7\u00f5es para poupar bateria. Se notar atrasos ou lentid\u00e3o ao executar alguma tarefa, podes desativar o Consumo adapt\u00e1vel nas defini\u00e7\u00f5es da bateria.<\/p>\n<p>Se deixar as <strong>Notifica\u00e7\u00f5es de consumo adapt\u00e1vel<\/strong> desativadas, o iPhone ligar\u00e1 e desligar\u00e1 esta fun\u00e7\u00e3o automaticamente em segundo plano, sem lhe avisar.<\/p>\n<p><a target=\"_blank\" href=\"https:\/\/pplware.sapo.pt\/wp-content\/uploads\/2025\/10\/consumo_adaptavel04.webp\" rel=\"nofollow noopener\"><img loading=\"lazy\" decoding=\"async\" src=\"https:\/\/www.europesays.com\/pt\/wp-content\/uploads\/2025\/10\/consumo_adaptavel04-720x405.webp.webp\" alt=\"\" width=\"720\" height=\"405\" class=\"aligncenter size-medium wp-image-1082856\"  \/><\/a><\/p>\n<p>Deves us\u00e1-lo em vez do Modo de Pouca Energia?<\/p>\n<p>Raramente utilizo o <strong>Modo de baixo consumo no iPhone<\/strong>, pois este desativa o ecr\u00e3 ProMotion de 120 Hz. Cheguei a configurar uma automa\u00e7\u00e3o para impedir que esse modo fosse ativado. Al\u00e9m disso, o Modo de baixo consumo limita significativamente o desempenho do processador, o que \u00e9 facilmente percet\u00edvel.<\/p>\n<p>O Consumo adapt\u00e1vel, por outro lado, adota uma abordagem mais suave. N\u00e3o desliga o ecr\u00e3 ProMotion nem torna o dispositivo demasiado lento. Al\u00e9m disso, ativa-se e desativa-se automaticamente em segundo plano, consoante o uso.<\/p>\n<p>Assim, n\u00e3o ser\u00e1 necess\u00e1rio gerir manualmente <strong>nem esperar que o iPhone atinja 80% de carga<\/strong> para desligar automaticamente.<\/p>\n<p>Apesar de ter esta funcionalidade ativa desde que apareceu na vers\u00e3o beta, e de n\u00e3o notar nenhuma lat\u00eancia, h\u00e1 utilizadores no X (antigo Twitter) a dizer que notam interrup\u00e7\u00f5es e atrasos significativos quando o Consumo adapt\u00e1vel estava ativo.<\/p>\n<p>Portanto, se tamb\u00e9m verificar algo semelhante, considere ativar as Notifica\u00e7\u00f5es de consumo adapt\u00e1vel para saber quando este modo de poupan\u00e7a est\u00e1 em execu\u00e7\u00e3o. Ou, se preferir, pode simplesmente desativar a funcionalidade.<\/p>\n","protected":false},"excerpt":{"rendered":"Consumo adapt\u00e1vel \u00e9 uma nova funcionalidade do iOS 26 dispon\u00edvel no iPhone 15 Pro e modelos posteriores, que&hellip;\n","protected":false},"author":2,"featured_media":106478,"comment_status":"","ping_status":"","sticky":false,"template":"","format":"standard","meta":{"footnotes":""},"categories":[84],"tags":[109,107,108,6060,25509,32,33,105,103,104,106,110],"class_list":{"0":"post-106477","1":"post","2":"type-post","3":"status-publish","4":"format-standard","5":"has-post-thumbnail","7":"category-ciencia-e-tecnologia","8":"tag-ciencia","9":"tag-ciencia-e-tecnologia","10":"tag-cienciaetecnologia","11":"tag-ios-26","12":"tag-modo-de-consumo-adaptavel","13":"tag-portugal","14":"tag-pt","15":"tag-science","16":"tag-science-and-technology","17":"tag-scienceandtechnology","18":"tag-technology","19":"tag-tecnologia"},"share_on_mastodon":{"url":"","error":""},"_links":{"self":[{"href":"https:\/\/www.europesays.com\/pt\/wp-json\/wp\/v2\/posts\/106477","targetHints":{"allow":["GET"]}}],"collection":[{"href":"https:\/\/www.europesays.com\/pt\/wp-json\/wp\/v2\/posts"}],"about":[{"href":"https:\/\/www.europesays.com\/pt\/wp-json\/wp\/v2\/types\/post"}],"author":[{"embeddable":true,"href":"https:\/\/www.europesays.com\/pt\/wp-json\/wp\/v2\/users\/2"}],"replies":[{"embeddable":true,"href":"https:\/\/www.europesays.com\/pt\/wp-json\/wp\/v2\/comments?post=106477"}],"version-history":[{"count":0,"href":"https:\/\/www.europesays.com\/pt\/wp-json\/wp\/v2\/posts\/106477\/revisions"}],"wp:featuredmedia":[{"embeddable":true,"href":"https:\/\/www.europesays.com\/pt\/wp-json\/wp\/v2\/media\/106478"}],"wp:attachment":[{"href":"https:\/\/www.europesays.com\/pt\/wp-json\/wp\/v2\/media?parent=106477"}],"wp:term":[{"taxonomy":"category","embeddable":true,"href":"https:\/\/www.europesays.com\/pt\/wp-json\/wp\/v2\/categories?post=106477"},{"taxonomy":"post_tag","embeddable":true,"href":"https:\/\/www.europesays.com\/pt\/wp-json\/wp\/v2\/tags?post=106477"}],"curies":[{"name":"wp","href":"https:\/\/api.w.org\/{rel}","templated":true}]}}